{"id":1017,"date":"2008-11-14T07:06:51","date_gmt":"2008-11-14T07:06:51","guid":{"rendered":"https:\/\/www.deedeeparis.com\/wordpress\/1850-echarpe-vero-moda"},"modified":"2008-11-14T07:06:51","modified_gmt":"2008-11-14T07:06:51","slug":"echarpe-vero-moda","status":"publish","type":"post","link":"https:\/\/www.deedeeparis.com\/blog\/echarpe-vero-moda","title":{"rendered":"Une \u00e9charpe trois-en-un"},"content":{"rendered":"<p><img decoding=\"async\" src=\"\/blog\/images\/Fashion pas victime\/CIMG4204.jpg\" alt=\"\" \/><\/p>\n<p>Qui dit retour du froid dit retour des questions existentielles.<\/p>\n<ul>\n<li>Faut-il ou non assortir son bonnet \u00e0 son \u00e9charpe&nbsp;?<\/li>\n<li>Doit-on syst\u00e9matiquement adopter le trio infernal \u00e9charpe-gants-bonnet&nbsp;?<\/li>\n<li>Peut-on porter des gants en cuir avec un bonnet en laine&nbsp;?<\/li>\n<li>Le gris souris est-il mettable avec du taupe&nbsp;?<\/li>\n<\/ul>\n<p>On n&rsquo;a certes pas des vies faciles ici bas.<\/p>\n<p>Heureusement et pour mettre un terme \u00e0 ces questions \u00e0 haute teneur en turlupinage intense, Vero Moda \u00e0 pens\u00e9 \u00e0 nous. Voil\u00e0 donc une \u00e9charpe trois en un&#8230; Youpi&nbsp;!<\/p>\n<p><em>Echarpe \/ Gants \/ Capuche Vero Moda, 19&#8364;<\/em><\/p>\n","protected":false},"excerpt":{"rendered":"<p><img decoding=\"async\" src=\"\/blog\/images\/Fashion pas victime\/CIMG4204.jpg\" alt=\"\" \/><\/p>\n<p>Qui dit retour du froid dit retour des questions existentielles.<\/p>\n<ul>\n<li>Faut-il ou non assortir son bonnet \u00e0 son \u00e9charpe&nbsp;?<\/li>\n<li>Doit-on syst\u00e9matiquement adopter le trio infernal \u00e9charpe-gants-bonnet&nbsp;?<\/li>\n<li>Peut-on porter des gants en cuir avec un bonnet en laine&nbsp;?<\/li>\n<li>Le gris souris est-il mettable avec du taupe&nbsp;?<\/li>\n<\/ul>\n","protected":false},"author":2,"featured_media":0,"comment_status":"open","ping_status":"open","sticky":false,"template":"","format":"standard","meta":{"_acf_changed":false,"footnotes":""},"categories":[7],"tags":[823,1303,1304,1305,293,75,238,124,74,1306],"class_list":["post-1017","post","type-post","status-publish","format-standard","hentry","category-shopping","tag-accessoires","tag-bonnet","tag-echarpe","tag-echarpe-3-en-1","tag-fashion","tag-fashion-pas-victime","tag-gants","tag-hiver","tag-mode","tag-un-hiver-a-paris"],"acf":[],"geo":null,"_links":{"self":[{"href":"https:\/\/www.deedeeparis.com\/blog\/wp-json\/wp\/v2\/posts\/1017","targetHints":{"allow":["GET"]}}],"collection":[{"href":"https:\/\/www.deedeeparis.com\/blog\/wp-json\/wp\/v2\/posts"}],"about":[{"href":"https:\/\/www.deedeeparis.com\/blog\/wp-json\/wp\/v2\/types\/post"}],"author":[{"embeddable":true,"href":"https:\/\/www.deedeeparis.com\/blog\/wp-json\/wp\/v2\/users\/2"}],"replies":[{"embeddable":true,"href":"https:\/\/www.deedeeparis.com\/blog\/wp-json\/wp\/v2\/comments?post=1017"}],"version-history":[{"count":0,"href":"https:\/\/www.deedeeparis.com\/blog\/wp-json\/wp\/v2\/posts\/1017\/revisions"}],"wp:attachment":[{"href":"https:\/\/www.deedeeparis.com\/blog\/wp-json\/wp\/v2\/media?parent=1017"}],"wp:term":[{"taxonomy":"category","embeddable":true,"href":"https:\/\/www.deedeeparis.com\/blog\/wp-json\/wp\/v2\/categories?post=1017"},{"taxonomy":"post_tag","embeddable":true,"href":"https:\/\/www.deedeeparis.com\/blog\/wp-json\/wp\/v2\/tags?post=1017"}],"curies":[{"name":"wp","href":"https:\/\/api.w.org\/{rel}","templated":true}]}}