{"id":1059,"date":"2008-12-16T07:34:28","date_gmt":"2008-12-16T07:34:28","guid":{"rendered":"https:\/\/www.deedeeparis.com\/wordpress\/1811-interview-bernard-herodin"},"modified":"2008-12-16T07:34:28","modified_gmt":"2008-12-16T07:34:28","slug":"interview-bernard-herodin","status":"publish","type":"post","link":"https:\/\/www.deedeeparis.com\/blog\/interview-bernard-herodin","title":{"rendered":"Interview \u00e9colo avec Bernard Herodin"},"content":{"rendered":"<p>Une rencontre passionnante avec le directeur d&rsquo;Eco Emballages. L&rsquo;occasion de lui demander sans langue de bois si le tri s\u00e9lectif est vraiment effectif ou si on nous prend pour des jambons, comment une politique de recyclage se con\u00e7oit dans une optique de r\u00e9duction des co\u00fbts ET environnementale, comment les entreprises s&rsquo;impliquent petit \u00e0 petit dans un cycle de recyclage&#8230;  <\/p>\n<p> Le tout dans la sublime <a href=\"https:\/\/www.deedeeparis.com\/blog\/index.php?2008\/11\/06\/1008-une-galerie-vegetale\">Galerie V\u00e9g\u00e9tale<\/a>, d\u00e9couverte \u00e0 cette occasion. <\/p>\n<p><div><object width=\"480\" height=\"381\"><param name=\"movie\" value=\"http:\/\/www.dailymotion.com\/swf\/k2Ucj3MyP3LlG0Rcb8&#038;related=0\"><\/param><param name=\"allowFullScreen\" value=\"true\"><\/param><param name=\"allowScriptAccess\" value=\"always\"><\/param><embed src=\"http:\/\/www.dailymotion.com\/swf\/k2Ucj3MyP3LlG0Rcb8&#038;related=0\" type=\"application\/x-shockwave-flash\" width=\"480\" height=\"381\" allowFullScreen=\"true\" allowScriptAccess=\"always\"><\/embed><\/object><br \/><b><a href=\"http:\/\/www.dailymotion.com\/video\/x7jqka_les-coups-de-cur-garnier-rencontre_news\">Les coups de c\u0153ur Garnier rencontre avec Bernard Herodin<\/a><\/b><br \/><i>envoy\u00e9 par <a href=\"http:\/\/www.dailymotion.com\/deedeeparis\">deedeeparis<\/a><\/i><\/div>\n","protected":false},"excerpt":{"rendered":"<p>Une rencontre passionnante avec le directeur d&rsquo;Eco Emballages. L&rsquo;occasion de lui demander sans langue de bois si le tri s\u00e9lectif est vraiment effectif ou si on nous prend pour des jambons, comment une politique de recyclage se con\u00e7oit dans une optique de r\u00e9duction des co\u00fbts ET environnementale, comment les entreprises s&rsquo;impliquent petit \u00e0 petit dans [&hellip;]<\/p>\n","protected":false},"author":2,"featured_media":0,"comment_status":"open","ping_status":"open","sticky":false,"template":"","format":"standard","meta":{"_acf_changed":false,"footnotes":""},"categories":[19],"tags":[1419,47,640,1420,1421,359,1418,1315,1316,1313,1314],"class_list":["post-1059","post","type-post","status-publish","format-standard","hentry","category-videos-deedeecast","tag-bernard-herodin","tag-deedeecast","tag-developpement-durable","tag-eco-emballages","tag-ecologie","tag-garnier","tag-interview-bernard-herodin","tag-interview-ppda","tag-interview-zazie","tag-podcast-video","tag-videos-garnier"],"acf":[],"geo":null,"_links":{"self":[{"href":"https:\/\/www.deedeeparis.com\/blog\/wp-json\/wp\/v2\/posts\/1059","targetHints":{"allow":["GET"]}}],"collection":[{"href":"https:\/\/www.deedeeparis.com\/blog\/wp-json\/wp\/v2\/posts"}],"about":[{"href":"https:\/\/www.deedeeparis.com\/blog\/wp-json\/wp\/v2\/types\/post"}],"author":[{"embeddable":true,"href":"https:\/\/www.deedeeparis.com\/blog\/wp-json\/wp\/v2\/users\/2"}],"replies":[{"embeddable":true,"href":"https:\/\/www.deedeeparis.com\/blog\/wp-json\/wp\/v2\/comments?post=1059"}],"version-history":[{"count":0,"href":"https:\/\/www.deedeeparis.com\/blog\/wp-json\/wp\/v2\/posts\/1059\/revisions"}],"wp:attachment":[{"href":"https:\/\/www.deedeeparis.com\/blog\/wp-json\/wp\/v2\/media?parent=1059"}],"wp:term":[{"taxonomy":"category","embeddable":true,"href":"https:\/\/www.deedeeparis.com\/blog\/wp-json\/wp\/v2\/categories?post=1059"},{"taxonomy":"post_tag","embeddable":true,"href":"https:\/\/www.deedeeparis.com\/blog\/wp-json\/wp\/v2\/tags?post=1059"}],"curies":[{"name":"wp","href":"https:\/\/api.w.org\/{rel}","templated":true}]}}