{"id":1087,"date":"2009-01-20T07:58:38","date_gmt":"2009-01-20T07:58:38","guid":{"rendered":"https:\/\/www.deedeeparis.com\/wordpress\/1787-l-open-space-m-a-tuer"},"modified":"2009-01-20T07:58:38","modified_gmt":"2009-01-20T07:58:38","slug":"l-open-space-m-a-tuer","status":"publish","type":"post","link":"https:\/\/www.deedeeparis.com\/blog\/l-open-space-m-a-tuer","title":{"rendered":"L&rsquo;open space m&rsquo;a tuer d&rsquo;Alexandre des Isnards et Thomas Zuber"},"content":{"rendered":"<p><img decoding=\"async\" src=\"http:\/\/multimedia.fnac.com\/multimedia\/images_produits\/Grandes110\/9\/8\/0\/9782012374089.gif\" alt=\"\" style=\"float:left; margin: 0 1em 1em 0;\" \/> Je vous rassure, c&rsquo;est bel et bien d&rsquo;un livre dont je veux vous parler, pour ceux qui n&rsquo;en auraient pas encore entendu parler&nbsp;! Parce que l&rsquo;<a href=\"https:\/\/www.deedeeparis.com\/blog\/index.php?2007\/10\/31\/522-rendez-moi-mon-open-space\">open space<\/a>, j&rsquo;aime bien moi, en ce qui me concerne. Mais je ne travaille ni dans la communication, ni dans le conseil, en m\u00eame temps.<\/p>\n<p><em>L&rsquo;open space m&rsquo;a tuer<\/em> est une parodie du monde moderne du travail, du moins celui des agences de pub et du merveilleux monde des agences de conseil, donc. Avec ce constat, et non des moindres&nbsp;: ces secteurs, que l&rsquo;ont croit privil\u00e9gi\u00e9s au-del\u00e0 de toute description ne le sont pas tant que \u00e7a. Voire, pas du tout.<\/p>\n<p>A l&rsquo;origine de ce livre, des \u00e9changes entre les auteurs, Alexandre des Isnards et Thomas Zuber. Lesquels d\u00e9versaient sur leur page Myspace toute l&rsquo;amertume relative \u00e0 leur vie de bureau. Bient\u00f4t, les amis qui les lisent s&#8217;y reconnaissent et y vont \u00e0 leur tour de leurs anecdotes. Tant et si bien que les t\u00e9moignages finissent par crouler, donnant ainsi envie aux deux anciens cadres d&#8217;en faire un recueil.<\/p>\n<p><img decoding=\"async\" src=\"\/blog\/images\/Admin\/monavis-BON.bmp\" alt=\"\" \/><\/p>\n<p>On rit beaucoup, avec l<em>&lsquo;Open Space m&rsquo;a tuer.<\/em> Jaune, le plus souvent. Car nul ne peut s&#8217;emp\u00eacher de trouver un \u00e9cho \u00e0 sa propre exp\u00e9rience, \u00e0 celle de cette amie qu&rsquo;on ne voit plus parce qu&rsquo;elle est \u00ab\u00a0overbook\u00e9e\u00a0\u00bb, \u00e0 telle autre qui vis sa vie entre Lyon et Paris depuis d\u00e9j\u00e0 quatre mois et \u00e0 qui l&rsquo;ont fait miroiter un retour sur Paris depuis des semaines.<\/p>\n<p>En un mot comme en cent, on pourrait dire que ce livre est d&rsquo;utilit\u00e9 publique, qui ose enfin mettre un coup de pied dans la fourmili\u00e8re.<\/p>\n<p><strong>Ce que dit la 4\u00e8me de couv&rsquo; :<\/strong> <em>Ils sont jeunes, sortent des meilleures \u00e9coles et universit\u00e9s, gagnent bien leur vie, ont des postes \u00e0 responsabilit\u00e9s dans des entreprises prestigieuses&#8230; et pourtant les jeunes cadres sont au bord de l&#8217;explosion. Alexandre des Isnards et Thomas Zuber font plus que raconter leurs propres exp\u00e9riences&nbsp;: ils se font les portes parole de toute une g\u00e9n\u00e9ration&#8230; qui s&#8217;est confi\u00e9e \u00e0 eux. Au d\u00e9but ce n&#8217;\u00e9tait qu&#8217;un jeu&nbsp;: Thomas et Alexandre postent par mail des textes parfois amers mais toujours dr\u00f4les sur leur vie de bureau. Leurs chroniques circulent, leurs amis s&#8217;y reconnaissent, envoient leurs propres anecdotes. Au final, des dizaines de t\u00e9moignages s&#8217;accumulent, et surtout se recoupent.<\/em><\/p>\n<p><em>Le livre met en sc\u00e8ne ces tranches de vie en racontant, par le menu, le quotidien pas toujours glorieux des jeunes cadres des ann\u00e9es 2000. Fini le jeune ambitieux des ann\u00e9es 1980. Le trentenaire d&#8217;aujourd&#8217;hui prend ses RTT, ses cong\u00e9s, et pense que la vraie vie est ailleurs. R\u00e9ussir sa vie et sa carri\u00e8re semblent devenus deux objectifs antinomiques. Les nouvelles m\u00e9thodes de management (individualisation des salaires, \u00e9valuation \u00e0 360\u00b0, feedbacks et autres travaux en mode projet) sont peut-\u00eatre all\u00e9chantes sur le papier, mais carbonisent vite les jeunes recrues qui, pass\u00e9e l&#8217;ivresse des premiers mois s&#8217;\u00e9loignent de l&#8217;entreprise. Malaises vagaux sur le lieu de travail, d\u00e9pendance m\u00e9dicamenteuse, d\u00e9pression, d\u00e9part du jour au lendemain de jeunes bard\u00e9s de dipl\u00f4mes pour une ONG humanitaire&nbsp;: les jeunes cadres dynamitent. Jusqu&#8217;\u00e0 pr\u00e9sent, ils continuaient \u00e0 faire bonne figure. Avec ce livre, ils d\u00e9cident enfin d&#8217;\u00f4ter le masque.<\/em><\/p>\n<p><strong>A consulter :<\/strong> l&rsquo;excellent <a href=\"http:\/\/www.lopenspacematuer.com\/\">site du livre<\/a>, o\u00f9 vous pourrez participer \u00e0 cette joyeuse mascarade en postant vous aussi vos expressions les plus impactantes, en racontant votre quotidien, etc. etc.<\/p>\n","protected":false},"excerpt":{"rendered":"<p><img decoding=\"async\" src=\"http:\/\/multimedia.fnac.com\/multimedia\/images_produits\/Grandes110\/9\/8\/0\/9782012374089.gif\" alt=\"\" style=\"float:left; margin: 0 1em 1em 0;\" \/> Je vous rassure, c&rsquo;est bel et bien d&rsquo;un livre dont je veux vous parler, pour ceux qui n&rsquo;en auraient pas encore entendu parler&nbsp;! Parce que l&rsquo;<a href=\"https:\/\/www.deedeeparis.com\/blog\/index.php?2007\/10\/31\/522-rendez-moi-mon-open-space\">open space<\/a>, j&rsquo;aime bien moi, en ce qui me concerne. Mais je ne travaille ni dans la communication, ni dans le conseil, en m\u00eame temps.<\/p>\n<p><em>L&rsquo;open space m&rsquo;a tuer<\/em> est une parodie du monde moderne du travail, du moins celui des agences de pub et du merveilleux monde des agences de conseil, donc. Avec ce constat, et non des moindres&nbsp;: ces secteurs, que l&rsquo;ont croit privil\u00e9gi\u00e9s au-del\u00e0 de toute description ne le sont pas tant que \u00e7a. Voire, pas du tout.<\/p>\n<p>A l&rsquo;origine de ce livre, des \u00e9changes entre les auteurs, Alexandre des Isnards et Thomas Zuber. Lesquels d\u00e9versaient sur leur page Myspace toute l&rsquo;amertume relative \u00e0 leur vie de bureau. Bient\u00f4t, les amis qui les lisent s&#8217;y reconnaissent et y vont \u00e0 leur tour de leurs anecdotes. Tant et si bien que les t\u00e9moignages finissent par crouler, donnant ainsi envie aux deux anciens cadres d&#8217;en faire un recueil.<\/p>\n<p><img decoding=\"async\" src=\"\/blog\/images\/Admin\/monavis-BON.bmp\" alt=\"\" \/><\/p>\n","protected":false},"author":2,"featured_media":19454,"comment_status":"open","ping_status":"open","sticky":false,"template":"","format":"standard","meta":{"_acf_changed":false,"footnotes":""},"categories":[5],"tags":[1514,1512,1461,1513,1447],"class_list":["post-1087","post","type-post","status-publish","format-standard","has-post-thumbnail","hentry","category-culture-confiture","tag-actualite-livres","tag-lopen-space-ma-tuer-dalexandre-des-isnards-et-thomas-zuber","tag-livres-a-lire","tag-pal","tag-pistes-de-lecture"],"acf":[],"geo":null,"_links":{"self":[{"href":"https:\/\/www.deedeeparis.com\/blog\/wp-json\/wp\/v2\/posts\/1087","targetHints":{"allow":["GET"]}}],"collection":[{"href":"https:\/\/www.deedeeparis.com\/blog\/wp-json\/wp\/v2\/posts"}],"about":[{"href":"https:\/\/www.deedeeparis.com\/blog\/wp-json\/wp\/v2\/types\/post"}],"author":[{"embeddable":true,"href":"https:\/\/www.deedeeparis.com\/blog\/wp-json\/wp\/v2\/users\/2"}],"replies":[{"embeddable":true,"href":"https:\/\/www.deedeeparis.com\/blog\/wp-json\/wp\/v2\/comments?post=1087"}],"version-history":[{"count":0,"href":"https:\/\/www.deedeeparis.com\/blog\/wp-json\/wp\/v2\/posts\/1087\/revisions"}],"wp:featuredmedia":[{"embeddable":true,"href":"https:\/\/www.deedeeparis.com\/blog\/wp-json\/wp\/v2\/media\/19454"}],"wp:attachment":[{"href":"https:\/\/www.deedeeparis.com\/blog\/wp-json\/wp\/v2\/media?parent=1087"}],"wp:term":[{"taxonomy":"category","embeddable":true,"href":"https:\/\/www.deedeeparis.com\/blog\/wp-json\/wp\/v2\/categories?post=1087"},{"taxonomy":"post_tag","embeddable":true,"href":"https:\/\/www.deedeeparis.com\/blog\/wp-json\/wp\/v2\/tags?post=1087"}],"curies":[{"name":"wp","href":"https:\/\/api.w.org\/{rel}","templated":true}]}}