{"id":1126817,"date":"2022-01-05T07:03:40","date_gmt":"2022-01-05T06:03:40","guid":{"rendered":"https:\/\/www.deedeeparis.com\/blog\/?p=1126817"},"modified":"2022-01-05T09:41:54","modified_gmt":"2022-01-05T08:41:54","slug":"mon-bilan-mode-2021","status":"publish","type":"post","link":"https:\/\/www.deedeeparis.com\/blog\/mon-bilan-mode-2021","title":{"rendered":"Mon bilan mode 2021"},"content":{"rendered":"<p><a href=\"https:\/\/www.deedeeparis.com\/blog\/wp-content\/uploads\/2022\/01\/bilan-mode-2021-scaled.jpg\"><img loading=\"lazy\" decoding=\"async\" class=\"aligncenter size-full wp-image-1198532\" src=\"https:\/\/www.deedeeparis.com\/blog\/wp-content\/uploads\/2022\/01\/bilan-mode-2021-scaled.jpg\" alt=\"\" width=\"2560\" height=\"1707\" srcset=\"https:\/\/www.deedeeparis.com\/blog\/wp-content\/uploads\/2022\/01\/bilan-mode-2021-scaled.jpg 2560w, https:\/\/www.deedeeparis.com\/blog\/wp-content\/uploads\/2022\/01\/bilan-mode-2021-768x512.jpg 768w, https:\/\/www.deedeeparis.com\/blog\/wp-content\/uploads\/2022\/01\/bilan-mode-2021-1536x1024.jpg 1536w\" sizes=\"auto, (max-width: 2560px) 100vw, 2560px\" \/><\/a><\/p>\n<p style=\"text-align: center;\"><em>\u00a9Photo <\/em><em><a href=\"https:\/\/www.instagram.com\/clarafotomania\/\" target=\"_blank\" rel=\"noopener\">Clara Ferrand<\/a><\/em><\/p>\n<p>L&rsquo;ann\u00e9e derni\u00e8re, je me d\u00e9lectais du bilan mode de <a href=\"https:\/\/www.tokyobanhbao.com\/2021\/01\/21\/mon-bilan-mode-2020\/\" target=\"_blank\" rel=\"noopener\">Tokyo Banh Bao<\/a> tout en \u00e9tant assez admirative : <strong>seulement 8 nouvelles pi\u00e8ces avaient rejoint son dressing.<\/strong>.. j&rsquo;en fut toute esbaudie ! C&rsquo;est elle qui m&rsquo;a donn\u00e9 envie de dresser mon propre bilan, id\u00e9e aussi s\u00e9duisante que flippante et peut-\u00eatre, aussi, indispensable, pour confronter mes id\u00e9es \u00e0 la r\u00e9alit\u00e9&#8230;<\/p>\n<p><strong>C&rsquo;est donc d&rsquo;un pas ferme et d\u00e9cid\u00e9 que je me lance dans ce bilan de mes acquisitions en mati\u00e8re de v\u00eatements et d&rsquo;accessoires sur une ann\u00e9e !\u00a0<\/strong><\/p>\n<h2 class=\"stabylo\">Moins mais mieux ?<\/h2>\n<p><img loading=\"lazy\" decoding=\"async\" class=\"aligncenter\" src=\"https:\/\/www.deedeeparis.com\/blog\/wp-content\/uploads\/2021\/05\/JUPE-FLEURS-3-683x1024.jpg\" width=\"640\" height=\"960\" \/><\/p>\n<p style=\"text-align: center;\"><em>\u00a9Photos\u00a0<\/em><em><a href=\"https:\/\/www.instagram.com\/clarafotomania\/\" target=\"_blank\" rel=\"noopener\">Clara Ferrand<\/a><\/em><em> &#8211; <\/em><a href=\"https:\/\/www.deedeeparis.com\/blog\/6-facons-de-porter-la-jupe-a-fleurs-a-la-mi-saison\"><em>Source pi\u00e8ces sur la photo<\/em><\/a><\/p>\n<p>En 2020, je n&rsquo;ai quasiment rien achet\u00e9 en dehors de quelques fringues de grossesse, en plus de celles que mes amies et belle-soeur m&rsquo;avaient pr\u00eat\u00e9es. \u00c7a plus le confinement, \u00e9videmment, \u00e7a freine quelques peu les vell\u00e9it\u00e9s de faire flamber la CB pour des fringues, tout \u00e7a pour rester chez soi !<\/p>\n<p><strong>En 2021, j&rsquo;aurais voulu acheter moins..<\/strong> mais je trouve que j&rsquo;ai quand m\u00eame accueilli moult nouvelles fringues dans mes placards. Je me rassure en me disant que j&rsquo;essaye :<\/p>\n<blockquote><p><strong> 1\/ d&rsquo;acheter mieux :<\/strong> je m\u00fbris davantage mes achats, je ne fonce plus que tr\u00e8s rarement t\u00eate baiss\u00e9e sur un achat coup de coeur, je lis mieux les \u00e9tiquettes, je n&rsquo;h\u00e9site plus \u00e0 reposer une fringue lorsque je vois qu&rsquo;elle est 100% synth\u00e9tique, ou <em>made in<\/em> tr\u00e8s loin et pas tr\u00e8s <em>clean.\u00a0<\/em>J&rsquo;ai le r\u00e9flexe de me tourner vers la seconde main pour chercher un article avant de l&rsquo;acheter \u00e9ventuellement neuf, ce qui n&rsquo;\u00e9tait pas forc\u00e9ment le cas il y a encore peu de temps.<\/p>\n<p><strong>2\/ d&rsquo;appliquer le \u00ab\u00a0un qui rentre, un qui sort\u00a0\u00bb :<\/strong> je donne et vends \u00e9norm\u00e9ment d&rsquo;affaires sur <a href=\"https:\/\/www.vinted.fr\/member\/16870348-deedeeparis\" target=\"_blank\" rel=\"noopener\">Vinted<\/a> ou \u00e0 la Frange \u00e0 l&rsquo;envers, un d\u00e9p\u00f4t vente dans le 11e. J&rsquo;essaye autant que faire se peut de fonctionner en circuit ferm\u00e9 : le fruit de mes ventes finance mes achats, du moins&#8230; en th\u00e9orie&#8230; La seconde main a certes la cote mais en terme de prix de vente, on est tr\u00e8s loin du prix du neuf, m\u00eame remis\u00e9 ! Reste que \u00e7a me permet de g\u00e9rer l&rsquo;encombrement global des placards, lesquels ne sont pas extensibles comme chacun sait.<\/p><\/blockquote>\n<h2 class=\"stabylo\">Mon bilan mode 2021<\/h2>\n<p><img loading=\"lazy\" decoding=\"async\" class=\"aligncenter\" src=\"https:\/\/www.deedeeparis.com\/blog\/wp-content\/uploads\/2021\/03\/Jean-Blanc-manteau-marine-1-scaled.jpg\" width=\"640\" height=\"960\" \/><\/p>\n<p style=\"text-align: center;\"><em>\u00a9Photos\u00a0<\/em><em><a href=\"https:\/\/www.instagram.com\/clarafotomania\/\" target=\"_blank\" rel=\"noopener\">Clara Ferrand<\/a><\/em><em> &#8211; <\/em><a href=\"https:\/\/www.deedeeparis.com\/blog\/3-facons-de-porter-un-jean-blanc-en-hiver\" target=\"_blank\" rel=\"noopener\"><em>Source pi\u00e8ces sur la photo<\/em><\/a><\/p>\n<p>Impossible de dresser ici une liste exhaustive qui serait imbitable : j&rsquo;ai fait l&rsquo;exercice de mon c\u00f4t\u00e9 et croyez-moi, \u00e7a m&rsquo;a pris un temps de dingue pour un r\u00e9sultat assez chiant. Je tente donc la synth\u00e8se.\u00a0Vous \u00eates pr\u00eats ? En 2021, voici l&rsquo;int\u00e9gralit\u00e9 de ce qui a rejoint mes placards :<\/p>\n<h4>38 v\u00eatements :<\/h4>\n<ul>\n<li>34 v\u00eatements neufs dont 15 offerts<\/li>\n<li>4 v\u00eatements en seconde main<\/li>\n<\/ul>\n<h4>19 accessoires :<\/h4>\n<ul>\n<li>17 accessoires neufs dont 11 offerts<\/li>\n<li>2 accessoires en seconde main<\/li>\n<\/ul>\n<p>Pour parfaire le bilan, il faudrait que je comptabilise aussi <strong>les v\u00eatements que j&rsquo;ai vendus ou donn\u00e9s<\/strong>. A vue de nez, je pense une bonne centaine mais ils ne sont pas tous issus de 2021, \u00e9videmment&#8230;! (Et apr\u00e8s mon mec me dit que je ne trie pas&#8230;) (ok, \u00e7a sa d\u00e9charge, j&rsquo;ai tendance \u00e0 stocker. De moins en moins, certes, mais j&rsquo;ai du mal \u00e0 me d\u00e9partir des habits que j&rsquo;ai ch\u00e9ris..!).<\/p>\n<p>On est donc bien sur un ratio<strong> plus d&rsquo;affaires qui ne sortent vs qui ne rentrent.<\/strong>.. Mais c&rsquo;est beaucoup trop et surtout beaucoup plus que ce que je m&rsquo;\u00e9tais imagin\u00e9&#8230;!<\/p>\n<h3>Les v\u00eatements neufs<\/h3>\n<p>38, c&rsquo;est colossal. Mais pour pond\u00e9rer ce chiffre, au total, <strong>15 m&rsquo;ont \u00e9t\u00e9 offerts.<\/strong> \u00c7a peut para\u00eetre \u00e9norme l\u00e0 encore, mais c&rsquo;est en partie mon m\u00e9tier de soutenir la cr\u00e9ation et de mettre en avant des marques qui ont besoin de visibilit\u00e9. Et s&rsquo;il faut le rappeler, je ne paye pas mon loyer et <em>tutti quanti<\/em> en fringues \ud83d\ude09 Voire m\u00eame, mettre en avant un v\u00eatement d&rsquo;un cr\u00e9ateur me co\u00fbte de l&rsquo;argent car si je ne le paye pas, je r\u00e9mun\u00e8re un photographe et m&rsquo;acquitte de la TVA pour cette charge. Je suis \u00e9galement libre de refuser les propositions qui me sont faites, ce que je fais plus que l&rsquo;inverse.<\/p>\n<h3>Les v\u00eatements en seconde main<\/h3>\n<p><strong>4 achats en seconde main seulement cette ann\u00e9e<\/strong>. En retra\u00e7ant mes achats, je me rends compte que c&rsquo;est surtout pour le mignon que j&rsquo;ai achet\u00e9 en seconde main cette ann\u00e9e m\u00eame si j&rsquo;ai fait l&rsquo;une de mes plus belles prises&#8230; j&rsquo;y reviens !<\/p>\n<h3>Les accessoires<\/h3>\n<p>Ma plus belle prise en seconde main ? Une paire de K Jacques neuves que je convoitais et rechignais \u00e0 acheter plein pot. Bingo, je les ai trouv\u00e9es sur Vinted, certes 30 euros \u00ab\u00a0seulement\u00a0\u00bb moins cher mais c&rsquo;est toujours \u00e7a de pris !<\/p>\n<p>Neuf ou d&rsquo;occasion, j&rsquo;ai surtout acquis des chaussures&#8230; pour changer. Il faudrait d&rsquo;ailleurs que je me lance dans un nouveau tri pour faire un peu de place ici&#8230; Mais c&rsquo;est une autre histoire !<\/p>\n<h2 class=\"stabylo\">Des achats mode saisonniers<\/h2>\n<p>Pour parfaire l&rsquo;exercice,<strong> j&rsquo;ai essay\u00e9 de r\u00e9partir le tout par saison<\/strong>, ce qui me permet de me rendre compte, sans surprise, que je suis tr\u00e8s (trop !) sensible aux changements climatiques. La faute en partie au manque d&rsquo;optimisation de mon dressing (je \u00ab\u00a0bourre\u00a0\u00bb les \u00e9tag\u00e8res, je trie les affaires par grands temps forts climatiques, printemps \/ \u00e9t\u00e9 vs automne \/ hiver) et c&rsquo;est une tann\u00e9e d&rsquo;aller les r\u00e9cup\u00e9rer dans les housses Compactor que j&rsquo;utilise et qui sont entrepos\u00e9es touuuuut au fond du placard de l&rsquo;entr\u00e9e, sous l&rsquo;int\u00e9gralit\u00e9 des valises, sacs de voyage mais aussi casques de scooter et j&rsquo;en passe&#8230; P\u00e9tage de plomb \u00e0 chaque fois qu&rsquo;il faut y acc\u00e9der&#8230;!<\/p>\n<p>Tout \u00e7a pour dire que sans forc\u00e9ment avoir un vrai dressing,<strong> je r\u00eave que mes affaires soient accessibles,<\/strong> visuellement d&rsquo;abord, pour voir ce que j&rsquo;ai plut\u00f4t que d&rsquo;aller racheter une pi\u00e8ce trop similaire&#8230;.<\/p>\n<h3>Mon bilan mode par saison<\/h3>\n<p><strong>Printemps \/ \u00e9t\u00e9 :<\/strong> 23 pi\u00e8ces (v\u00eatements et accessoires confondus)<\/p>\n<p><strong>Automne \/ hiver :<\/strong> 34 pi\u00e8ces (id)<\/p>\n<h2 class=\"stabylo\">Bonne pioche : top 5 des achats \u00ab\u00a0valid\u00e9s\u00a0\u00bb !<\/h2>\n<p>Difficile de ne choisir que 5 pi\u00e8ces sur l&rsquo;int\u00e9gralit\u00e9 de celles qui ont rejoint mes placards, mais vu le pav\u00e9 que vous avez d\u00e9j\u00e0 ci-dessus, vous allez me remercier je crois !<\/p>\n<h3>Ma peau lain\u00e9e vintage<\/h3>\n<p><a href=\"https:\/\/www.deedeeparis.com\/blog\/wp-content\/uploads\/2021\/03\/Jean-Blanc-Moumoute-2-scaled.jpg\"><img loading=\"lazy\" decoding=\"async\" class=\"aligncenter wp-image-69718 size-large\" src=\"https:\/\/www.deedeeparis.com\/blog\/wp-content\/uploads\/2021\/03\/Jean-Blanc-Moumoute-2-683x1024.jpg\" alt=\"\" width=\"640\" height=\"960\" srcset=\"https:\/\/www.deedeeparis.com\/blog\/wp-content\/uploads\/2021\/03\/Jean-Blanc-Moumoute-2-683x1024.jpg 683w, https:\/\/www.deedeeparis.com\/blog\/wp-content\/uploads\/2021\/03\/Jean-Blanc-Moumoute-2-768x1152.jpg 768w, https:\/\/www.deedeeparis.com\/blog\/wp-content\/uploads\/2021\/03\/Jean-Blanc-Moumoute-2-1024x1536.jpg 1024w, https:\/\/www.deedeeparis.com\/blog\/wp-content\/uploads\/2021\/03\/Jean-Blanc-Moumoute-2-1366x2048.jpg 1366w, https:\/\/www.deedeeparis.com\/blog\/wp-content\/uploads\/2021\/03\/Jean-Blanc-Moumoute-2-600x900.jpg 600w, https:\/\/www.deedeeparis.com\/blog\/wp-content\/uploads\/2021\/03\/Jean-Blanc-Moumoute-2-scaled.jpg 1707w\" sizes=\"auto, (max-width: 640px) 100vw, 640px\" \/><\/a><\/p>\n<p style=\"text-align: center;\"><em>\u00a9Photo<\/em><em>\u00a0<a href=\"https:\/\/www.instagram.com\/clarafotomania\/\" target=\"_blank\" rel=\"noopener\">Clara Ferrand<\/a>\u00a0<\/em><\/p>\n<p><em><strong>Date d\u2019acquisition<\/strong><\/em> : janvier 2021 (Seconde main)<\/p>\n<p><em><strong>Raisons de l\u2019achat<\/strong>\u00a0<\/em>: je r\u00eavais d&rsquo;une belle peau lain\u00e9e. Neuves, elles sont inabordables&#8230;! Gr\u00e2ce \u00e0 mon Nizzagirl, j&rsquo;ai trouv\u00e9 celle-ci \u00e0 160 euros sur Vinted. Certes pas la moins ch\u00e8re mais la qualit\u00e9 est telle que je ne le regrette pas une seconde ! Meilleure prise depuis le <a href=\"https:\/\/www.deedeeparis.com\/blog\/le-trench-burberry-vintage\" target=\"_blank\" rel=\"noopener\">trench Burberry vintage<\/a> d\u00e9nich\u00e9 au m\u00eame endroit.<\/p>\n<p><em><strong>Mon utilisation<\/strong><\/em>\u00a0: je l&rsquo;ai \u00e9norm\u00e9ment port\u00e9e et la porte encore \u00e9norm\u00e9ment, c&rsquo;est MON manteau incontournable de l&rsquo;hiver. Je l&rsquo;aime d&rsquo;amour !<\/p>\n<h3>Ma veste jacquard Paling\u00e9n\u00e9sie<\/h3>\n<p><a href=\"https:\/\/www.deedeeparis.com\/blog\/wp-content\/uploads\/2022\/01\/veste-palingenesie-scaled.jpg\"><img loading=\"lazy\" decoding=\"async\" class=\"aligncenter size-large wp-image-1197583\" src=\"https:\/\/www.deedeeparis.com\/blog\/wp-content\/uploads\/2022\/01\/veste-palingenesie-683x1024.jpg\" alt=\"\" width=\"640\" height=\"960\" srcset=\"https:\/\/www.deedeeparis.com\/blog\/wp-content\/uploads\/2022\/01\/veste-palingenesie-683x1024.jpg 683w, https:\/\/www.deedeeparis.com\/blog\/wp-content\/uploads\/2022\/01\/veste-palingenesie-768x1152.jpg 768w, https:\/\/www.deedeeparis.com\/blog\/wp-content\/uploads\/2022\/01\/veste-palingenesie-1024x1536.jpg 1024w, https:\/\/www.deedeeparis.com\/blog\/wp-content\/uploads\/2022\/01\/veste-palingenesie-1365x2048.jpg 1365w, https:\/\/www.deedeeparis.com\/blog\/wp-content\/uploads\/2022\/01\/veste-palingenesie-600x900.jpg 600w, https:\/\/www.deedeeparis.com\/blog\/wp-content\/uploads\/2022\/01\/veste-palingenesie-scaled.jpg 1707w\" sizes=\"auto, (max-width: 640px) 100vw, 640px\" \/><\/a><\/p>\n<p><em><strong>Date d\u2019acquisition<\/strong><\/em> : d\u00e9cembre 2021 (offerte)<\/p>\n<p><em><strong>Raisons de l\u2019achat<\/strong>\u00a0<\/em>: j&rsquo;ai connu <a href=\"https:\/\/www.palingenesie.fr\/\">Paling\u00e9n\u00e9sie<\/a> gr\u00e2ce \u00e0 un post IG de Sophie Fontanel cet \u00e9t\u00e9. En me connectant sur le site, j&rsquo;ai tout de suite \u00e9t\u00e9 s\u00e9duite par l&rsquo;univers de cette cr\u00e9atrice qui cr\u00e9\u00e9 et fait fabriquer ses pi\u00e8ces en France, dans de jolis tissus pour la plupart upcycl\u00e9s et en production limit\u00e9e. J&rsquo;ai achet\u00e9 <a href=\"https:\/\/www.instagram.com\/p\/CS122-IKKXS\/\">un short<\/a> qui rejoindra je pense mes pi\u00e8ces f\u00e9tiches pour plusieurs ann\u00e9es (je l&rsquo;ai port\u00e9 un jour sur deux cet \u00e9t\u00e9). Cet hiver, lorsque Pauline m&rsquo;a contact\u00e9e pour me proposer de choisir une pi\u00e8ce en \u00e9change de visibilit\u00e9, j&rsquo;ai \u00e9t\u00e9 ravie qu&rsquo;elle pense \u00e0 moi et qu&rsquo;elle me fasse confiance, et j&rsquo;ai choisi cette veste confectionn\u00e9e dans un tissu brocart upcycl\u00e9 r\u00e9cup\u00e9r\u00e9 d&rsquo;une grande maison de couture. Je ne la quitte plus !<\/p>\n<p><em><strong>Mon utilisation<\/strong><\/em>\u00a0: je la porte beaucoup, sur un jean tout simple, un pantalon \u00ab\u00a0ska\u00ef\u00a0\u00bb comme sur la photo, avec un col roul\u00e9 blanc ou un top col danseuse noir, avec ou sans la ceinture bref, je me sens tellement bien dedans !<\/p>\n<h3>Mon pull Bellerose<\/h3>\n<p><a href=\"https:\/\/www.deedeeparis.com\/blog\/wp-content\/uploads\/2022\/01\/Deedee-Pulls-bellerose-scaled.jpg\"><img loading=\"lazy\" decoding=\"async\" class=\"aligncenter size-large wp-image-1197721\" src=\"https:\/\/www.deedeeparis.com\/blog\/wp-content\/uploads\/2022\/01\/Deedee-Pulls-bellerose-683x1024.jpg\" alt=\"\" width=\"640\" height=\"960\" srcset=\"https:\/\/www.deedeeparis.com\/blog\/wp-content\/uploads\/2022\/01\/Deedee-Pulls-bellerose-683x1024.jpg 683w, https:\/\/www.deedeeparis.com\/blog\/wp-content\/uploads\/2022\/01\/Deedee-Pulls-bellerose-768x1152.jpg 768w, https:\/\/www.deedeeparis.com\/blog\/wp-content\/uploads\/2022\/01\/Deedee-Pulls-bellerose-1024x1536.jpg 1024w, https:\/\/www.deedeeparis.com\/blog\/wp-content\/uploads\/2022\/01\/Deedee-Pulls-bellerose-1365x2048.jpg 1365w, https:\/\/www.deedeeparis.com\/blog\/wp-content\/uploads\/2022\/01\/Deedee-Pulls-bellerose-600x900.jpg 600w, https:\/\/www.deedeeparis.com\/blog\/wp-content\/uploads\/2022\/01\/Deedee-Pulls-bellerose-scaled.jpg 1707w\" sizes=\"auto, (max-width: 640px) 100vw, 640px\" \/><\/a><\/p>\n<p style=\"text-align: center;\"><em>Photo \u00a9<a href=\"https:\/\/www.instagram.com\/yleniacuellar\/\" target=\"_blank\" rel=\"noopener\">Ylenia Cuellar<\/a><\/em><\/p>\n<p><em><strong>Date d\u2019acquisition<\/strong><\/em> : novembre 2021<\/p>\n<p><em><strong>Raisons de l\u2019achat<\/strong>\u00a0<\/em>: l&rsquo;hiver encore plus que l&rsquo;\u00e9t\u00e9, je fonctionne beaucoup au style simple et pas prise de t\u00eate : un jean bien coup\u00e9, un beau pull et roule ma poule ! J&rsquo;ai donc d\u00e9velopp\u00e9 une l\u00e9g\u00e8re addiction aux jolis pulls, je le reconnais. Il faut qu&rsquo;ils soient doux, j&rsquo;ai la peau affreusement sensible, confectionn\u00e9 si possible dans des <a href=\"https:\/\/www.deedeeparis.com\/blog\/choisir-son-pull-ethique\">mati\u00e8res naturelles<\/a>, de mani\u00e8re responsable et qu&rsquo;ils ne soient pas hors de prix. Rien que \u00e7a&#8230;! J&rsquo;ai eu un coup de foudre pour celui-ci, un pull Bellerose en Alpaga et au style inimitable !<\/p>\n<p><em><strong>Mon utilisation<\/strong><\/em>\u00a0: je la porte l\u00e0 encore beaucoup, c&rsquo;est mon va-tout chaud anti-grisaille et douillet !<\/p>\n<h3>Mon panier Maud Fourier<\/h3>\n<p><img loading=\"lazy\" decoding=\"async\" class=\"aligncenter\" src=\"https:\/\/www.deedeeparis.com\/blog\/wp-content\/uploads\/2021\/07\/Deedee-12BD-683x1024.jpg\" width=\"640\" height=\"960\" \/><\/p>\n<p><em><strong>Date d\u2019acquisition<\/strong><\/em> : juillet 2021 (offert)<\/p>\n<p style=\"text-align: left;\"><em><strong>Raisons de l\u2019achat<\/strong>\u00a0<\/em>: il faudrait que je me calme sur les paniers.. mais c&rsquo;est plus fort que moi, j&rsquo;en ach\u00e8te au moins 2 par an.. Le pire ? Je m&rsquo;en sers, oui, de tous ! Quand ils ont fait leur temps, je les recycle en paniers \u00e0 foulards, \u00e0 \u00e9charpes, \u00e0 plaid bref, ils ont toujours une utilit\u00e9. Et je revends aussi certains exemplaires que je n&rsquo;utilise plus histoire de me donner bonne conscience&#8230;! Tout \u00e7a pour dire que les <a href=\"https:\/\/www.maudfourier.com\/panier-plage-personnalise-peint-monogram-maud-fourier\" target=\"_blank\" rel=\"noopener\">paniers personnalisables de Maud Fourier<\/a> \u00e9taient dans ma ligne de mire depuis des lustres et qu&rsquo;en recevant celui que j&rsquo;ai choisi, je n&rsquo;ai pas \u00e9t\u00e9 d\u00e9\u00e7ue ! Encore une cr\u00e9atrice qui gagne \u00e0 \u00eatre connue \ud83d\ude42<\/p>\n<p><em><strong>Mon utilisation<\/strong><\/em> : je l&rsquo;ai embarqu\u00e9 avec moi en vacances, \u00e9videmment. Je l&rsquo;utilise aussi beaucoup hors saison, pour les courses par exemple. J&rsquo;aime bien ses deux anses longues qui permettent de le porter \u00e0 l&rsquo;\u00e9paule, quand il est plein de fruits et l\u00e9gumes il est plus facile \u00e0 porter !<\/p>\n<h3>Ma combinaison Armed Angels<\/h3>\n<p><a href=\"https:\/\/www.deedeeparis.com\/blog\/wp-content\/uploads\/2022\/01\/2694F7CA-46A0-41C1-A89F-324B62D052CA-scaled.jpg\"><img loading=\"lazy\" decoding=\"async\" class=\"aligncenter size-large wp-image-1197986\" src=\"https:\/\/www.deedeeparis.com\/blog\/wp-content\/uploads\/2022\/01\/2694F7CA-46A0-41C1-A89F-324B62D052CA-819x1024.jpg\" alt=\"\" width=\"640\" height=\"800\" srcset=\"https:\/\/www.deedeeparis.com\/blog\/wp-content\/uploads\/2022\/01\/2694F7CA-46A0-41C1-A89F-324B62D052CA-819x1024.jpg 819w, https:\/\/www.deedeeparis.com\/blog\/wp-content\/uploads\/2022\/01\/2694F7CA-46A0-41C1-A89F-324B62D052CA-768x960.jpg 768w, https:\/\/www.deedeeparis.com\/blog\/wp-content\/uploads\/2022\/01\/2694F7CA-46A0-41C1-A89F-324B62D052CA-1229x1536.jpg 1229w, https:\/\/www.deedeeparis.com\/blog\/wp-content\/uploads\/2022\/01\/2694F7CA-46A0-41C1-A89F-324B62D052CA-1638x2048.jpg 1638w, https:\/\/www.deedeeparis.com\/blog\/wp-content\/uploads\/2022\/01\/2694F7CA-46A0-41C1-A89F-324B62D052CA-600x750.jpg 600w, https:\/\/www.deedeeparis.com\/blog\/wp-content\/uploads\/2022\/01\/2694F7CA-46A0-41C1-A89F-324B62D052CA-scaled.jpg 2048w\" sizes=\"auto, (max-width: 640px) 100vw, 640px\" \/><\/a><\/p>\n<p><em><strong>Date d\u2019acquisition<\/strong><\/em> : mars 2021<\/p>\n<p style=\"text-align: left;\"><em><strong>Raisons de l\u2019achat<\/strong>\u00a0<\/em>: on \u00e9tait en vir\u00e9e \u00e0 Nantes avec <a href=\"https:\/\/www.instagram.com\/virginie_mespetitespaillettes\/\">ma MPP<\/a>, on venait de passer une de ces rares journ\u00e9es insouciantes \u00e0 refaire le monde entre deux boutiques, une pause dej et un th\u00e9. On en prenait plein les mirettes de cette ville qu&rsquo;on d\u00e9couvrait, bref, on \u00e9tait bien. Sur le chemin du retour, Virginie spotte une boutique adorable. Press\u00e9es pour respecter l&rsquo;horaire du couvre feu, j&rsquo;h\u00e9site \u00e0 entrer&#8230; bien m&rsquo;en a pris ! En deux temps trois mouvements, moi qui n&rsquo;avais encore rien achet\u00e9 de la journ\u00e9e, j&rsquo;ai fait main basse sur cette combi de la marque \u00e9thique Armed Angels que je ne connaissais ni d&rsquo;Eve, ni d&rsquo;Adam. Elle est ultra bien coup\u00e9e, je n&rsquo;ai eu de cesse de la porter, moi qui adore les combis ! Et cerise sur le g\u00e2teau, elle reste associ\u00e9e \u00e0 cette journ\u00e9e un peu hors du temps.<\/p>\n<p><em><strong>Mon utilisation<\/strong><\/em> : je la porte beaucoup, des inter-saisons aux premiers frimas.<\/p>\n<h2 class=\"stabylo\">Mauvaise pioche : les 3 achats que j&rsquo;aurais du \u00e9viter ou que je n&rsquo;assume pas !<\/h2>\n<p>Pas de photos pour ces loup\u00e9s, ils ne sont pas pass\u00e9s par la case post\u00e9rit\u00e9 !<\/p>\n<blockquote><p><strong>Premier fail :<\/strong> un pantalon blanc en velours c\u00f4tel\u00e9 Roseanna. En boutique j&rsquo;ai h\u00e9sit\u00e9 : j&rsquo;adore le velours, mais celui-ci \u00e9tait resserr\u00e9 aux chevilles&#8230; J&rsquo;aurais du le reposer, \u00e7a ne me convient pas, je l&rsquo;ai port\u00e9 une fois, \u00e7a me faisait par effet d&rsquo;optique des p\u00e9niches interminables. Prix d&rsquo;achat 270 euros, revendu 150 euros sur Vinted&#8230; Gros gros plantage&#8230;<\/p>\n<p><strong>Second fail :<\/strong> une robe tunique H&amp;M en collaboration avec je ne sais plus quelle cr\u00e9atrice am\u00e9ricaine hors de prix. Forc\u00e9ment, toper du cr\u00e9ateur \u00e0 moindre co\u00fbt c&rsquo;est tr\u00e8s tentant&#8230; Mais dans les faits, on a beau le savoir, les miracles n&rsquo;existent pas : la pi\u00e8ce H &amp; Merde ne peut JAMAIS \u00e9quivaloir \u00e0 celle, initiale, de la cr\u00e9atrice. Sans m\u00eame parler des conditions de productions, la qualit\u00e9 de la fa\u00e7on, le choix des mati\u00e8res n&rsquo;ont absolument rien \u00e0 voir. Sans surprise, la tunique que j&rsquo;ai re\u00e7ue \u00e9tait mal coup\u00e9e, le tissu trop \u00e9pais, tombait mal.. Gros fail et un peu honte d&rsquo;avoir succomb\u00e9 \u00e0 la <em>fast fashion<\/em> (m\u00eame si, mini disclaimer, je l&rsquo;ai achet\u00e9e en seconde main sur Vinted). Je n&rsquo;ai m\u00eame pas eu le coeur de la revendre et l&rsquo;ai donn\u00e9e.<\/p>\n<p><strong>Troisi\u00e8me fail :<\/strong> les bottines blanches Bobbies. J&rsquo;ai des obsessions en mati\u00e8re de mode&#8230; En l&rsquo;occurrence, la paire de bottines parfaites, id\u00e9ales pour trotter mais pas d\u00e9nu\u00e9es de style. Je pensais avec fait main basse sur le Graal en la mati\u00e8re&#8230; Las ! Si elles sont ultra confortables et qu&rsquo;elles ont leur personnalit\u00e9, je trouve qu&rsquo;elles me font des p\u00e9niches (ce qui est loin d&rsquo;\u00eatre un complexe contrairement \u00e0 ce que cet argument qui revient deux fois en trois fails pourrait laisser croire !) et je ne les assume pas. Guettez la mise \u00e0 jour de <a href=\"https:\/\/www.vinted.fr\/member\/16870348-deedeeparis\" target=\"_blank\" rel=\"noopener\">mon profil Vinted<\/a> si vous chaussez du 39 et que vous cherchez un \u00e9quivalent&#8230;!<\/p><\/blockquote>\n<h2 class=\"stabylo\">Achats responsables et \u00e9thiques ?<\/h2>\n<p><a href=\"https:\/\/www.deedeeparis.com\/blog\/wp-content\/uploads\/2022\/01\/Deedee-Atelier-77-scaled.jpg\"><img loading=\"lazy\" decoding=\"async\" class=\"aligncenter size-large wp-image-1198355\" src=\"https:\/\/www.deedeeparis.com\/blog\/wp-content\/uploads\/2022\/01\/Deedee-Atelier-77-683x1024.jpg\" alt=\"\" width=\"640\" height=\"960\" srcset=\"https:\/\/www.deedeeparis.com\/blog\/wp-content\/uploads\/2022\/01\/Deedee-Atelier-77-683x1024.jpg 683w, https:\/\/www.deedeeparis.com\/blog\/wp-content\/uploads\/2022\/01\/Deedee-Atelier-77-768x1152.jpg 768w, https:\/\/www.deedeeparis.com\/blog\/wp-content\/uploads\/2022\/01\/Deedee-Atelier-77-1024x1536.jpg 1024w, https:\/\/www.deedeeparis.com\/blog\/wp-content\/uploads\/2022\/01\/Deedee-Atelier-77-1365x2048.jpg 1365w, https:\/\/www.deedeeparis.com\/blog\/wp-content\/uploads\/2022\/01\/Deedee-Atelier-77-600x900.jpg 600w, https:\/\/www.deedeeparis.com\/blog\/wp-content\/uploads\/2022\/01\/Deedee-Atelier-77-scaled.jpg 1706w\" sizes=\"auto, (max-width: 640px) 100vw, 640px\" \/><\/a><\/p>\n<p style=\"text-align: center;\"><em>Photo \u00a9<a href=\"https:\/\/www.instagram.com\/yleniacuellar\/\" target=\"_blank\" rel=\"noopener\">Ylenia Cuellar<\/a><\/em><\/p>\n<p>On ne peut pas parler d&rsquo;achat responsable lorsqu&rsquo;on acquiert 57 nouvelles pi\u00e8ces dans un dressing sur une ann\u00e9e&#8230; <strong>C&rsquo;est beaucoup trop<\/strong>, m\u00eame si je retranche les 26 pi\u00e8ces qui m&rsquo;ont \u00e9t\u00e9 offertes en tout. Mon activit\u00e9 est en partie responsable de ce constat mais je ne peux pas non plus tout justifier via l&rsquo;influence&#8230;!<\/p>\n<p>Je note n\u00e9anmoins qu&rsquo;\u00e0 l&rsquo;exception d&rsquo;une veste que j&rsquo;ai achet\u00e9 sur un coup de coeur chez Claudie Pierlot cet \u00e9t\u00e9 (j&rsquo;\u00e9tais sortie acheter un glace \u00e0 ma ni\u00e8ce, et paf ! elle est tomb\u00e9e dans mes bras) (la veste, pas la glace) et la robe tunique H&amp;Merde shop\u00e9e sur <a href=\"https:\/\/www.vinted.fr\/member\/16870348-deedeeparis\">vinted<\/a>, <strong>je me suis tourn\u00e9e vers des marques cr\u00e9ateurs<\/strong> (<a href=\"https:\/\/www.instagram.com\/lours_paris\/\">L&rsquo;Ours<\/a>, <a href=\"https:\/\/www.instagram.com\/palingenesie.paris\/\">Paling\u00e9n\u00e9sie<\/a>, <a href=\"https:\/\/www.instagram.com\/goodbyelorette\/\">Goodbye Lorette<\/a>, <a href=\"https:\/\/www.instagram.com\/et.paris\/\">Et Paris<\/a>, <a href=\"https:\/\/www.instagram.com\/atelier77geneve\/\">Atelier 77<\/a>&#8230;)\u00a0 <strong>ou des plus grosses marques responsables<\/strong> (<a href=\"https:\/\/bit.ly\/2Pr7Z9V\">S\u00e9zane<\/a>*, <a href=\"https:\/\/www.soeur.fr\/?ae=42&amp;utm_source=affiliation&amp;utm_campaign=deedee\">Soeur<\/a>*, Roseanna, Heimstone&#8230;). Rien que pour \u00e7a j&rsquo;ai un bon point, non ? Non ?!<\/p>\n<h2 class=\"stabylo\">Epilogue<\/h2>\n<p>PFIOU voil\u00e0, je crois que j&rsquo;ai fait le tour du sujet&#8230; ! <strong>Vous \u00eates encore l\u00e0 ? BRAVO !<\/strong> Ce fut long, mais j&rsquo;ai beaucoup aim\u00e9 me pr\u00eater \u00e0 cet exercice instructif \u00e0 plus d&rsquo;un titre. Et si je ne suis pas coutumi\u00e8re des bonnes r\u00e9solutions ni des objectifs qu&rsquo;on se fixe en d\u00e9but d&rsquo;ann\u00e9e, je vais quand m\u00eame essayer de rationaliser davantage mes achats&#8230; Faire ce bilan m&rsquo;a permis de voir que<strong> j&rsquo;achetais encore beaucoup trop par rapport \u00e0 ce dont j&rsquo;ai r\u00e9ellement besoin.. et envie !<\/strong><\/p>\n<p>Faites l&rsquo;exercice vous allez voir, c&rsquo;est instructif&#8230; vraiment.<\/p>\n","protected":false},"excerpt":{"rendered":"<p>\u00a9Photo Clara Ferrand L&rsquo;ann\u00e9e derni\u00e8re, je me d\u00e9lectais du bilan mode de Tokyo Banh Bao tout en \u00e9tant assez admirative : seulement 8 nouvelles pi\u00e8ces avaient rejoint son dressing&#8230; j&rsquo;en fut toute esbaudie ! C&rsquo;est elle qui m&rsquo;a donn\u00e9 envie de dresser mon propre bilan, id\u00e9e aussi s\u00e9duisante que flippante et peut-\u00eatre, aussi, indispensable, pour [&hellip;]<\/p>\n","protected":false},"author":2,"featured_media":1198570,"comment_status":"open","ping_status":"open","sticky":false,"template":"","format":"standard","meta":{"_acf_changed":false,"footnotes":""},"categories":[7937,7],"tags":[9917,8747],"class_list":["post-1126817","post","type-post","status-publish","format-standard","has-post-thumbnail","hentry","category-mode-a-paris","category-shopping","tag-bilan-mode","tag-mode-responsable"],"acf":[],"geo":null,"_links":{"self":[{"href":"https:\/\/www.deedeeparis.com\/blog\/wp-json\/wp\/v2\/posts\/1126817","targetHints":{"allow":["GET"]}}],"collection":[{"href":"https:\/\/www.deedeeparis.com\/blog\/wp-json\/wp\/v2\/posts"}],"about":[{"href":"https:\/\/www.deedeeparis.com\/blog\/wp-json\/wp\/v2\/types\/post"}],"author":[{"embeddable":true,"href":"https:\/\/www.deedeeparis.com\/blog\/wp-json\/wp\/v2\/users\/2"}],"replies":[{"embeddable":true,"href":"https:\/\/www.deedeeparis.com\/blog\/wp-json\/wp\/v2\/comments?post=1126817"}],"version-history":[{"count":39,"href":"https:\/\/www.deedeeparis.com\/blog\/wp-json\/wp\/v2\/posts\/1126817\/revisions"}],"predecessor-version":[{"id":1207544,"href":"https:\/\/www.deedeeparis.com\/blog\/wp-json\/wp\/v2\/posts\/1126817\/revisions\/1207544"}],"wp:featuredmedia":[{"embeddable":true,"href":"https:\/\/www.deedeeparis.com\/blog\/wp-json\/wp\/v2\/media\/1198570"}],"wp:attachment":[{"href":"https:\/\/www.deedeeparis.com\/blog\/wp-json\/wp\/v2\/media?parent=1126817"}],"wp:term":[{"taxonomy":"category","embeddable":true,"href":"https:\/\/www.deedeeparis.com\/blog\/wp-json\/wp\/v2\/categories?post=1126817"},{"taxonomy":"post_tag","embeddable":true,"href":"https:\/\/www.deedeeparis.com\/blog\/wp-json\/wp\/v2\/tags?post=1126817"}],"curies":[{"name":"wp","href":"https:\/\/api.w.org\/{rel}","templated":true}]}}