{"id":11438,"date":"2011-05-09T07:36:28","date_gmt":"2011-05-09T05:36:28","guid":{"rendered":"https:\/\/www.deedeeparis.com\/blog\/?p=11438"},"modified":"2011-05-08T23:57:45","modified_gmt":"2011-05-08T21:57:45","slug":"apprendre-a-faire-une-valise","status":"publish","type":"post","link":"https:\/\/www.deedeeparis.com\/blog\/apprendre-a-faire-une-valise","title":{"rendered":"Dans ma valise pour Cannes, il y a&#8230;"},"content":{"rendered":"<p><a href=\"https:\/\/www.deedeeparis.com\/blog\/wp-content\/uploads\/2011\/05\/Valise-Cannes-2.jpg_effected.jpg\"><img loading=\"lazy\" decoding=\"async\" class=\"alignnone size-full wp-image-11478\" title=\"Valise Cannes \" src=\"https:\/\/www.deedeeparis.com\/blog\/wp-content\/uploads\/2011\/05\/Valise-Cannes-2.jpg_effected.jpg\" alt=\"\" width=\"500\" height=\"333\" \/><\/a><\/p>\n<p>J-6 avant Cannes.<\/p>\n<p>6 jours pour boucler les pr\u00e9paratifs. Trouver les deux robes qui me font encore d\u00e9faut \u00e0 ce stade, aller acheter les 3 paires de chaussures dont j&rsquo;aurais besoin pour compl\u00e9ter les tenues des 5 invit\u00e9es. Sans parler des accessoires&#8230; Je veux du bling en colliers et en headbands. J&rsquo;h\u00e9site encore c\u00f4t\u00e9 pochettes&#8230; je ne suis pas s\u00fbre que ce soit parfaitement utile, mais j&rsquo;aime bien l&rsquo;id\u00e9e du d\u00e9tail. Jusqu&rsquo;au-boutiste, moi ? Pensez !<\/p>\n<p>En attendant, ma valise \u00e0 moi est presque pr\u00eate. Comme je n&rsquo;ai absolument AUCUNE id\u00e9e de quoi prendre pour aller \u00e0 Cannes et que je suis qui plus est d&rsquo;une nullit\u00e9 affligeante et av\u00e9r\u00e9e en valise, j&#8217;embarque tout. Et pis c&rsquo;est marre.<\/p>\n<p><a href=\"https:\/\/www.deedeeparis.com\/blog\/wp-content\/uploads\/2011\/05\/Valise-Cannes.jpg_effected.jpg\"><img loading=\"lazy\" decoding=\"async\" class=\"alignnone size-full wp-image-11477\" title=\"Valise Cannes\" src=\"https:\/\/www.deedeeparis.com\/blog\/wp-content\/uploads\/2011\/05\/Valise-Cannes.jpg_effected.jpg\" alt=\"\" width=\"500\" height=\"333\" \/><\/a><\/p>\n<p>Du tr\u00e8s casual-basique pour le squattage en r\u00e8gle que je compte bien faire \u00e0 la piscine du Majestic (je vous ai d\u00e9j\u00e0 dit qu&rsquo;on dormait au Majestic ? Oui ? Oui, bon ben je radote parce que rhaaaaa, quand m\u00eame, quoi), avec les deux maillots que <a title=\"Maillots de bain princesse tam tam\" href=\"https:\/\/www.deedeeparis.com\/blog\/maillots-de-bain-princesse-tam-tam\" target=\"_blank\">vous connaissez<\/a> (oui, deux maillots sont parfaitement utiles pour un s\u00e9jour de 5\u00a0 jours, n&rsquo;insistez pas), un mini short et un Tee Shirt \u00e0 se damner de mon ador\u00e9e <a title=\"Charlotte Sometime\" href=\"http:\/\/www.facebook.com\/pages\/Charlotte-Sometime\/64998945505\" target=\"_blank\">Charlotte Sometime<\/a>, des Tee Shirt blanc, <a title=\"Jean J Brand\" href=\"https:\/\/www.deedeeparis.com\/blog\/le-jean-parfait\" target=\"_blank\">mon jean de bonnasse<\/a> (m\u00eame s&rsquo;il d\u00e9teint) et un petit haut en soie qui ne me quitte pas depuis plus de deux ans.<\/p>\n<p><a href=\"https:\/\/www.deedeeparis.com\/blog\/wp-content\/uploads\/2011\/05\/Charlotte-Sometime.jpg_effected.jpg\"><img loading=\"lazy\" decoding=\"async\" class=\"alignnone size-full wp-image-11482\" title=\"Charlotte Sometime.jpg_effected\" src=\"https:\/\/www.deedeeparis.com\/blog\/wp-content\/uploads\/2011\/05\/Charlotte-Sometime.jpg_effected.jpg\" alt=\"\" width=\"500\" height=\"333\" \/><\/a><\/p>\n<p>Un beau rouge \u00e0 l\u00e8vre p\u00e9tant, mon eye liner, l&rsquo;huile de palme pour les cheveux de Leonor Greyl (ce truc est une tuerie, je vous en reparlerai s\u00fbrement), mon <a title=\"Diptyque\" href=\"https:\/\/www.deedeeparis.com\/blog\/philosykos-diptyque\" target=\"_blank\">parfum<\/a>.<\/p>\n<p><a href=\"https:\/\/www.deedeeparis.com\/blog\/wp-content\/uploads\/2011\/05\/veste-sessun.jpg_effected.jpg\"><img loading=\"lazy\" decoding=\"async\" class=\"alignnone size-full wp-image-11475\" title=\"veste sessun\" src=\"https:\/\/www.deedeeparis.com\/blog\/wp-content\/uploads\/2011\/05\/veste-sessun.jpg_effected.jpg\" alt=\"\" width=\"500\" height=\"333\" \/><\/a><\/p>\n<p><a href=\"https:\/\/www.deedeeparis.com\/blog\/wp-content\/uploads\/2011\/05\/Festival-de-Cannes-2011.jpg_effected.jpg\"><img loading=\"lazy\" decoding=\"async\" class=\"alignnone size-full wp-image-11479\" title=\"Festival de Cannes 2011\" src=\"https:\/\/www.deedeeparis.com\/blog\/wp-content\/uploads\/2011\/05\/Festival-de-Cannes-2011.jpg_effected.jpg\" alt=\"\" width=\"500\" height=\"333\" \/><\/a><\/p>\n<p>Et puis aussi la veste Sess\u00f9n que je me suis offerte ce week-end (je vais \u00e0 Cannes, je n&rsquo;ai RIEN \u00e0 me mettre, \u00e9videmment), mes spartiates, de la <a title=\"Cr\u00e8me solaire min\u00e9rale\" href=\"https:\/\/www.deedeeparis.com\/blog\/allergie-soleil-lucite-estivale\" target=\"_blank\">cr\u00e8me solaire min\u00e9rale<\/a>, ma sauveuse ! (je tente la version teint\u00e9e cette ann\u00e9e histoire d&rsquo;\u00e9viter l&rsquo;effet \u00ab\u00a0plastron-pl\u00e2tre\u00a0\u00bb), un bon bouquin (bien-s\u00fbr que j&rsquo;aurais le temps de bouquiner, j&rsquo;y crois \u00e0 mort), l&rsquo;iPad 2 que l&rsquo;on m&rsquo;a pr\u00eat\u00e9 et qui me sera s\u00fbrement bien utile pour vous raconter tout \u00e7a en live, un chapeau et mes lunettes qui tuent.<\/p>\n<p>Et puis, \u00e9videmment, une petite robe noire de base pas si basique, une ou deux tenues pour sortir. Une robe&#8230; QUELLE ROBE !, pour monter les marches (non, elle n&rsquo;est pas sur la photo, vous n&rsquo;allez tout de m\u00eame pas croire que je vais tout vous r\u00e9v\u00e9ler, comme \u00e7a ?!), mes VB ador\u00e9es ainsi qu&rsquo;une autre paire qui tabasse sa m\u00e9m\u00e9 (idem, surpriiiiise), un produit miracle pour faire passer en un clin d&rsquo;\u0153il la gambette de poulet en cuissot h\u00e2l\u00e9 \u00e0 souhait. Et mes colliers <a title=\"bijoux shourouk\" href=\"http:\/\/www.shourouk.fr\/\">Shourouk<\/a>&#8230; what else !<\/p>\n<p><a href=\"https:\/\/www.deedeeparis.com\/blog\/wp-content\/uploads\/2011\/05\/Festival-de-Cannes-2011-1.jpg_effected.jpg\"><img loading=\"lazy\" decoding=\"async\" class=\"alignnone size-full wp-image-11481\" title=\"Festival de Cannes 2011\" src=\"https:\/\/www.deedeeparis.com\/blog\/wp-content\/uploads\/2011\/05\/Festival-de-Cannes-2011-1.jpg_effected.jpg\" alt=\"\" width=\"500\" height=\"333\" \/><\/a><\/p>\n<p><a href=\"https:\/\/www.deedeeparis.com\/blog\/wp-content\/uploads\/2011\/05\/Festival-de-Cannes-2011-2.jpg_effected.jpg\"><img loading=\"lazy\" decoding=\"async\" class=\"alignnone size-full wp-image-11480\" title=\"Festival de Cannes 2011\" src=\"https:\/\/www.deedeeparis.com\/blog\/wp-content\/uploads\/2011\/05\/Festival-de-Cannes-2011-2.jpg_effected.jpg\" alt=\"\" width=\"500\" height=\"333\" \/><\/a><\/p>\n<p>Je crois qu&rsquo;on peut dire que je suis fin pr\u00eate&#8230; ou pas. Heureusement que <a title=\"Facebook\" href=\"http:\/\/www.facebook.com\/pages\/pages\/Le-blog-de-deedee\/155504411174115\" target=\"_blank\">vous \u00eates l\u00e0<\/a> !<\/p>\n<p><a href=\"https:\/\/www.deedeeparis.com\/blog\/wp-content\/uploads\/2011\/05\/Valise-tumi.jpg_effected.png\"><img loading=\"lazy\" decoding=\"async\" class=\"alignnone size-full wp-image-11463\" title=\"Valise tumi\" src=\"https:\/\/www.deedeeparis.com\/blog\/wp-content\/uploads\/2011\/05\/Valise-tumi.jpg_effected.png\" alt=\"\" width=\"500\" height=\"751\" \/><\/a><\/p>\n<p>Et la valise ? Idem, c&rsquo;est un pr\u00eat. Je l&rsquo;aime d&rsquo;amour, elle est belle, elle est l\u00e9g\u00e8re, elle roule toute seule et on la rep\u00e8re \u00e0 des kilom\u00e8tres sur le tapis des bagages \u00e0 l&rsquo;a\u00e9roport&#8230; du moins je pense. Merci Tumi !<\/p>\n","protected":false},"excerpt":{"rendered":"<p>J-6 avant Cannes. 6 jours pour boucler les pr\u00e9paratifs. Trouver les deux robes qui me font encore d\u00e9faut \u00e0 ce stade, aller acheter les 3 paires de chaussures dont j&rsquo;aurais besoin pour compl\u00e9ter les tenues des 5 invit\u00e9es. Sans parler des accessoires&#8230; Je veux du bling en colliers et en headbands. J&rsquo;h\u00e9site encore c\u00f4t\u00e9 pochettes&#8230; [&hellip;]<\/p>\n","protected":false},"author":2,"featured_media":11478,"comment_status":"open","ping_status":"open","sticky":false,"template":"","format":"standard","meta":{"_acf_changed":false,"footnotes":""},"categories":[7],"tags":[3977,3012,3971,2949,3608,3956,3680,3681,3974,1330,3975,2706,1154,1566,3976,3973,3972],"class_list":["post-11438","post","type-post","status-publish","format-standard","has-post-thumbnail","hentry","category-shopping","tag-apprendre-a-faire-une-valise","tag-bijoux-shourouk","tag-charlotte-sometime","tag-creme-solaire-minerale","tag-diptyque","tag-festival-de-cannes-2011","tag-j-brand","tag-jean-j-brand","tag-mailots-de-bain-princesse-tam-tam","tag-mode-a-paris","tag-parfum-diptyque","tag-princesse-tam-tam","tag-sessun","tag-shourouk","tag-tumi","tag-valise-tumi","tag-veste-sessun"],"acf":[],"geo":null,"_links":{"self":[{"href":"https:\/\/www.deedeeparis.com\/blog\/wp-json\/wp\/v2\/posts\/11438","targetHints":{"allow":["GET"]}}],"collection":[{"href":"https:\/\/www.deedeeparis.com\/blog\/wp-json\/wp\/v2\/posts"}],"about":[{"href":"https:\/\/www.deedeeparis.com\/blog\/wp-json\/wp\/v2\/types\/post"}],"author":[{"embeddable":true,"href":"https:\/\/www.deedeeparis.com\/blog\/wp-json\/wp\/v2\/users\/2"}],"replies":[{"embeddable":true,"href":"https:\/\/www.deedeeparis.com\/blog\/wp-json\/wp\/v2\/comments?post=11438"}],"version-history":[{"count":5,"href":"https:\/\/www.deedeeparis.com\/blog\/wp-json\/wp\/v2\/posts\/11438\/revisions"}],"predecessor-version":[{"id":11470,"href":"https:\/\/www.deedeeparis.com\/blog\/wp-json\/wp\/v2\/posts\/11438\/revisions\/11470"}],"wp:featuredmedia":[{"embeddable":true,"href":"https:\/\/www.deedeeparis.com\/blog\/wp-json\/wp\/v2\/media\/11478"}],"wp:attachment":[{"href":"https:\/\/www.deedeeparis.com\/blog\/wp-json\/wp\/v2\/media?parent=11438"}],"wp:term":[{"taxonomy":"category","embeddable":true,"href":"https:\/\/www.deedeeparis.com\/blog\/wp-json\/wp\/v2\/categories?post=11438"},{"taxonomy":"post_tag","embeddable":true,"href":"https:\/\/www.deedeeparis.com\/blog\/wp-json\/wp\/v2\/tags?post=11438"}],"curies":[{"name":"wp","href":"https:\/\/api.w.org\/{rel}","templated":true}]}}