{"id":11509,"date":"2011-05-12T07:20:56","date_gmt":"2011-05-12T05:20:56","guid":{"rendered":"https:\/\/www.deedeeparis.com\/blog\/?p=11509"},"modified":"2011-05-11T22:43:21","modified_gmt":"2011-05-11T20:43:21","slug":"cannes-j-3","status":"publish","type":"post","link":"https:\/\/www.deedeeparis.com\/blog\/cannes-j-3","title":{"rendered":"Cannes&#8230; J-3 !"},"content":{"rendered":"<p><a href=\"https:\/\/www.deedeeparis.com\/blog\/wp-content\/uploads\/2011\/05\/IMG_4213.JPG_effected.jpg\"><img loading=\"lazy\" decoding=\"async\" class=\"alignnone size-full wp-image-11510\" title=\"Festival de cannes 2011\" src=\"https:\/\/www.deedeeparis.com\/blog\/wp-content\/uploads\/2011\/05\/IMG_4213.JPG_effected.jpg\" alt=\"\" width=\"500\" height=\"333\" \/><\/a><\/p>\n<p>Cannes, J-3. Les tenues sont achet\u00e9es et parties depuis quelques heures m&rsquo;attendre \u00e0 Cannes. Il me reste quelques d\u00e9tails \u00e0 peaufiner mais je crois qu&rsquo;on peut dire que oui, on y est&#8230; les d\u00e9s sont jet\u00e9s !<\/p>\n<p>J&rsquo;ai \u00e0 peu pr\u00e8s un milliard d&rsquo;angoisses qui m&rsquo;assaillent. Mais vous avez vu ? Je reste extraordinairement zen-m\u00eame-pas-mal (en mode Pavlov, j&rsquo;y crois A MORT).<\/p>\n<p>En attendant le d-day, voil\u00e0 quelques bribes de tenues&#8230; surtout, si vous n&rsquo;aimez pas, ne me le dites pas !<\/p>\n<p><a href=\"https:\/\/www.deedeeparis.com\/blog\/wp-content\/uploads\/2011\/05\/IMG_4251.JPG_effected.jpg\"><img loading=\"lazy\" decoding=\"async\" class=\"alignnone size-full wp-image-11517\" title=\"IMG_4251.JPG_effected\" src=\"https:\/\/www.deedeeparis.com\/blog\/wp-content\/uploads\/2011\/05\/IMG_4251.JPG_effected.jpg\" alt=\"\" width=\"500\" height=\"333\" \/><\/a><\/p>\n<p><a href=\"https:\/\/www.deedeeparis.com\/blog\/wp-content\/uploads\/2011\/05\/IMG_4237.JPG_effected.jpg\"><img loading=\"lazy\" decoding=\"async\" class=\"alignnone size-full wp-image-11516\" title=\"Festival de cannes 2011\" src=\"https:\/\/www.deedeeparis.com\/blog\/wp-content\/uploads\/2011\/05\/IMG_4237.JPG_effected.jpg\" alt=\"\" width=\"500\" height=\"333\" \/><\/a><\/p>\n<p><a href=\"https:\/\/www.deedeeparis.com\/blog\/wp-content\/uploads\/2011\/05\/IMG_4220.JPG_effected.jpg\"><img loading=\"lazy\" decoding=\"async\" class=\"alignnone size-full wp-image-11512\" title=\"Festival de cannes 2011\" src=\"https:\/\/www.deedeeparis.com\/blog\/wp-content\/uploads\/2011\/05\/IMG_4220.JPG_effected.jpg\" alt=\"\" width=\"500\" height=\"333\" \/><\/a><\/p>\n<p><a href=\"https:\/\/www.deedeeparis.com\/blog\/wp-content\/uploads\/2011\/05\/IMG_4234a.jpg_effected.jpg\"><img loading=\"lazy\" decoding=\"async\" class=\"alignnone size-full wp-image-11515\" title=\"Festival de cannes 2011\" src=\"https:\/\/www.deedeeparis.com\/blog\/wp-content\/uploads\/2011\/05\/IMG_4234a.jpg_effected.jpg\" alt=\"\" width=\"500\" height=\"748\" \/><\/a><\/p>\n<p><a href=\"https:\/\/www.deedeeparis.com\/blog\/wp-content\/uploads\/2011\/05\/IMG_4254.JPG_effected.jpg\"><img loading=\"lazy\" decoding=\"async\" class=\"alignnone size-full wp-image-11518\" title=\"Festival de cannes 2011\" src=\"https:\/\/www.deedeeparis.com\/blog\/wp-content\/uploads\/2011\/05\/IMG_4254.JPG_effected.jpg\" alt=\"\" width=\"500\" height=\"333\" \/><\/a><\/p>\n","protected":false},"excerpt":{"rendered":"<p>Cannes, J-3. Les tenues sont achet\u00e9es et parties depuis quelques heures m&rsquo;attendre \u00e0 Cannes. Il me reste quelques d\u00e9tails \u00e0 peaufiner mais je crois qu&rsquo;on peut dire que oui, on y est&#8230; les d\u00e9s sont jet\u00e9s ! J&rsquo;ai \u00e0 peu pr\u00e8s un milliard d&rsquo;angoisses qui m&rsquo;assaillent. Mais vous avez vu ? Je reste extraordinairement zen-m\u00eame-pas-mal [&hellip;]<\/p>\n","protected":false},"author":2,"featured_media":11510,"comment_status":"open","ping_status":"open","sticky":false,"template":"","format":"standard","meta":{"_acf_changed":false,"footnotes":""},"categories":[7],"tags":[3012,3985,3956,3983,3982,3984,1566],"class_list":["post-11509","post","type-post","status-publish","format-standard","has-post-thumbnail","hentry","category-shopping","tag-bijoux-shourouk","tag-chaussures-patricia-blanchet","tag-festival-de-cannes-2011","tag-les-fees-de-bengales","tag-patricia-blanchet","tag-robes-cannes","tag-shourouk"],"acf":[],"geo":null,"_links":{"self":[{"href":"https:\/\/www.deedeeparis.com\/blog\/wp-json\/wp\/v2\/posts\/11509","targetHints":{"allow":["GET"]}}],"collection":[{"href":"https:\/\/www.deedeeparis.com\/blog\/wp-json\/wp\/v2\/posts"}],"about":[{"href":"https:\/\/www.deedeeparis.com\/blog\/wp-json\/wp\/v2\/types\/post"}],"author":[{"embeddable":true,"href":"https:\/\/www.deedeeparis.com\/blog\/wp-json\/wp\/v2\/users\/2"}],"replies":[{"embeddable":true,"href":"https:\/\/www.deedeeparis.com\/blog\/wp-json\/wp\/v2\/comments?post=11509"}],"version-history":[{"count":5,"href":"https:\/\/www.deedeeparis.com\/blog\/wp-json\/wp\/v2\/posts\/11509\/revisions"}],"predecessor-version":[{"id":11538,"href":"https:\/\/www.deedeeparis.com\/blog\/wp-json\/wp\/v2\/posts\/11509\/revisions\/11538"}],"wp:featuredmedia":[{"embeddable":true,"href":"https:\/\/www.deedeeparis.com\/blog\/wp-json\/wp\/v2\/media\/11510"}],"wp:attachment":[{"href":"https:\/\/www.deedeeparis.com\/blog\/wp-json\/wp\/v2\/media?parent=11509"}],"wp:term":[{"taxonomy":"category","embeddable":true,"href":"https:\/\/www.deedeeparis.com\/blog\/wp-json\/wp\/v2\/categories?post=11509"},{"taxonomy":"post_tag","embeddable":true,"href":"https:\/\/www.deedeeparis.com\/blog\/wp-json\/wp\/v2\/tags?post=11509"}],"curies":[{"name":"wp","href":"https:\/\/api.w.org\/{rel}","templated":true}]}}