{"id":11836,"date":"2011-06-08T20:06:48","date_gmt":"2011-06-08T18:06:48","guid":{"rendered":"https:\/\/www.deedeeparis.com\/blog\/?p=11836"},"modified":"2011-06-08T20:17:03","modified_gmt":"2011-06-08T18:17:03","slug":"magazine-chari-t","status":"publish","type":"post","link":"https:\/\/www.deedeeparis.com\/blog\/magazine-chari-t","title":{"rendered":"CHARI-T magazine, le premier f\u00e9minin caritatif en France"},"content":{"rendered":"<p><a href=\"https:\/\/www.deedeeparis.com\/blog\/wp-content\/uploads\/2011\/06\/photo.JPG_effected1.jpg\"><img loading=\"lazy\" decoding=\"async\" class=\"alignnone size-medium wp-image-11837\" title=\"Magazine Chari-t\" src=\"https:\/\/www.deedeeparis.com\/blog\/wp-content\/uploads\/2011\/06\/photo.JPG_effected1-e1307555253645-499x669.jpg\" alt=\"\" width=\"499\" height=\"669\" \/><\/a><\/p>\n<p>C&rsquo;est l&rsquo;histoire d&rsquo;un nouveau magazine f\u00e9minin. Mais pas n&rsquo;importe lequel.<\/p>\n<p>CHARI-T (prononcez \u00ab\u00a0Charity\u00a0\u00bb !) est en effet le premier magazine f\u00e9minin caritatif en France. Le principe ? Il met \u00e0 l&rsquo;honneur les marques qui d\u00e9dient une partie de leur activit\u00e9 \u00e0 des actions de charit\u00e9. D&rsquo;o\u00f9 le nom&#8230; vous l&rsquo;aurez compris !<\/p>\n<p>Au programme : de la mode, de la beaut\u00e9, du lifestyle. En somme, les codes classiques des f\u00e9minins que l&rsquo;on connait, \u00e0 la diff\u00e9rence pr\u00e8s que CHARI-T se fait l&rsquo;\u00e9cho des actions men\u00e9es par les marques qui s&rsquo;adonnent au \u00ab\u00a0Charity Business\u00a0\u00bb. Pour ce premier num\u00e9ro, on peut par exemple lire une interview d&rsquo;Ariane Massenet, marraine de l&rsquo;Agence Solidarit\u00e9 Logement, d\u00e9couvrir les dessous du combat des \u00ab\u00a0b\u00e9b\u00e9s bulles\u00a0\u00bb, mais aussi d\u00e9couvrir un test de produits de beaut\u00e9, une s\u00e9lection shopping pour l&rsquo;\u00e9t\u00e9&#8230; un f\u00e9minin classique, donc, mais qui fait sens : voil\u00e0 une bien jolie mani\u00e8re de lire utile et d&rsquo;attirer l&rsquo;attention des m\u00e9dias pour accro\u00eetre le nombre de donateurs potentiels !<\/p>\n<p>Le magazine est diffus\u00e9 \u00e0 100 000 exemplaires et est tir\u00e9 \u00e0 6 num\u00e9ros par an. Il est enti\u00e8rement bilingue. Vous ne le trouverez pas en kiosque, mais dans les \u00e9tablissements de  prestige et hauts de gamme (h\u00f4tels 4 et 5 \u00e9toiles, restaurants, spas,\u2026)  en France, en Belgique, au Luxembourg, ou bien encore en Suisse, o\u00f9 il est disponible gratuitement.<\/p>\n<p>La maquette est plut\u00f4t soign\u00e9e, le papier de qualit\u00e9. Et je dois dire que la s\u00e9rie mode autour des maillots de bain est particuli\u00e8rement jolie !<\/p>\n<p>Last but not least, CHARI-T Magazine propose \u00e9galement une petite collection de pr\u00eat-\u00e0-porter haut de  gamme \u00e0 shopper sur le <a title=\"Magazine Chari-t\" href=\"http:\/\/www.chari-t.fr\/\" target=\"_blank\">site du magazine<\/a> : 50 % des b\u00e9n\u00e9fices sont revers\u00e9s \u00e0 l\u2019association CHARI-T qui a pour vocation l\u2019aide aux enfants et aux femmes malades.<\/p>\n<p>Bonne lecture !<\/p>\n","protected":false},"excerpt":{"rendered":"<p>C&rsquo;est l&rsquo;histoire d&rsquo;un nouveau magazine f\u00e9minin. Mais pas n&rsquo;importe lequel. CHARI-T (prononcez \u00ab\u00a0Charity\u00a0\u00bb !) est en effet le premier magazine f\u00e9minin caritatif en France. Le principe ? Il met \u00e0 l&rsquo;honneur les marques qui d\u00e9dient une partie de leur activit\u00e9 \u00e0 des actions de charit\u00e9. D&rsquo;o\u00f9 le nom&#8230; vous l&rsquo;aurez compris ! Au programme : [&hellip;]<\/p>\n","protected":false},"author":2,"featured_media":11837,"comment_status":"open","ping_status":"open","sticky":false,"template":"","format":"standard","meta":{"_acf_changed":false,"footnotes":""},"categories":[5],"tags":[4015,4014,2253,4016],"class_list":["post-11836","post","type-post","status-publish","format-standard","has-post-thumbnail","hentry","category-culture-confiture","tag-magazine-caritatif","tag-magazine-chari-t","tag-magazine-feminin","tag-nouveau-magazine-feminin"],"acf":[],"geo":null,"_links":{"self":[{"href":"https:\/\/www.deedeeparis.com\/blog\/wp-json\/wp\/v2\/posts\/11836","targetHints":{"allow":["GET"]}}],"collection":[{"href":"https:\/\/www.deedeeparis.com\/blog\/wp-json\/wp\/v2\/posts"}],"about":[{"href":"https:\/\/www.deedeeparis.com\/blog\/wp-json\/wp\/v2\/types\/post"}],"author":[{"embeddable":true,"href":"https:\/\/www.deedeeparis.com\/blog\/wp-json\/wp\/v2\/users\/2"}],"replies":[{"embeddable":true,"href":"https:\/\/www.deedeeparis.com\/blog\/wp-json\/wp\/v2\/comments?post=11836"}],"version-history":[{"count":5,"href":"https:\/\/www.deedeeparis.com\/blog\/wp-json\/wp\/v2\/posts\/11836\/revisions"}],"predecessor-version":[{"id":11849,"href":"https:\/\/www.deedeeparis.com\/blog\/wp-json\/wp\/v2\/posts\/11836\/revisions\/11849"}],"wp:featuredmedia":[{"embeddable":true,"href":"https:\/\/www.deedeeparis.com\/blog\/wp-json\/wp\/v2\/media\/11837"}],"wp:attachment":[{"href":"https:\/\/www.deedeeparis.com\/blog\/wp-json\/wp\/v2\/media?parent=11836"}],"wp:term":[{"taxonomy":"category","embeddable":true,"href":"https:\/\/www.deedeeparis.com\/blog\/wp-json\/wp\/v2\/categories?post=11836"},{"taxonomy":"post_tag","embeddable":true,"href":"https:\/\/www.deedeeparis.com\/blog\/wp-json\/wp\/v2\/tags?post=11836"}],"curies":[{"name":"wp","href":"https:\/\/api.w.org\/{rel}","templated":true}]}}