{"id":1229,"date":"2009-04-30T07:12:45","date_gmt":"2009-04-30T07:12:45","guid":{"rendered":"https:\/\/www.deedeeparis.com\/wordpress\/1670-the-kooples"},"modified":"2009-04-30T07:12:45","modified_gmt":"2009-04-30T07:12:45","slug":"the-kooples","status":"publish","type":"post","link":"https:\/\/www.deedeeparis.com\/blog\/the-kooples","title":{"rendered":"Le myst\u00e8re The Kooples&#8230;"},"content":{"rendered":"<p><img decoding=\"async\" src=\"\/blog\/images\/Fashion pas victime\/Kooples.jpg\" alt=\"\" \/><\/p>\n<p>Bon bon bon. Bon. Bon. L\u00e0, j&rsquo;avoue, je suis bien perplexe.<\/p>\n<p>Depuis quelques mois, il ne sa passe pas une semaine sans que l&rsquo;on ait droit \u00e0 une nouvelle boutique The Kooples. Mais si, je suis s\u00fbre que vous voyez de quelle enseigne je veux parler&nbsp;: devantures noires, vitrines lugubres et logo de cette \u00ab\u00a0<em>nouvelle marque de pr\u00eat-\u00e0-porter Homme\/Femme, chic et d\u00e9cal\u00e9e<\/em>\u00a0\u00bb placard\u00e9 tel un gros point \u00e0 la ligne.<\/p>\n<p>Comme il fallait bien voir de quoi il retournait, je m&rsquo;y suis jet\u00e9e l&rsquo;ann\u00e9e derni\u00e8re ventre \u00e0 terre, persuad\u00e9e d&rsquo;avoir trouv\u00e9 l\u00e0 un nouveau Graal de la sape. Las&nbsp;! En terme de Graal, des fringues certes d\u00e9contract\u00e9es mais s\u00fbrement un peu trop, <em>in fine<\/em>&nbsp;: les mati\u00e8res sont mochissimes et cheap \u00e0 souhait, les coupes al\u00e9atoires, les couleurs tristes \u00e0 pleurer&#8230;. Oh bien-s\u00fbr, une ou deux pi\u00e8ces ont bien trouv\u00e9 gr\u00e2ce \u00e0 mes yeux, comme ce <a href=\"https:\/\/www.deedeeparis.com\/blog\/index.php?2008\/11\/21\/1027-mode-a-paris\">petit chemisier retro<\/a> que porte Gaston.<\/p>\n<p>Mais globalement, non, The Kooples s&rsquo;assimile a une imposture en bonne et due forme, \u00e0 plus forte raison lorsqu&rsquo;on se penche plus avant sur le prix de ces nippes&#8230;<\/p>\n<p>Peut-on donc m&rsquo;expliquer POURQUOI cette enseigne continue \u00e0 coloniser \u00e0 vitesse grand V les art\u00e8res commerciales de France et de Navarre (parce que oui, je sors de Paris de temps en temps figurez-vous, et j&rsquo;ai pu constater que le ph\u00e9nom\u00e8ne \u00e9tait national). \u00e7a valait bien un coup de gueule de blogueuse over top m\u00e9ga influente, non ?!<\/p>\n<p>Non mais sans rire, je suis la seule \u00e0 penser que The Kooples nous prend pour des jambons ou bien&nbsp;?<\/p>\n","protected":false},"excerpt":{"rendered":"<p><img decoding=\"async\" src=\"\/blog\/images\/Fashion pas victime\/Kooples.jpg\" alt=\"\" \/><\/p>\n<p>Bon bon bon. Bon. Bon. L\u00e0, j&rsquo;avoue, je suis bien perplexe.<\/p>\n<p>Depuis quelques mois, il ne sa passe pas une semaine sans que l&rsquo;on ait droit \u00e0 une nouvelle boutique The Kooples. Mais si, je suis s\u00fbre que vous voyez de quelle enseigne je veux parler&nbsp;: devantures noires, vitrines lugubres et logo de cette \u00ab\u00a0<em>nouvelle marque de pr\u00eat-\u00e0-porter Homme\/Femme, chic et d\u00e9cal\u00e9e<\/em>\u00a0\u00bb placard\u00e9 tel un gros point \u00e0 la ligne.<\/p>\n<p>Comme il fallait bien voir de quoi il retournait, je m&rsquo;y suis jet\u00e9e l&rsquo;ann\u00e9e derni\u00e8re ventre \u00e0 terre, persuad\u00e9e d&rsquo;avoir trouv\u00e9 l\u00e0 un nouveau Graal de la sape. Las&nbsp;! En terme de Graal, des fringues certes d\u00e9contract\u00e9es mais s\u00fbrement un peu trop, <em>in fine<\/em>&nbsp;: les mati\u00e8res sont mochissimes et cheap \u00e0 souhait, les coupes al\u00e9atoires, les couleurs tristes \u00e0 pleurer&#8230;. Oh bien-s\u00fbr, une ou deux pi\u00e8ces ont bien trouv\u00e9 gr\u00e2ce \u00e0 mes yeux, comme ce <a href=\"https:\/\/www.deedeeparis.com\/blog\/index.php?2008\/11\/21\/1027-mode-a-paris\">petit chemisier retro<\/a> que porte Gaston.<\/p>\n","protected":false},"author":2,"featured_media":0,"comment_status":"open","ping_status":"open","sticky":false,"template":"","format":"standard","meta":{"_acf_changed":false,"footnotes":""},"categories":[7],"tags":[89,75,1437,1947,1330,60,1946],"class_list":["post-1229","post","type-post","status-publish","format-standard","hentry","category-shopping","tag-fashion-pas-victime","tag-gaston-le-mouton-de-la-mode","tag-kooples","tag-mode-a-paris","tag-paris","tag-the-kooples"],"acf":[],"geo":null,"_links":{"self":[{"href":"https:\/\/www.deedeeparis.com\/blog\/wp-json\/wp\/v2\/posts\/1229","targetHints":{"allow":["GET"]}}],"collection":[{"href":"https:\/\/www.deedeeparis.com\/blog\/wp-json\/wp\/v2\/posts"}],"about":[{"href":"https:\/\/www.deedeeparis.com\/blog\/wp-json\/wp\/v2\/types\/post"}],"author":[{"embeddable":true,"href":"https:\/\/www.deedeeparis.com\/blog\/wp-json\/wp\/v2\/users\/2"}],"replies":[{"embeddable":true,"href":"https:\/\/www.deedeeparis.com\/blog\/wp-json\/wp\/v2\/comments?post=1229"}],"version-history":[{"count":1,"href":"https:\/\/www.deedeeparis.com\/blog\/wp-json\/wp\/v2\/posts\/1229\/revisions"}],"predecessor-version":[{"id":6864,"href":"https:\/\/www.deedeeparis.com\/blog\/wp-json\/wp\/v2\/posts\/1229\/revisions\/6864"}],"wp:attachment":[{"href":"https:\/\/www.deedeeparis.com\/blog\/wp-json\/wp\/v2\/media?parent=1229"}],"wp:term":[{"taxonomy":"category","embeddable":true,"href":"https:\/\/www.deedeeparis.com\/blog\/wp-json\/wp\/v2\/categories?post=1229"},{"taxonomy":"post_tag","embeddable":true,"href":"https:\/\/www.deedeeparis.com\/blog\/wp-json\/wp\/v2\/tags?post=1229"}],"curies":[{"name":"wp","href":"https:\/\/api.w.org\/{rel}","templated":true}]}}