{"id":12370,"date":"2011-08-03T07:01:58","date_gmt":"2011-08-03T05:01:58","guid":{"rendered":"https:\/\/www.deedeeparis.com\/blog\/?p=12370"},"modified":"2012-07-23T14:40:19","modified_gmt":"2012-07-23T12:40:19","slug":"instagram","status":"publish","type":"post","link":"https:\/\/www.deedeeparis.com\/blog\/instagram","title":{"rendered":"Pic et pic et Instagram"},"content":{"rendered":"<p><a href=\"https:\/\/www.deedeeparis.com\/blog\/wp-content\/uploads\/2011\/08\/photo.jpg\"><img loading=\"lazy\" decoding=\"async\" class=\"shadowless\" title=\"instagram\" src=\"https:\/\/www.deedeeparis.com\/blog\/wp-content\/uploads\/2011\/08\/photo-500x500.jpg\" alt=\"\" width=\"500\" height=\"500\" \/><\/a><\/p>\n<p>Et voil\u00e0. Comme si \u00e7a ne me suffisait pas d&rsquo;alimenter chaque jour ou presque le blog, mes trois comptes Facebook, mon Twitter, mon TumblR, \u00e9ventuellement Google+ et mon FlickR, voil\u00e0 que j&rsquo;ai eu la faiblesse de t\u00e9l\u00e9charger l&rsquo;appli iPhone Instagram.<\/p>\n<p>Je ne sais pas ce qui m&rsquo;a pris&#8230; un certain go\u00fbt pour l&rsquo;absurde, sans doute ! Ou l&rsquo;id\u00e9e que mes journ\u00e9es ne sont pas encore assez remplies&#8230; allez savoir. Ce qui est certain, c&rsquo;est que j&rsquo;aime l&rsquo;id\u00e9e de se raconter en images, et de d\u00e9couvrir la vie des autres par ce truchement. J&rsquo;aime ce regard que tout un chacun porte sur son quotidien, pudique, effac\u00e9 ou au contraire un peu voyeur.<\/p>\n<p>Il y a deux ans, j&rsquo;avais d&rsquo;ailleurs tenu religieusement le <a title=\"Deedeeparis\" href=\"http:\/\/www.flickr.com\/photos\/18208708@N00\/sets\/72157620625052472\/\" target=\"_blank\">carnet de mon ann\u00e9e<\/a>, mois par mois et en images avec la it appli du moment, Polarize&#8230; avant de passer \u00e0 autre chose.<\/p>\n<p>Pour l&rsquo;heure, je retourne instagramer mon quotidien : vous aurez certainement droit de temps en temps sur ce blog \u00e0 des succ\u00e9dan\u00e9s de ma vie tr\u00e9pidante et \u00e9minemment truculente&#8230; vous voil\u00e0 pr\u00e9venus !<\/p>\n","protected":false},"excerpt":{"rendered":"<p>Et voil\u00e0. Comme si \u00e7a ne me suffisait pas d&rsquo;alimenter chaque jour ou presque le blog, mes trois comptes Facebook, mon Twitter, mon TumblR, \u00e9ventuellement Google+ et mon FlickR, voil\u00e0 que j&rsquo;ai eu la faiblesse de t\u00e9l\u00e9charger l&rsquo;appli iPhone Instagram. Je ne sais pas ce qui m&rsquo;a pris&#8230; un certain go\u00fbt pour l&rsquo;absurde, sans doute [&hellip;]<\/p>\n","protected":false},"author":2,"featured_media":19708,"comment_status":"open","ping_status":"open","sticky":false,"template":"","format":"standard","meta":{"_acf_changed":false,"footnotes":""},"categories":[8],"tags":[4108,4109],"class_list":["post-12370","post","type-post","status-publish","format-standard","has-post-thumbnail","hentry","category-chroniques-de-paris","tag-instagram","tag-photos-instagram"],"acf":[],"geo":null,"_links":{"self":[{"href":"https:\/\/www.deedeeparis.com\/blog\/wp-json\/wp\/v2\/posts\/12370","targetHints":{"allow":["GET"]}}],"collection":[{"href":"https:\/\/www.deedeeparis.com\/blog\/wp-json\/wp\/v2\/posts"}],"about":[{"href":"https:\/\/www.deedeeparis.com\/blog\/wp-json\/wp\/v2\/types\/post"}],"author":[{"embeddable":true,"href":"https:\/\/www.deedeeparis.com\/blog\/wp-json\/wp\/v2\/users\/2"}],"replies":[{"embeddable":true,"href":"https:\/\/www.deedeeparis.com\/blog\/wp-json\/wp\/v2\/comments?post=12370"}],"version-history":[{"count":5,"href":"https:\/\/www.deedeeparis.com\/blog\/wp-json\/wp\/v2\/posts\/12370\/revisions"}],"predecessor-version":[{"id":12381,"href":"https:\/\/www.deedeeparis.com\/blog\/wp-json\/wp\/v2\/posts\/12370\/revisions\/12381"}],"wp:featuredmedia":[{"embeddable":true,"href":"https:\/\/www.deedeeparis.com\/blog\/wp-json\/wp\/v2\/media\/19708"}],"wp:attachment":[{"href":"https:\/\/www.deedeeparis.com\/blog\/wp-json\/wp\/v2\/media?parent=12370"}],"wp:term":[{"taxonomy":"category","embeddable":true,"href":"https:\/\/www.deedeeparis.com\/blog\/wp-json\/wp\/v2\/categories?post=12370"},{"taxonomy":"post_tag","embeddable":true,"href":"https:\/\/www.deedeeparis.com\/blog\/wp-json\/wp\/v2\/tags?post=12370"}],"curies":[{"name":"wp","href":"https:\/\/api.w.org\/{rel}","templated":true}]}}