{"id":1245,"date":"2009-05-21T07:35:33","date_gmt":"2009-05-21T07:35:33","guid":{"rendered":"https:\/\/www.deedeeparis.com\/wordpress\/1654-interview-isabelle-cheron-kipling"},"modified":"2009-05-21T07:35:33","modified_gmt":"2009-05-21T07:35:33","slug":"interview-isabelle-cheron-kipling","status":"publish","type":"post","link":"https:\/\/www.deedeeparis.com\/blog\/interview-isabelle-cheron-kipling","title":{"rendered":"L&rsquo;interview parisienne de la semaine : Isabelle Cheron, DA de Kipling + sac \u00e0 gagner !"},"content":{"rendered":"<p><img decoding=\"async\" src=\"\/blog\/images\/ITV-Paris\/Isabelle Cheron.jpg\" alt=\"\" \/><\/p>\n<p>Hop hop hop, \u00e7a n&rsquo;est pas parce que c&rsquo;est un jour f\u00e9ri\u00e9 qu&rsquo;il ne se passe rien, qu&rsquo;on se le dise&nbsp;! Et si vous \u00eates bien sage, il y a aussi du cadal \u00e0 gagner&#8230; \u00e7a se passe \u00e0 la fin du billet. Parce que quand m\u00eame, quoi.<\/p>\n<p>Aujourd&rsquo;hui, je vous propose donc l&rsquo;interview d&rsquo;Isabelle Cheron, vice-pr\u00e9sidente et directrice artistique de Kipling.<\/p>\n<p>Kipling&#8230; la marque qui pour moi est ind\u00e9niablement li\u00e9e au singe qui pendouillait sur tous les sacs. Et pourtant&#8230; Les derniers sacs n&rsquo;ont plus rien \u00e0 voir avec ceux cr\u00e9es par Kipling \u00e0 ses d\u00e9buts.<\/p>\n<p>Bien-s\u00fbr, les amoureux du gorille le retrouveront. Mais globalement, la marque a amorc\u00e9 un virage. Exit la toile, les mod\u00e8les sont d\u00e9sormais inspir\u00e9s des d\u00e9tails des uniformes militaires, des sacs vintage. Une belle aventure qui m&rsquo;a donn\u00e9 envie de demander \u00e0 la DA de la marque quelle \u00e9tait sa vision de Paris pour alimenter l&rsquo;interview parisienne&nbsp;!<\/p>\n<p>Tr\u00eave de blabla, voil\u00e0 donc les r\u00e9ponses d&rsquo;Isabelle Cheron \u00e0 l&rsquo;interview parisienne&nbsp;:<\/p>\n<p><strong>Qui \u00eates-vous ?<\/strong><\/p>\n<p>Isabelle Cheron, vice-pr\u00e9sidente et directrice artistique de Kipling.<\/p>\n<p><strong>Vous d\u00e9finiriez-vous comme une parisienne de naissance, une parisienne de c&#339;ur ou une parisienne de passage ?<\/strong><\/p>\n<p>Une parisienne de passage<\/p>\n<p><strong>Si Paris \u00e9tait une chanson ?<\/strong><\/p>\n<p>Thomas Dutronc J&rsquo;aime plus Paris<\/p>\n<p><strong>Si Paris \u00e9tait un parfum ?<\/strong><\/p>\n<p>Chanel N\u00b05<\/p>\n<p><strong>Si vous deviez quitter Paris, vous seriez&#8230;<\/strong><\/p>\n<p>J&rsquo;irais vivre \u00e0 Bruxelles<\/p>\n<p><strong>Votre restaurant pr\u00e9f\u00e9r\u00e9 ?<\/strong><\/p>\n<p><a href=\"http:\/\/www.fra.cityvox.fr\/restaurants_paris\/chez-georges-rue-du-mail_186\/ProfilLieu\">Chez Georges<\/a> rue du mail pour ses escargots, sa sole grill\u00e9e et son baba au rhum<\/p>\n<p><strong>Votre caf\u00e9\/bar\/salon de th\u00e9 pr\u00e9f\u00e9r\u00e9 ?<\/strong><\/p>\n<p><a href=\"http:\/\/www.cafe-de-flore.com\/\">Le Caf\u00e9 de Flore<\/a>, car on y voit passer tout Paris des noctambules \u00e0 peine lever, des intellectuels, des c\u00e9l\u00e9brit\u00e9s, des fashionistas mais aussi des touristes&nbsp;!<\/p>\n<p><strong>Votre boutique pr\u00e9f\u00e9r\u00e9e ?<\/strong><\/p>\n<p>La ou les boutiques <a href=\"http:\/\/www.mariagefreres.com\/\">Mariage Fr\u00e8res<\/a> o\u00f9 j&rsquo;ach\u00e8te tous mes th\u00e9s (je ne bois jamais de caf\u00e9!)<\/p>\n<p><em>NDLA&nbsp;: ahah, je plussoie !<\/em><\/p>\n<p><strong>Pour vous, le m\u00e9tro, c&rsquo;est&#8230;<\/strong><\/p>\n<p>la ligne 13&nbsp;: cosmopolite et bond\u00e9e, du 100% Paris<\/p>\n<p><strong>Votre arrondissement pr\u00e9f\u00e9r\u00e9 ?<\/strong><\/p>\n<p>Tous ceux o\u00f9 habitent mes amis du 1er au 19e en passant par le 3e, 6e et le 18e pour tous les bons moments partag\u00e9s, la diversit\u00e9, la richesse et l&rsquo;\u00e9nergie parisienne qui s&rsquo;y trouve<\/p>\n<p><strong>Votre lieu pr\u00e9f\u00e9r\u00e9 ?<\/strong><\/p>\n<p>Les quais de Seine la nuit, magique et grisant.<\/p>\n<p><strong>\/\/ Et maintenant&#8230; Le concours !<\/strong><\/p>\n<p><img decoding=\"async\" src=\"\/blog\/images\/Fashion pas victime\/kipling A.jpg\" alt=\"\" \/><\/p>\n<p>Vous aimez les sacs-\u00e0-main&nbsp;? Vous aimez cette marque&nbsp;? Vous avez envie de voir de quoi il retourne&nbsp;? Hop, \u00e0 vos commentaires&nbsp;: vous avez jusqu&rsquo;\u00e0 <strong>dimanche soir 22h<\/strong> pour r\u00e9pondre \u00e0 la question \u00ab\u00a0<strong>en quelle ann\u00e9e la marque a-t-elle \u00e9t\u00e9 cr\u00e9e ?<\/strong>\u00ab\u00a0. Ah ben oui, il y a tellement de concours ici qu&rsquo;il faut bien corser un peu l&rsquo;affaire&nbsp;!<\/p>\n<p>Pour ne pas d\u00e9roger \u00e0 nos bonnes vieilles habitudes, la main innocente de mon m\u00e2\u00e2\u00e2\u00e2ri tirera au sort un num\u00e9ro parmi les bonnes r\u00e9ponses.<\/p>\n<p>Le gagnant remportera ce sac, l\u00e0, sur la photo (<a href=\"http:\/\/shop.kipling.com\/shop-fr\/control\/product?product_id=K1160018700_999&amp;category_id=HANDBAGS\">y clique<\/a> pour avoir plus de d\u00e9tails sur le sac)&nbsp;:<\/p>\n<p><img decoding=\"async\" src=\"\/blog\/images\/Fashion pas victime\/kipling hip.jpg\" alt=\"\" \/><\/p>\n<p>Bonne chance, joyeux jour f\u00e9ri\u00e9 et \u00e0 tr\u00e8s vite pour de nouvelles aventures&#8230;&nbsp;!<\/p>\n","protected":false},"excerpt":{"rendered":"<p><img decoding=\"async\" src=\"\/blog\/images\/ITV-Paris\/Isabelle Cheron.jpg\" alt=\"\" \/><\/p>\n<p>Hop hop hop, \u00e7a n&rsquo;est pas parce que c&rsquo;est un jour f\u00e9ri\u00e9 qu&rsquo;il ne se passe rien, qu&rsquo;on se le dise&nbsp;! Et si vous \u00eates bien sage, il y a aussi du cadal \u00e0 gagner&#8230; \u00e7a se passe \u00e0 la fin du billet. Parce que quand m\u00eame, quoi.<\/p>\n<p>Aujourd&rsquo;hui, je vous propose donc l&rsquo;interview d&rsquo;Isabelle Cheron, vice-pr\u00e9sidente et directrice artistique de Kipling.<\/p>\n<p>Kipling&#8230; la marque qui pour moi est ind\u00e9niablement li\u00e9e au singe qui pendouillait sur tous les sacs. Et pourtant&#8230; Les derniers sacs n&rsquo;ont plus rien \u00e0 voir avec ceux cr\u00e9es par Kipling \u00e0 ses d\u00e9buts.<\/p>\n<p>Bien-s\u00fbr, les amoureux du gorille le retrouveront. Mais globalement, la marque a amorc\u00e9 un virage. Exit la toile, les mod\u00e8les sont d\u00e9sormais inspir\u00e9s des d\u00e9tails des uniformes militaires, des sacs vintage. Une belle aventure qui m&rsquo;a donn\u00e9 envie de demander \u00e0 la DA de la marque quelle \u00e9tait sa vision de Paris pour alimenter l&rsquo;interview parisienne&nbsp;!<\/p>\n<p>Tr\u00eave de blabla, voil\u00e0 donc les r\u00e9ponses d&rsquo;Isabelle Cheron \u00e0 l&rsquo;interview parisienne&nbsp;:<\/p>\n<p><strong>Qui \u00eates-vous ?<\/strong><\/p>\n<p>Isabelle Cheron, vice-pr\u00e9sidente et directrice artistique de Kipling.<\/p>\n","protected":false},"author":2,"featured_media":0,"comment_status":"open","ping_status":"open","sticky":false,"template":"","format":"standard","meta":{"_acf_changed":false,"footnotes":""},"categories":[24],"tags":[997,1134,2002,75,46,2001,2000,1479,60,850,1476],"class_list":["post-1245","post","type-post","status-publish","format-standard","hentry","category-les-interviews-parisiennes","tag-adresses-secretes-paris","tag-bon-plan-mode","tag-chez-georges","tag-fashion-pas-victime","tag-interview","tag-kipling","tag-le-cafe-de-flore","tag-le-jardin-des-plantes","tag-paris","tag-parisien","tag-shopping-a-paris"],"acf":[],"geo":null,"_links":{"self":[{"href":"https:\/\/www.deedeeparis.com\/blog\/wp-json\/wp\/v2\/posts\/1245","targetHints":{"allow":["GET"]}}],"collection":[{"href":"https:\/\/www.deedeeparis.com\/blog\/wp-json\/wp\/v2\/posts"}],"about":[{"href":"https:\/\/www.deedeeparis.com\/blog\/wp-json\/wp\/v2\/types\/post"}],"author":[{"embeddable":true,"href":"https:\/\/www.deedeeparis.com\/blog\/wp-json\/wp\/v2\/users\/2"}],"replies":[{"embeddable":true,"href":"https:\/\/www.deedeeparis.com\/blog\/wp-json\/wp\/v2\/comments?post=1245"}],"version-history":[{"count":0,"href":"https:\/\/www.deedeeparis.com\/blog\/wp-json\/wp\/v2\/posts\/1245\/revisions"}],"wp:attachment":[{"href":"https:\/\/www.deedeeparis.com\/blog\/wp-json\/wp\/v2\/media?parent=1245"}],"wp:term":[{"taxonomy":"category","embeddable":true,"href":"https:\/\/www.deedeeparis.com\/blog\/wp-json\/wp\/v2\/categories?post=1245"},{"taxonomy":"post_tag","embeddable":true,"href":"https:\/\/www.deedeeparis.com\/blog\/wp-json\/wp\/v2\/tags?post=1245"}],"curies":[{"name":"wp","href":"https:\/\/api.w.org\/{rel}","templated":true}]}}