{"id":12753,"date":"2011-09-26T07:17:49","date_gmt":"2011-09-26T05:17:49","guid":{"rendered":"https:\/\/www.deedeeparis.com\/blog\/?p=12753"},"modified":"2011-09-25T23:19:48","modified_gmt":"2011-09-25T21:19:48","slug":"frustration","status":"publish","type":"post","link":"https:\/\/www.deedeeparis.com\/blog\/frustration","title":{"rendered":"Frustration !"},"content":{"rendered":"<p><a href=\"https:\/\/www.deedeeparis.com\/blog\/wp-content\/uploads\/2011\/09\/IMG_7684.JPG_effected.jpg\"><img loading=\"lazy\" decoding=\"async\" class=\"alignnone size-medium wp-image-12757\" title=\"mini diana\" src=\"https:\/\/www.deedeeparis.com\/blog\/wp-content\/uploads\/2011\/09\/IMG_7684.JPG_effected-500x332.jpg\" alt=\"\" width=\"500\" height=\"332\" \/><\/a><\/p>\n<p>S&rsquo;il y a bien un point sur lequel je suis contente de progresser gr\u00e2ce \u00e0 ce blog, c&rsquo;est la photo.<\/p>\n<p>Quand je revois les premi\u00e8res que j&rsquo;ai diffus\u00e9es ici sur ce blog, il y a plus de 6 ans, j&rsquo;ai honte. Non pas que je sois particuli\u00e8rement fi\u00e8re de celles que je r\u00e9alise aujourd&rsquo;hui, mais, si je mesure tout le travail qu&rsquo;il me reste pour produire quelque chose \u00e0 tout le moins acceptable, je sais aussi &#8211; c&rsquo;est ind\u00e9niable, \u00e7a se VOIT ! &#8211; que j&rsquo;ai pas mal progress\u00e9 en la mati\u00e8re. Oh, eh oh, pas la peine de me dire ce que je sais d\u00e9j\u00e0, hein. Que je viens de tellement loin que je ne pouvais QUE faire des progr\u00e8s&#8230; tsssss, bande de mauvaises langues.<\/p>\n<p><a href=\"https:\/\/www.deedeeparis.com\/blog\/wp-content\/uploads\/2011\/09\/IMG_7679.JPG_effected.jpg\"><img loading=\"lazy\" decoding=\"async\" class=\"alignnone size-medium wp-image-12755\" title=\"mini diana\" src=\"https:\/\/www.deedeeparis.com\/blog\/wp-content\/uploads\/2011\/09\/IMG_7679.JPG_effected-500x332.jpg\" alt=\"\" width=\"500\" height=\"332\" \/><\/a><\/p>\n<p>Faire des photos m&rsquo;a toujours plu, je crois. Petite, je me souviens encore du premier appareil que j&rsquo;avais re\u00e7u pour mes 10 ans. Il \u00e9tait tout plat, et rose fluo. Plus tard, j&rsquo;ai eu un appareil photo panoramique&#8230; un gagdet que j&rsquo;utilisais a l&rsquo;envi, au grand dam de mes parents qui se retrouvaient avec un nombre incalculable de pellicules \u00e0 faire d\u00e9velopper. Quelques num\u00e9riques de poches ont rapidement pris la suite, jusqu&rsquo;au reflex que je me suis offert il y a au moins 3 ou 4 ans maintenant, et que j&rsquo;utilise avec un plaisir chaque jour plus grand.<\/p>\n<p><a href=\"https:\/\/www.deedeeparis.com\/blog\/wp-content\/uploads\/2011\/09\/IMG_7682.JPG_effected.jpg\"><img loading=\"lazy\" decoding=\"async\" class=\"alignnone size-medium wp-image-12756\" title=\"mini diana\" src=\"https:\/\/www.deedeeparis.com\/blog\/wp-content\/uploads\/2011\/09\/IMG_7682.JPG_effected-500x332.jpg\" alt=\"\" width=\"500\" height=\"332\" \/><\/a><\/p>\n<p>Pourquoi je vous raconte \u00e7a ? Parce que, dans cet apprentissage de longue haleine, je suis parfois un peu perdue. Aujourd&rsquo;hui, tout le monde est sur\u00e9quip\u00e9 (avec, tr\u00e8s souvent et en guise de second effet Kiss Cool, un c\u00f4t\u00e9 \u00ab\u00a0c&rsquo;est qui qui qu&rsquo;\u00e0 la plus grosse\u00a0\u00bb particuli\u00e8rement p\u00e9nible). Ce qui n&rsquo;est pas en soi un gage de qualit\u00e9, je vous l&rsquo;accorde&#8230; mais il y a TELLEMENT de talents en la mati\u00e8re que je me demande parfois \u00ab\u00a0\u00e0 quoi bon\u00a0\u00bb : \u00e0 quoi bon essayer de faire quelque chose d&rsquo;\u00e0 peu pr\u00e8s potable quand tant d&rsquo;autres me surpassent et continuerons \u00e0 me surpasser ? A quoi bon s&rsquo;\u00e9quiper, quand le mat\u00e9riel est si rapidement obsol\u00e8te ? A quoi bon&#8230;<\/p>\n<p>Et, derni\u00e8re chose, je crois que je ne suis pas compl\u00e8tement dingue du num\u00e9rique. Certes, tout cela est franchement s\u00e9duisant : on shoote, on observe en direct le r\u00e9sultat. On re-shoote encore et encore. Tout est facile, rapide. Peut \u00eatre un peu trop ? J&rsquo;aimerais revenir un peu en arri\u00e8re, au moins pour voir. Et avoir ce plaisir de l&rsquo;attente qui, je crois, fait aussi partie de la magie de la photo, du moins telle que je la con\u00e7ois.<\/p>\n<p><a href=\"https:\/\/www.deedeeparis.com\/blog\/wp-content\/uploads\/2011\/09\/IMG_7676.JPG_effected.jpg\"><img loading=\"lazy\" decoding=\"async\" class=\"alignnone size-medium wp-image-12754\" title=\"Mini diana\" src=\"https:\/\/www.deedeeparis.com\/blog\/wp-content\/uploads\/2011\/09\/IMG_7676.JPG_effected-500x332.jpg\" alt=\"\" width=\"500\" height=\"332\" \/><\/a><\/p>\n<p>Pour toutes ces raisons, je me suis offert un petit Lomo avant l&rsquo;\u00e9t\u00e9. Je ne vais pas vous raconter ce qu&rsquo;est la Lomographie, hein, vous avez bien compris qu&rsquo;en la mati\u00e8re, vous \u00eates tomb\u00e9s sur une b\u00e9otienne.<\/p>\n<p>Sauf qu&rsquo;\u00e0 ce stade, je peux bien vous l&rsquo;avouer : c&rsquo;est un DRAME. Je n&rsquo;y arrive pas. C&rsquo;est \u00e0 dire que placer la pellicule correctement rel\u00e8ve d&rsquo;une mission digne de Koh Lanta. Quant \u00e0 comprendre les deux modes de prise de vue, n&rsquo;en parlons pas. J&rsquo;ai d\u00e9j\u00e0 bousill\u00e9 3 pellicules pour RIEN et je commence \u00e0 \u00eatre s\u00e9v\u00e8rement frustr\u00e9e&#8230; Je crois que Diana et moi, on est pas faites pour s&rsquo;entendre. Et croyez moi, \u00e7a me fiche les nerfs en pelote, c&rsquo;t&rsquo;histoire !<\/p>\n","protected":false},"excerpt":{"rendered":"<p>S&rsquo;il y a bien un point sur lequel je suis contente de progresser gr\u00e2ce \u00e0 ce blog, c&rsquo;est la photo. Quand je revois les premi\u00e8res que j&rsquo;ai diffus\u00e9es ici sur ce blog, il y a plus de 6 ans, j&rsquo;ai honte. Non pas que je sois particuli\u00e8rement fi\u00e8re de celles que je r\u00e9alise aujourd&rsquo;hui, mais, [&hellip;]<\/p>\n","protected":false},"author":2,"featured_media":12757,"comment_status":"open","ping_status":"open","sticky":false,"template":"","format":"standard","meta":{"_acf_changed":false,"footnotes":""},"categories":[4],"tags":[4181,4179,1008,4180],"class_list":["post-12753","post","type-post","status-publish","format-standard","has-post-thumbnail","hentry","category-mavie","tag-lomo-a-paris","tag-mini-diana","tag-paris-plein-les-mirettes","tag-photo-a-paris"],"acf":[],"geo":null,"_links":{"self":[{"href":"https:\/\/www.deedeeparis.com\/blog\/wp-json\/wp\/v2\/posts\/12753","targetHints":{"allow":["GET"]}}],"collection":[{"href":"https:\/\/www.deedeeparis.com\/blog\/wp-json\/wp\/v2\/posts"}],"about":[{"href":"https:\/\/www.deedeeparis.com\/blog\/wp-json\/wp\/v2\/types\/post"}],"author":[{"embeddable":true,"href":"https:\/\/www.deedeeparis.com\/blog\/wp-json\/wp\/v2\/users\/2"}],"replies":[{"embeddable":true,"href":"https:\/\/www.deedeeparis.com\/blog\/wp-json\/wp\/v2\/comments?post=12753"}],"version-history":[{"count":5,"href":"https:\/\/www.deedeeparis.com\/blog\/wp-json\/wp\/v2\/posts\/12753\/revisions"}],"predecessor-version":[{"id":12759,"href":"https:\/\/www.deedeeparis.com\/blog\/wp-json\/wp\/v2\/posts\/12753\/revisions\/12759"}],"wp:featuredmedia":[{"embeddable":true,"href":"https:\/\/www.deedeeparis.com\/blog\/wp-json\/wp\/v2\/media\/12757"}],"wp:attachment":[{"href":"https:\/\/www.deedeeparis.com\/blog\/wp-json\/wp\/v2\/media?parent=12753"}],"wp:term":[{"taxonomy":"category","embeddable":true,"href":"https:\/\/www.deedeeparis.com\/blog\/wp-json\/wp\/v2\/categories?post=12753"},{"taxonomy":"post_tag","embeddable":true,"href":"https:\/\/www.deedeeparis.com\/blog\/wp-json\/wp\/v2\/tags?post=12753"}],"curies":[{"name":"wp","href":"https:\/\/api.w.org\/{rel}","templated":true}]}}