{"id":12975,"date":"2011-10-12T12:40:11","date_gmt":"2011-10-12T10:40:11","guid":{"rendered":"https:\/\/www.deedeeparis.com\/blog\/?p=12975"},"modified":"2011-10-19T16:53:38","modified_gmt":"2011-10-19T14:53:38","slug":"ventilo-collection-automne-hiver-2012","status":"publish","type":"post","link":"https:\/\/www.deedeeparis.com\/blog\/ventilo-collection-automne-hiver-2012","title":{"rendered":"Chaud le manteau, chaud !"},"content":{"rendered":"<p><a href=\"https:\/\/www.deedeeparis.com\/blog\/wp-content\/uploads\/2011\/12\/IMG_9504.jpg_effected.jpg\"><img loading=\"lazy\" decoding=\"async\" class=\"shadowless\" title=\"Manteau Ventilo\" src=\"https:\/\/www.deedeeparis.com\/blog\/wp-content\/uploads\/2011\/12\/IMG_9504.jpg_effected-500x610.jpg\" alt=\"\" width=\"500\" height=\"610\" \/><\/a><\/p>\n<p>Puisqu&rsquo;on est bel et bien entr\u00e9 de plain pied dans l&rsquo;automne, autant s&rsquo;atteler \u00e0 la pi\u00e8ce ma\u00eetresse de la saison : le manteau.<\/p>\n<p>Je vous l&rsquo;accorde, il fait encore un poil trop \u00ab\u00a0chaud\u00a0\u00bb (ahah) pour qu&rsquo;une telle pi\u00e8ce soit un impond\u00e9rable, mais enfin, en ce qui me concerne, je pr\u00e9f\u00e8re assurer mes arri\u00e8res : en mati\u00e8re de manteau, ma tr\u00e8s longue exp\u00e9rience de modeuse (oui, je vous pr\u00e9viens, le mercredi, je suis dr\u00f4le) m&rsquo;a maintes fois prouv\u00e9 qu&rsquo;\u00e0 Paris du moins, pays du \u00ab\u00a0<a title=\"Rupture de stock\" href=\"https:\/\/www.deedeeparis.com\/blog\/jolie-petite-histoire\" target=\"_blank\">sold out ch\u00e9rie<\/a>\u00ab\u00a0, il valait mieux d\u00e9gainer sa CB trop t\u00f4t que trop tard, sous peine de finir avec une vieille pelisse trois fois trop grande. On a pas des vies faciles, CQFD, une fois de plus !<\/p>\n<p>Or donc, Gaston a trouv\u00e9 son Graal ann\u00e9e mod\u00e8le 2012, comme je vous le disais lundi, par l&rsquo;entremise de Ventilo.<\/p>\n<p>De cette marque, j&rsquo;avoue que je ne connaissais pas grand chose. Tout au plus une devanture qui m&rsquo;intriguait et m&rsquo;intimidait plut\u00f4t, boulevard Madeleine, dans une autre vie.<\/p>\n<p>Et puis, en septembre, j&rsquo;ai \u00e9t\u00e9 invit\u00e9e \u00e0 rencontrer la directrice de collection de la marque. Et \u00e0 choisir une pi\u00e8ce, une seule, de la collection automne-hiver 2012. Ce manteau, vous l&rsquo;aurez compris !<\/p>\n<p>Je ne vais pas vous faire l&rsquo;apologie de la marque et de son univers. \u00c7a n&rsquo;est pas l&rsquo;envie qui m&rsquo;en manque, mais je ne voudrais pas que vous croyiez qu&rsquo;on ach\u00e8te mon avis \u00e0 coup de manteau \ud83d\ude42<\/p>\n<p>En revanche, ce que je peux vous dire, c&rsquo;est que cette rencontre avec Fr\u00e9d\u00e9rique Vilaceque \u00e9tait une vraie belle rencontre. J&rsquo;ai ador\u00e9 sa personnalit\u00e9, riche, pleine, enti\u00e8re. Sa vision de la mode, l&rsquo;histoire de Ventilo qu&rsquo;\u00e0 ma demande, elle m&rsquo;a racont\u00e9e. Le choix des mati\u00e8res, belles, nobles, incroyables : pour ce manteau, par exemple, la trame a \u00e9t\u00e9 dessin\u00e9e \u00e0 la main, la mati\u00e8re pens\u00e9e pour \u00eatre chaude et \u00e9l\u00e9gante \u00e0 la fois. Si certaines pi\u00e8ces p\u00e2tissent peut \u00eatre, \u00e0 mon sens, d&rsquo;une coupe un peu trop \u00ab\u00a0femme mature\u00a0\u00bb pour moi, j&rsquo;ai aim\u00e9 toucher ces cuirs, ces peaux (notamment cette jupe longue \u00e0 la coupe parfaite !), ces soies, ces laines et ces velours, ceux-l\u00e0 m\u00eame qui ont fait la popularit\u00e9 de la marque.<\/p>\n<p><a href=\"https:\/\/www.deedeeparis.com\/blog\/wp-content\/uploads\/2011\/12\/IMG_9516a.jpg_effected.jpg\"><img loading=\"lazy\" decoding=\"async\" class=\"shadowless\" title=\"manteau ventilo\" src=\"https:\/\/www.deedeeparis.com\/blog\/wp-content\/uploads\/2011\/12\/IMG_9516a.jpg_effected-500x610.jpg\" alt=\"\" width=\"500\" height=\"610\" \/><\/a><\/p>\n<p><a href=\"https:\/\/www.deedeeparis.com\/blog\/wp-content\/uploads\/2011\/12\/IMG_9527.jpg_effected.jpg\"><img loading=\"lazy\" decoding=\"async\" class=\"shadowless\" title=\"manteau ventilo\" src=\"https:\/\/www.deedeeparis.com\/blog\/wp-content\/uploads\/2011\/12\/IMG_9527.jpg_effected-500x610.jpg\" alt=\"\" width=\"500\" height=\"610\" \/><\/a><\/p>\n<p><a href=\"https:\/\/www.deedeeparis.com\/blog\/wp-content\/uploads\/2011\/12\/IMG_9502.jpg_effected.jpg\"><img loading=\"lazy\" decoding=\"async\" class=\"shadowless\" title=\"manteau ventilo\" src=\"https:\/\/www.deedeeparis.com\/blog\/wp-content\/uploads\/2011\/12\/IMG_9502.jpg_effected-500x610.jpg\" alt=\"\" width=\"500\" height=\"610\" \/><\/a><\/p>\n<p>La marque a \u00e9t\u00e9 cr\u00e9\u00e9e en 1972 par Armand Ventilo. Il souhaitait que ses v\u00eatements soient synonymes d&rsquo;\u00e9vasion. A n&rsquo;en pas douter, la richesse du m\u00e9tissage est encore pr\u00e9sente aujourd&rsquo;hui dans chacune de ces pi\u00e8ces !<\/p>\n<p><em>Manteau <a title=\"Ventilo\" href=\"http:\/\/www.ventilo.fr\/fr\/index.htm\" target=\"_blank\">Ventilo<\/a> \/\/ Robe Brand Bazar (d\u00e9j\u00e0 vue <a title=\"Robe brand bazar\" href=\"https:\/\/www.deedeeparis.com\/blog\/brand-bazar\" target=\"_blank\">ici<\/a>) \/\/ Chaussettes Monoprix \/\/ Bague Asos (pas ch\u00e8re mais d\u00e9j\u00e0 cass\u00e9e, pffff) \/\/ Chaussures <a title=\"Chocolate Schubar\" href=\"http:\/\/www.spartoo.com\/Chocolate-Schubar-NARCISSE-x109634.php\" target=\"_blank\">Chocolate Schubar<\/a> (le nom qui ne s&rsquo;invente pas&#8230;!) (je viens de voir qu&rsquo;il y avait une promo sur lesdites chaussures, pour info)<\/em><em> \/\/ Sac My Suelly \/\/ <\/em><em>Gaston <\/em><em><em><a title=\"Emmanuelle  Esther\" href=\"http:\/\/www.emmanuelle-esther.com\/\" target=\"_blank\">Emmanuelle        Esther<\/a><\/em><\/em><em><br \/>\n<\/em><\/p>\n","protected":false},"excerpt":{"rendered":"<p>Puisqu&rsquo;on est bel et bien entr\u00e9 de plain pied dans l&rsquo;automne, autant s&rsquo;atteler \u00e0 la pi\u00e8ce ma\u00eetresse de la saison : le manteau. Je vous l&rsquo;accorde, il fait encore un poil trop \u00ab\u00a0chaud\u00a0\u00bb (ahah) pour qu&rsquo;une telle pi\u00e8ce soit un impond\u00e9rable, mais enfin, en ce qui me concerne, je pr\u00e9f\u00e8re assurer mes arri\u00e8res : en [&hellip;]<\/p>\n","protected":false},"author":2,"featured_media":19725,"comment_status":"open","ping_status":"open","sticky":false,"template":"","format":"standard","meta":{"_acf_changed":false,"footnotes":""},"categories":[25],"tags":[4176,4209,1265,3678,1437,4207,4208,1330,4145],"class_list":["post-12975","post","type-post","status-publish","format-standard","has-post-thumbnail","hentry","category-lookbook-mode-a-paris","tag-brand-bazar","tag-chocolate-schubar","tag-emmanuelle-esther","tag-gaston-emmanuelle-esther","tag-gaston-le-mouton-de-la-mode","tag-manteau-ventilo","tag-manteaux-2011-2012","tag-mode-a-paris","tag-ventilo"],"acf":[],"geo":null,"_links":{"self":[{"href":"https:\/\/www.deedeeparis.com\/blog\/wp-json\/wp\/v2\/posts\/12975","targetHints":{"allow":["GET"]}}],"collection":[{"href":"https:\/\/www.deedeeparis.com\/blog\/wp-json\/wp\/v2\/posts"}],"about":[{"href":"https:\/\/www.deedeeparis.com\/blog\/wp-json\/wp\/v2\/types\/post"}],"author":[{"embeddable":true,"href":"https:\/\/www.deedeeparis.com\/blog\/wp-json\/wp\/v2\/users\/2"}],"replies":[{"embeddable":true,"href":"https:\/\/www.deedeeparis.com\/blog\/wp-json\/wp\/v2\/comments?post=12975"}],"version-history":[{"count":5,"href":"https:\/\/www.deedeeparis.com\/blog\/wp-json\/wp\/v2\/posts\/12975\/revisions"}],"predecessor-version":[{"id":12979,"href":"https:\/\/www.deedeeparis.com\/blog\/wp-json\/wp\/v2\/posts\/12975\/revisions\/12979"}],"wp:featuredmedia":[{"embeddable":true,"href":"https:\/\/www.deedeeparis.com\/blog\/wp-json\/wp\/v2\/media\/19725"}],"wp:attachment":[{"href":"https:\/\/www.deedeeparis.com\/blog\/wp-json\/wp\/v2\/media?parent=12975"}],"wp:term":[{"taxonomy":"category","embeddable":true,"href":"https:\/\/www.deedeeparis.com\/blog\/wp-json\/wp\/v2\/categories?post=12975"},{"taxonomy":"post_tag","embeddable":true,"href":"https:\/\/www.deedeeparis.com\/blog\/wp-json\/wp\/v2\/tags?post=12975"}],"curies":[{"name":"wp","href":"https:\/\/api.w.org\/{rel}","templated":true}]}}