{"id":1309,"date":"2009-08-24T07:11:25","date_gmt":"2009-08-24T07:11:25","guid":{"rendered":"https:\/\/www.deedeeparis.com\/wordpress\/1596-reve-generale"},"modified":"2009-08-24T07:11:25","modified_gmt":"2009-08-24T07:11:25","slug":"reve-generale","status":"publish","type":"post","link":"https:\/\/www.deedeeparis.com\/blog\/reve-generale","title":{"rendered":"R\u00eave g\u00e9n\u00e9rale&#8230;"},"content":{"rendered":"<p><img decoding=\"async\" src=\"\/blog\/images\/Humeur\/Tranches de vie 003.jpg\" alt=\"\" \/><\/p>\n<p>7h32. Le r\u00e9veil me tire de ce sommeil qui fut pourtant si long \u00e0 obtenir. Il me faut \u00e0 peine un moment pour sortir de ma torpeur et r\u00e9aliser que \u00e7a y est, les vacances sont bel et bien termin\u00e9es.<\/p>\n<p>Aussit\u00f4t, la routine reprend ses droits. Cuisine, verre d&rsquo;eau-Levothyrox, caresses au chat, douche-France Info, re-cuisine, petit-d\u00e9jeuner en feuilletant mon ELLE, penderie-j&rsquo;ai-rien-\u00e0-me-mettre, re-caresses au chat, s\u00e9chage de cheveux-maquillage-et-mince-je-suis-encore-en-retard, m\u00e9tro-musique ou m\u00e9tro-livre selon l&rsquo;humeur.<\/p>\n<p>Mon quotidien reprend ses droits aussi vite qu&rsquo;une bonne vieille paire de ballerines, c&rsquo;en est intriguant, voire m\u00eame un peu flippant. Le rituel est si bien huil\u00e9 qu&rsquo;encore un peu et je soup\u00e7onnerais qu&rsquo;il n&rsquo;a pas \u00e9t\u00e9 interrompu un seul jour.<\/p>\n<p>Jusqu&rsquo;\u00e0 ce moment o\u00f9 je franchis les derniers m\u00e8tres qui me s\u00e9parent de mon bureau&#8230; Et l\u00e0, cette pens\u00e9e un peu folle&nbsp;: \u00ab\u00a0<em>chiche, je n&rsquo;y vais pas !<\/em>\u00ab\u00a0<\/p>\n<p>Aussit\u00f4t, mille id\u00e9es se mettent en branle. D&rsquo;abord, rentrer \u00e0 la maison pour paresser sous la couette. Prendre un bon th\u00e9, d\u00e9gainer mon livre et me poser dans le canap\u00e9 pour le lire jusqu&rsquo;\u00e0 la lie, me concocter un bon petit repas, aller voir cette expo qui me fait de l&rsquo;&#339;il depuis&#8230; au moins tout \u00e7a, appeler telle copine pour d\u00e9jeuner avec elle, me faire une toile, aller acheter de la laine pour que S. ou M. me confectionne mon \u00e9charpe de l&rsquo;hiver, mettre \u00e0 jour mon vide-dressing, finir d&rsquo;agr\u00e9ger mes adresses f\u00e9tiches pour vous proposer ce petit guide tr\u00e9pidant et truculent sur lequel je planche depuis au moins tout \u00e7a, bosser sur ce projet, non, pas celui-l\u00e0, un autre, appeler mon fr\u00e8re et L., L., G., H. et M., planifier, enfin, ce diner, ranger, faire ce tri que je me promets de faire depuis des lustres, aller manger une glace pendant qu&rsquo;il fait encore beau, passer chez Decathlon ou chez Go Sport acheter des mini-palmes et un maillot-de-bain digne de ce nom pour muscler tout \u00e7a, courir place des Vosges m&rsquo;offrir ce bracelet qui me fait tant envie, trouver une id\u00e9e pour nos 4 ans de mariage, aller boire un verre en terrasse arm\u00e9e d&rsquo;un bon bouquin, faire d\u00e9velopper les photos des vacances pour en tapisser frigo, murs et p\u00eales-m\u00eales, finir de lire tous les emails re\u00e7us pendant les vacances, trouver la solution miracle pour conserver mon teint blanc fonc\u00e9, aller dans ce quartier et prendre quelques photos.<\/p>\n<p>Et puis, finalement, je pousse le portillon et p\u00e9n\u00e8tre dans l&rsquo;ascenseur&#8230;<\/p>\n<p>What else ?!<\/p>\n","protected":false},"excerpt":{"rendered":"<p><img decoding=\"async\" src=\"\/blog\/images\/Humeur\/Tranches de vie 003.jpg\" alt=\"\" \/><\/p>\n<p>7h32. Le r\u00e9veil me tire de ce sommeil qui fut pourtant si long \u00e0 obtenir. Il me faut \u00e0 peine un moment pour sortir de ma torpeur et r\u00e9aliser que \u00e7a y est, les vacances sont bel et bien termin\u00e9es.<\/p>\n<p>Aussit\u00f4t, la routine reprend ses droits. Cuisine, verre d&rsquo;eau-Levothyrox, caresses au chat, douche-France Info, re-cuisine, petit-d\u00e9jeuner en feuilletant mon ELLE, penderie-j&rsquo;ai-rien-\u00e0-me-mettre, re-caresses au chat, s\u00e9chage de cheveux-maquillage-et-mince-je-suis-encore-en-retard, m\u00e9tro-musique ou m\u00e9tro-livre selon l&rsquo;humeur.<\/p>\n<p>Mon quotidien reprend ses droits aussi vite qu&rsquo;une bonne vieille paire de ballerines, c&rsquo;en est intriguant, voire m\u00eame un peu flippant. Le rituel est si bien huil\u00e9 qu&rsquo;encore un peu et je soup\u00e7onnerais qu&rsquo;il n&rsquo;a pas \u00e9t\u00e9 interrompu un seul jour.<\/p>\n<p>Jusqu&rsquo;\u00e0 ce moment o\u00f9 je franchis les derniers m\u00e8tres qui me s\u00e9parent de mon bureau&#8230; Et l\u00e0, cette pens\u00e9e un peu folle&nbsp;: \u00ab\u00a0<em>chiche, je n&rsquo;y vais pas !<\/em>\u00ab\u00a0<\/p>\n","protected":false},"author":2,"featured_media":0,"comment_status":"open","ping_status":"open","sticky":false,"template":"","format":"standard","meta":{"_acf_changed":false,"footnotes":""},"categories":[8],"tags":[],"class_list":["post-1309","post","type-post","status-publish","format-standard","hentry","category-chroniques-de-paris"],"acf":[],"geo":null,"_links":{"self":[{"href":"https:\/\/www.deedeeparis.com\/blog\/wp-json\/wp\/v2\/posts\/1309","targetHints":{"allow":["GET"]}}],"collection":[{"href":"https:\/\/www.deedeeparis.com\/blog\/wp-json\/wp\/v2\/posts"}],"about":[{"href":"https:\/\/www.deedeeparis.com\/blog\/wp-json\/wp\/v2\/types\/post"}],"author":[{"embeddable":true,"href":"https:\/\/www.deedeeparis.com\/blog\/wp-json\/wp\/v2\/users\/2"}],"replies":[{"embeddable":true,"href":"https:\/\/www.deedeeparis.com\/blog\/wp-json\/wp\/v2\/comments?post=1309"}],"version-history":[{"count":0,"href":"https:\/\/www.deedeeparis.com\/blog\/wp-json\/wp\/v2\/posts\/1309\/revisions"}],"wp:attachment":[{"href":"https:\/\/www.deedeeparis.com\/blog\/wp-json\/wp\/v2\/media?parent=1309"}],"wp:term":[{"taxonomy":"category","embeddable":true,"href":"https:\/\/www.deedeeparis.com\/blog\/wp-json\/wp\/v2\/categories?post=1309"},{"taxonomy":"post_tag","embeddable":true,"href":"https:\/\/www.deedeeparis.com\/blog\/wp-json\/wp\/v2\/tags?post=1309"}],"curies":[{"name":"wp","href":"https:\/\/api.w.org\/{rel}","templated":true}]}}