{"id":1362,"date":"2009-09-28T07:11:25","date_gmt":"2009-09-28T07:11:25","guid":{"rendered":"https:\/\/www.deedeeparis.com\/wordpress\/1547-interview-michel-et-augustin"},"modified":"2009-09-28T07:11:25","modified_gmt":"2009-09-28T07:11:25","slug":"interview-michel-et-augustin","status":"publish","type":"post","link":"https:\/\/www.deedeeparis.com\/blog\/interview-michel-et-augustin","title":{"rendered":"L&rsquo;interview parisienne de la semaine : Michel et Augustin"},"content":{"rendered":"<p><img decoding=\"async\" src=\"\/blog\/images\/ITV-Paris\/M&amp;A-ChristopheMEIREIS.jpg\" alt=\"\" \/><\/p>\n<p>Michel et Augustin, c&rsquo;est une de mes premi\u00e8res histoires d&rsquo;amour li\u00e9e au blog. La preuve, je les avais <a href=\"https:\/\/www.deedeeparis.com\/blog\/index.php?2007\/04\/16\/241-michel-augustin\">deedeecast\u00e9s<\/a>, \u00e0 l&rsquo;\u00e9poque (boudiou, tout ceci ne nous rajeunit pas !)<\/p>\n<p>Une belle d\u00e9couverte &#8211; une de celles qui me font toujours appr\u00e9cier les blogs &#8211; alors que l&rsquo;\u00e9quipe \u00e9tait encore un tout petit effectif et n&rsquo;avait que les petits sabl\u00e9s ronds et bons&nbsp;!<\/p>\n<p><strong>Qui \u00eates-vous ?<\/strong><\/p>\n<p>Michel&nbsp;: je m&#8217;appelle Michel.<\/p>\n<p>Augustin&nbsp;: et moi Augustin&nbsp;!<\/p>\n<p><strong>Vous d\u00e9finiriez-vous comme un parisien de naissance, un parisien de c&#339;ur ou un parisien de passage ?<\/strong><\/p>\n<p>Michel&nbsp;: de naissance.<\/p>\n<p>Augustin&nbsp;: idem.<\/p>\n<p><strong>Si vous deviez d\u00e9finir Paris en quelques mots&#8230;<\/strong><\/p>\n<p>Michel&nbsp;: Paris, c&#8217;est une d\u00e9couverte progressive comme enfant, une re-d\u00e9couverte le jour o\u00f9 on a parcouru les boulangeries avec Augustin pour le guide des boulangeries, et des milliers de surprises quand on m&#8217;a offert un v\u00e9lo.<\/p>\n<p>Augustin&nbsp;: esth\u00e9tiquement superbe, follement gourmand&#8230; et 1 263 boulangeries&nbsp;!<\/p>\n<p><strong>Si Paris \u00e9tait une chanson ?<\/strong><\/p>\n<p>Augustin&nbsp;: Le pont Mirabeau, de Marc Lavoine, ou \u00ab&nbsp;Croquez la vie et la vie vous sourira&nbsp;!&nbsp;\u00bb<\/p>\n<p>Michel&nbsp;: Paris s&#8217;\u00e9veille, de Jacques Dutronc. Une chanson qui ne vieillit pas.<\/p>\n<p><strong>Si Paris \u00e9tait un parfum ?<\/strong><\/p>\n<p>Augustin&nbsp;: \u00ab&nbsp;La Parisienne&nbsp;\u00bb, d&#8217;Yves Saint Laurent. Parce que c&#8217;est au Pont Alexandre III \u00e0 4h50.<\/p>\n<p>Michel&nbsp;: \u00ab&nbsp;Eau d&#8217;Hadrien&nbsp;\u00bb, d&#8217;Annick Goutal.<\/p>\n<p><strong>Si vous deviez quitter Paris, vous seriez&#8230;<\/strong><\/p>\n<p>Augustin&nbsp;: Saint-Pierrais (Saint-Pierre-en-Port, en Seine Maritime). Les Cara\u00efbes \u00e0 2h de Paris, sans personne.<\/p>\n<p>Michel&nbsp;: Je serais triste, mais j&#8217;irai \u00e0 Guernesey \ud83d\ude09<\/p>\n<p><strong>Votre restaurant pr\u00e9f\u00e9r\u00e9 ?<\/strong><\/p>\n<p>Augustin&nbsp;: Little Big Chef, 7 rue de l&#8217;\u00e9glise, \u00e0 Boulogne Billancourt. Une sandwicherie avec aux manettes un ex-grand chef parisien, Alain Brigant.<\/p>\n<p>Michel&nbsp;: Le Kong, 1 rue du Pont Neuf, \u00e0 Paris. Pour le go\u00fbt, et la vue.<\/p>\n<p><strong>Votre caf\u00e9\/bar\/salon de th\u00e9 pr\u00e9f\u00e9r\u00e9 ?<\/strong><\/p>\n<p>Augustin&nbsp;: chez Agn\u00e8s, 15 rue du Parchamp, \u00e0 Boulogne Billancourt. Un bistro simple, anim\u00e9 et 100% vrai de 7h \u00e0 23h. (NDLR&nbsp;: pffffffff qui a dit que Boulogne \u00e9tait parisien ?! \ud83d\ude09<\/p>\n<p>Michel&nbsp;: le caf\u00e9 Merci, boulevard Beaumarchais \u00e0 Paris. C&#8217;est sympathique. Plein de beaux objets. Et c&#8217;est un \u00ab&nbsp;charity shop&nbsp;\u00bb.<\/p>\n<pre><\/pre>\n<p><strong>Votre boutique pr\u00e9f\u00e9r\u00e9e ?<\/strong><\/p>\n<p>Augustin&nbsp;: Le Delas \u00e0 Rungis. La caverne d&#8217;Ali Baba, genre la Grande Epicerie, mais pour les professionnels.<\/p>\n<p>Michel&nbsp;: le Drugstore Publicis, sur les Champs Elys\u00e9es. Un impression d&#8217;ailleurs, et plus de notion de temps.<\/p>\n<p><strong>Pour vous, le m\u00e9tro, c&rsquo;est&#8230;<\/strong><\/p>\n<p>Augustin&nbsp;: nu avec des t\u00e2ches de vaches, sur le quai de la Motte-Picquet Grenelle. (NDLR&nbsp;: quoi, j&rsquo;ai loup\u00e9 \u00e7a ?!)<\/p>\n<p>Michel&nbsp;: \u00ab&nbsp;\u00e0 nous Paris&nbsp;!&nbsp;\u00bb<\/p>\n<p><strong>Votre arrondissement pr\u00e9f\u00e9r\u00e9 ?<\/strong><\/p>\n<p>Augustin&nbsp;: dans le 18\u00e8, le flanc nord de la Butte Montmartre, \u00e0 c\u00f4t\u00e9 de la Mairie. Cosmopolite, vivant, simple, naturel. Et c&#8217;est au 24 rue Hermel, chez Salah, qu&#8217;a \u00e9t\u00e9 aper\u00e7u le premier client des petits sabl\u00e9s ronds et bons (8 janvier 2005).<\/p>\n<p>Michel&nbsp;: le 9\u00e8 (tout pr\u00e8s du 18\u00e8 ;). Plut\u00f4t la partie sud, pour ses petites rues, son animation, ses bons restaurants.<\/p>\n<p><strong>Votre lieu pr\u00e9f\u00e9r\u00e9 ?<\/strong><\/p>\n<p>Augustin&nbsp;: l&#8217;All\u00e9e des Cygnes (entre Bir Hakeim et la statue de la Libert\u00e9). Statue de la libert\u00e9<\/p>\n<p>Michel&nbsp;: la Cit\u00e9 de Tr\u00e9vise, dans le 9\u00e8. Verdure et jolie architecture.<\/p>\n","protected":false},"excerpt":{"rendered":"<p><img decoding=\"async\" src=\"\/blog\/images\/ITV-Paris\/M&amp;A-ChristopheMEIREIS.jpg\" alt=\"\" \/><\/p>\n<p>Michel et Augustin, c&rsquo;est une de mes premi\u00e8res histoires d&rsquo;amour li\u00e9e au blog. La preuve, je les avais <a href=\"https:\/\/www.deedeeparis.com\/blog\/index.php?2007\/04\/16\/241-michel-augustin\">deedeecast\u00e9s<\/a>, \u00e0 l&rsquo;\u00e9poque (boudiou, tout ceci ne nous rajeunit pas !)<\/p>\n<p>Une belle d\u00e9couverte &#8211; une de celles qui me font toujours appr\u00e9cier les blogs &#8211; alors que l&rsquo;\u00e9quipe \u00e9tait encore un tout petit effectif et n&rsquo;avait que les petits sabl\u00e9s ronds et bons&nbsp;!<\/p>\n<p><strong>Qui \u00eates-vous ?<\/strong><\/p>\n<p>Michel&nbsp;: je m&#8217;appelle Michel.<\/p>\n<p>Augustin&nbsp;: et moi Augustin&nbsp;!<\/p>\n","protected":false},"author":2,"featured_media":0,"comment_status":"open","ping_status":"open","sticky":false,"template":"","format":"standard","meta":{"_acf_changed":false,"footnotes":""},"categories":[24],"tags":[47,2356,995,2283,2357],"class_list":["post-1362","post","type-post","status-publish","format-standard","hentry","category-les-interviews-parisiennes","tag-deedeecast","tag-interview-blog","tag-interview-parisienne","tag-michel-et-augustin","tag-sables-ronds-et-bons"],"acf":[],"geo":null,"_links":{"self":[{"href":"https:\/\/www.deedeeparis.com\/blog\/wp-json\/wp\/v2\/posts\/1362","targetHints":{"allow":["GET"]}}],"collection":[{"href":"https:\/\/www.deedeeparis.com\/blog\/wp-json\/wp\/v2\/posts"}],"about":[{"href":"https:\/\/www.deedeeparis.com\/blog\/wp-json\/wp\/v2\/types\/post"}],"author":[{"embeddable":true,"href":"https:\/\/www.deedeeparis.com\/blog\/wp-json\/wp\/v2\/users\/2"}],"replies":[{"embeddable":true,"href":"https:\/\/www.deedeeparis.com\/blog\/wp-json\/wp\/v2\/comments?post=1362"}],"version-history":[{"count":0,"href":"https:\/\/www.deedeeparis.com\/blog\/wp-json\/wp\/v2\/posts\/1362\/revisions"}],"wp:attachment":[{"href":"https:\/\/www.deedeeparis.com\/blog\/wp-json\/wp\/v2\/media?parent=1362"}],"wp:term":[{"taxonomy":"category","embeddable":true,"href":"https:\/\/www.deedeeparis.com\/blog\/wp-json\/wp\/v2\/categories?post=1362"},{"taxonomy":"post_tag","embeddable":true,"href":"https:\/\/www.deedeeparis.com\/blog\/wp-json\/wp\/v2\/tags?post=1362"}],"curies":[{"name":"wp","href":"https:\/\/api.w.org\/{rel}","templated":true}]}}