{"id":1372,"date":"2009-10-20T07:35:09","date_gmt":"2009-10-20T07:35:09","guid":{"rendered":"https:\/\/www.deedeeparis.com\/wordpress\/1537-la-mode-parfois-c-est-pathetique"},"modified":"2009-10-20T07:35:09","modified_gmt":"2009-10-20T07:35:09","slug":"la-mode-parfois-c-est-pathetique","status":"publish","type":"post","link":"https:\/\/www.deedeeparis.com\/blog\/la-mode-parfois-c-est-pathetique","title":{"rendered":"La mode, parfois, c&rsquo;est path\u00e9tique !"},"content":{"rendered":"<p><img decoding=\"async\" src=\"\/blog\/images\/Fashion pas victime\/look idem.jpg\" alt=\"\" \/><\/p>\n<p>La sc\u00e8ne se passe un lundi. J&rsquo;arrive au boulot, m&rsquo;installe devant mon mac et hop, c&rsquo;est parti pour de nouvelles aventures \u00e9videmment tr\u00e9pidantes et truculentes. Quelques minutes plus tard, ma coll\u00e8gue entre \u00e0 son tour dans le bureau. Apr\u00e8s les salutations d&rsquo;usage, elle m&rsquo;apostrophe d&rsquo;un \u00ab\u00a0<em>eh, c&rsquo;est la journ\u00e9e marini\u00e8re ?!<\/em>\u00ab\u00a0<\/p>\n<p>Mince, on a l&rsquo;air fin.<\/p>\n<p>Du coup, je d\u00e9taille plus avant sa tenue et constate qu&rsquo;elle porte un short. Et un collant opaque. Et cette paire de bottines \u00e9videmment divines puisque les m\u00eames que les miennes&#8230;&nbsp;!<\/p>\n<p>Crise de rire, \u00e9videmment, et rasage de mur toute la journ\u00e9e. Et <em>in fine<\/em>, cette question qui me br\u00fble les l\u00e8vres (le premier qui dit que c&rsquo;est une affirmation sera condamn\u00e9 \u00e0 porter une marini\u00e8re <em>ad vitam eternam<\/em>, vous \u00eates pr\u00e9venus !)&nbsp;: la mode n&rsquo;est-elle pas un poil path\u00e9tique, parfois ?!<\/p>\n<p>B\u00ea\u00ea\u00ea\u00ea\u00ea\u00ea, tiens&nbsp;!<\/p>\n","protected":false},"excerpt":{"rendered":"<p><img decoding=\"async\" src=\"\/blog\/images\/Fashion pas victime\/look idem.jpg\" alt=\"\" \/><\/p>\n<p>La sc\u00e8ne se passe un lundi. J&rsquo;arrive au boulot, m&rsquo;installe devant mon mac et hop, c&rsquo;est parti pour de nouvelles aventures \u00e9videmment tr\u00e9pidantes et truculentes. Quelques minutes plus tard, ma coll\u00e8gue entre \u00e0 son tour dans le bureau. Apr\u00e8s les salutations d&rsquo;usage, elle m&rsquo;apostrophe d&rsquo;un \u00ab\u00a0<em>eh, c&rsquo;est la journ\u00e9e marini\u00e8re ?!<\/em>\u00ab\u00a0<\/p>\n<p>Mince, on a l&rsquo;air fin.<\/p>\n","protected":false},"author":2,"featured_media":0,"comment_status":"open","ping_status":"open","sticky":false,"template":"","format":"standard","meta":{"_acf_changed":false,"footnotes":""},"categories":[7],"tags":[89,2433,2434,2432,1962],"class_list":["post-1372","post","type-post","status-publish","format-standard","hentry","category-shopping","tag-comment-porter-la-mariniere","tag-les-demoiselles-de-rochefort","tag-mariniere-sandro","tag-short-en-jean"],"acf":[],"geo":null,"_links":{"self":[{"href":"https:\/\/www.deedeeparis.com\/blog\/wp-json\/wp\/v2\/posts\/1372","targetHints":{"allow":["GET"]}}],"collection":[{"href":"https:\/\/www.deedeeparis.com\/blog\/wp-json\/wp\/v2\/posts"}],"about":[{"href":"https:\/\/www.deedeeparis.com\/blog\/wp-json\/wp\/v2\/types\/post"}],"author":[{"embeddable":true,"href":"https:\/\/www.deedeeparis.com\/blog\/wp-json\/wp\/v2\/users\/2"}],"replies":[{"embeddable":true,"href":"https:\/\/www.deedeeparis.com\/blog\/wp-json\/wp\/v2\/comments?post=1372"}],"version-history":[{"count":0,"href":"https:\/\/www.deedeeparis.com\/blog\/wp-json\/wp\/v2\/posts\/1372\/revisions"}],"wp:attachment":[{"href":"https:\/\/www.deedeeparis.com\/blog\/wp-json\/wp\/v2\/media?parent=1372"}],"wp:term":[{"taxonomy":"category","embeddable":true,"href":"https:\/\/www.deedeeparis.com\/blog\/wp-json\/wp\/v2\/categories?post=1372"},{"taxonomy":"post_tag","embeddable":true,"href":"https:\/\/www.deedeeparis.com\/blog\/wp-json\/wp\/v2\/tags?post=1372"}],"curies":[{"name":"wp","href":"https:\/\/api.w.org\/{rel}","templated":true}]}}