{"id":14221,"date":"2012-02-09T07:49:28","date_gmt":"2012-02-09T06:49:28","guid":{"rendered":"https:\/\/www.deedeeparis.com\/blog\/?p=14221"},"modified":"2012-02-08T23:08:48","modified_gmt":"2012-02-08T22:08:48","slug":"stephanie-vaille","status":"publish","type":"post","link":"https:\/\/www.deedeeparis.com\/blog\/stephanie-vaille","title":{"rendered":"In love with St\u00e9phanie Vaille&#8230;"},"content":{"rendered":"<p><a href=\"https:\/\/www.deedeeparis.com\/blog\/wp-content\/uploads\/2012\/02\/St\u00e9phanie-vaille-1.jpg\"><img loading=\"lazy\" decoding=\"async\" class=\"alignnone size-full wp-image-14249\" title=\"St\u00e9phanie-vaille-1\" src=\"https:\/\/www.deedeeparis.com\/blog\/wp-content\/uploads\/2012\/02\/St\u00e9phanie-vaille-1.jpg\" alt=\"\" width=\"500\" height=\"626\" \/><\/a><\/p>\n<p>Ouh la la, approchez approchez, que je vous pr\u00e9sente ce coup de coeur absolu en mati\u00e8re de mode !<\/p>\n<p>Depuis des semaines, une amie me tanait pour que je rencontre \u00ab\u00a0<em>une cr\u00e9atrice, tu verras, elle va te plaire, son travail est g\u00e9nial !<\/em>\u00ab\u00a0.<\/p>\n<p>Depuis des semaines, j&rsquo;essayais de caler la rencontre au planning (mon agenda est aussi plein qu&rsquo;une outre remplie \u00e0 bloc, c&rsquo;en est limite path\u00e9tique. Non, c&rsquo;est path\u00e9tique). Et nous y arriv\u00e2mes enfin, non sans quelques turpitudes calendaires !<\/p>\n<p>Ce jour l\u00e0, je me suis rendue au showroom de cette cr\u00e9atrice, et je suis imm\u00e9diatement tomb\u00e9e \u00e9perdument amoureuse de son travail.<\/p>\n<p><strong><a title=\"Stephanie vaille\" href=\"http:\/\/stephanievaille.com\/\" target=\"_blank\">St\u00e9phanie Vaille<\/a> a travaill\u00e9 pendant plus de 10 ans pour des grandes marques de luxe et de pr\u00eat-\u00e0-porter. <\/strong>Son job ? Proposer des robes, des blousons, des gilets&#8230; Et puis, elle a eu envie de cr\u00e9er quelque chose pour elle. Et a ainsi lanc\u00e9 sa marque, qui porte son nom, il y a quelques mois.<\/p>\n<p>Ce soir l\u00e0, j&rsquo;ai d\u00e9couvert des pi\u00e8ces magnifiques : <strong>les coupes sont parfaites, les tissus, cuirs et autres mati\u00e8res qu&rsquo;elle utilise d&rsquo;une qualit\u00e9 irr\u00e9prochable. Les broderies qui ornent certaines pi\u00e8ces exquises&#8230; Quant aux prix, ils sont plut\u00f4t abordables pour des pi\u00e8ces d&rsquo;aussi jolie facture.<\/strong><\/p>\n<p>J&rsquo;ai essay\u00e9 l&rsquo;int\u00e9gralit\u00e9 des v\u00eatements du showroom, je crois, et en ai emprunt\u00e9 quelques-uns que Gaston vous montrera d\u00e8s qu&rsquo;il a un peu de temps (on en revient au point de l&rsquo;agenda&#8230;).<\/p>\n<p>Voil\u00e0 bien longtemps que je n&rsquo;avais pas \u00e9t\u00e9 autant s\u00e9duite par <strong>une piste qui sort de l&rsquo;ordinaire, des v\u00eatements que l&rsquo;on ne retrouve pas \u00e0 chaque coin de rue, qui ont une vraie personnalit\u00e9 sans \u00eatre too much, et qui sont confectionn\u00e9s avec le plus grand soin et dans les mati\u00e8res les plus nobles. St\u00e9phanie Vaille, retenez bien ce nom, on en reparlera !<\/strong><\/p>\n<p>Si vous voulez voir de quoi il retourne, sa marque est distribu\u00e9e chez Brand Bazar et chez Merci \u00e0 Paris, mais aussi dans une dizaine de boutiques en France. Vous pouvez consulter toutes ses adresses sur <a title=\"St\u00e9phanie Vaille\" href=\"http:\/\/stephanievaille.com\/\" target=\"_blank\">son site<\/a>.<\/p>\n<p>En guise de conclusion, voil\u00e0 quelques photos de la collection de cet \u00e9t\u00e9, histoire de nous r\u00e9chauffer un peu !<\/p>\n<p><a href=\"https:\/\/www.deedeeparis.com\/blog\/wp-content\/uploads\/2012\/02\/Capture-d\u2019\u00e9cran-2012-02-08-\u00e0-18.42.04.png\"><img loading=\"lazy\" decoding=\"async\" class=\"alignnone size-medium wp-image-14252\" title=\"St\u00e9phanie Vaille\" src=\"https:\/\/www.deedeeparis.com\/blog\/wp-content\/uploads\/2012\/02\/Capture-d\u2019\u00e9cran-2012-02-08-\u00e0-18.42.04-500x370.png\" alt=\"\" width=\"500\" height=\"370\" \/><\/a><\/p>\n<p><a href=\"https:\/\/www.deedeeparis.com\/blog\/wp-content\/uploads\/2012\/02\/Capture-d\u2019\u00e9cran-2012-02-08-\u00e0-18.41.32.png\"><img loading=\"lazy\" decoding=\"async\" class=\"alignnone size-medium wp-image-14254\" title=\"St\u00e9phanie Vaille\" src=\"https:\/\/www.deedeeparis.com\/blog\/wp-content\/uploads\/2012\/02\/Capture-d\u2019\u00e9cran-2012-02-08-\u00e0-18.41.32-500x375.png\" alt=\"\" width=\"500\" height=\"375\" \/><\/a><\/p>\n<p><a href=\"https:\/\/www.deedeeparis.com\/blog\/wp-content\/uploads\/2012\/02\/Capture-d\u2019\u00e9cran-2012-02-08-\u00e0-18.42.14.png\"><img loading=\"lazy\" decoding=\"async\" class=\"alignnone size-medium wp-image-14251\" title=\"St\u00e9phanie Vaille\" src=\"https:\/\/www.deedeeparis.com\/blog\/wp-content\/uploads\/2012\/02\/Capture-d\u2019\u00e9cran-2012-02-08-\u00e0-18.42.14-500x376.png\" alt=\"\" width=\"500\" height=\"376\" \/><\/a><\/p>\n<p><a href=\"https:\/\/www.deedeeparis.com\/blog\/wp-content\/uploads\/2012\/02\/Capture-d\u2019\u00e9cran-2012-02-08-\u00e0-18.41.23.png\"><img loading=\"lazy\" decoding=\"async\" class=\"alignnone size-medium wp-image-14255\" title=\"St\u00e9phanie Vaille\" src=\"https:\/\/www.deedeeparis.com\/blog\/wp-content\/uploads\/2012\/02\/Capture-d\u2019\u00e9cran-2012-02-08-\u00e0-18.41.23-500x377.png\" alt=\"\" width=\"500\" height=\"377\" \/><\/a><\/p>\n","protected":false},"excerpt":{"rendered":"<p>Ouh la la, approchez approchez, que je vous pr\u00e9sente ce coup de coeur absolu en mati\u00e8re de mode ! Depuis des semaines, une amie me tanait pour que je rencontre \u00ab\u00a0une cr\u00e9atrice, tu verras, elle va te plaire, son travail est g\u00e9nial !\u00ab\u00a0. Depuis des semaines, j&rsquo;essayais de caler la rencontre au planning (mon agenda [&hellip;]<\/p>\n","protected":false},"author":2,"featured_media":14249,"comment_status":"open","ping_status":"open","sticky":false,"template":"","format":"standard","meta":{"_acf_changed":false,"footnotes":""},"categories":[7],"tags":[4426,1330,4425,4423],"class_list":["post-14221","post","type-post","status-publish","format-standard","has-post-thumbnail","hentry","category-shopping","tag-createur-mode-paris","tag-mode-a-paris","tag-stephanie-vaille","tag-stephanie-vaille-pe2012"],"acf":[],"geo":null,"_links":{"self":[{"href":"https:\/\/www.deedeeparis.com\/blog\/wp-json\/wp\/v2\/posts\/14221","targetHints":{"allow":["GET"]}}],"collection":[{"href":"https:\/\/www.deedeeparis.com\/blog\/wp-json\/wp\/v2\/posts"}],"about":[{"href":"https:\/\/www.deedeeparis.com\/blog\/wp-json\/wp\/v2\/types\/post"}],"author":[{"embeddable":true,"href":"https:\/\/www.deedeeparis.com\/blog\/wp-json\/wp\/v2\/users\/2"}],"replies":[{"embeddable":true,"href":"https:\/\/www.deedeeparis.com\/blog\/wp-json\/wp\/v2\/comments?post=14221"}],"version-history":[{"count":5,"href":"https:\/\/www.deedeeparis.com\/blog\/wp-json\/wp\/v2\/posts\/14221\/revisions"}],"predecessor-version":[{"id":14257,"href":"https:\/\/www.deedeeparis.com\/blog\/wp-json\/wp\/v2\/posts\/14221\/revisions\/14257"}],"wp:featuredmedia":[{"embeddable":true,"href":"https:\/\/www.deedeeparis.com\/blog\/wp-json\/wp\/v2\/media\/14249"}],"wp:attachment":[{"href":"https:\/\/www.deedeeparis.com\/blog\/wp-json\/wp\/v2\/media?parent=14221"}],"wp:term":[{"taxonomy":"category","embeddable":true,"href":"https:\/\/www.deedeeparis.com\/blog\/wp-json\/wp\/v2\/categories?post=14221"},{"taxonomy":"post_tag","embeddable":true,"href":"https:\/\/www.deedeeparis.com\/blog\/wp-json\/wp\/v2\/tags?post=14221"}],"curies":[{"name":"wp","href":"https:\/\/api.w.org\/{rel}","templated":true}]}}