{"id":1459,"date":"2010-01-22T13:52:08","date_gmt":"2010-01-22T12:52:08","guid":{"rendered":"https:\/\/www.deedeeparis.com\/wordpress\/sandro"},"modified":"2013-08-31T20:32:35","modified_gmt":"2013-08-31T18:32:35","slug":"sandro","status":"publish","type":"post","link":"https:\/\/www.deedeeparis.com\/blog\/sandro","title":{"rendered":"Rencontre avec le DG de chez SANDRO : qui veut en \u00eatre ?"},"content":{"rendered":"<p><img decoding=\"async\" alt=\"\" src=\"\/blog\/images\/Fashion pas victime\/Sandro-2010.jpg\" \/><\/p>\n<p>Voil\u00e0, VOILA, nous y sommes\u00a0: si vous avez suivi les \u00e9pisodes pr\u00e9c\u00e9dents, Fr\u00e9d\u00e9ric Biousse, le directeur g\u00e9n\u00e9ral de Sandro, est intervenu dans les commentaires de <a href=\"https:\/\/www.deedeeparis.com\/blog\/index.php?2010\/01\/04\/1449-bottines-sandro\">ce billet l\u00e0<\/a> (je sais, c&rsquo;est dingue). Lequel \u00e9tait un grand coup de gueule pour des bottines pay\u00e9es une somme inavouable et dont la qualit\u00e9 n&rsquo;est pas au rendez-vous.<\/p>\n<p>Fr\u00e9d\u00e9ric Biousse a fait amende honorable et, dans un souci de faire avancer le schmilblick et discuter de la marque, il a propos\u00e9 de nous rencontrer, nous. (je sais, c&rsquo;est dingue bis).<\/p>\n<p>Il nous propose un ap\u00e9ro <strong>jeudi prochain, le 28 JANVIER (!), \u00e0 19h<\/strong>. Il y a 8 places en tout, moins une pour moi si \u00e7a ne vous ennuie pas, hein\u00a0! <strong>7 places<\/strong> pour assister \u00e0 cet ap\u00e9ro, donc.<\/p>\n<p>C&rsquo;est l\u00e0 o\u00f9 on va bien rigoler. Si si, ahah, tu vois, on rit d\u00e9j\u00e0.<\/p>\n<p>Au vu des commentaires et des r\u00e9actions \u00e7a et l\u00e0, j&rsquo;ai bien conscience que beaucoup d&rsquo;entre vous aimeraient participer d&rsquo;une mani\u00e8re ou d&rsquo;une autre \u00e0 cette rencontre. Mais que l&rsquo;\u00e9quation 8 personnes + soir de semaine + Paris est incompatible avec les d\u00e9sid\u00e9ratas d&rsquo;un grand nombre d&rsquo;entre vous.<\/p>\n<p>Voil\u00e0 ce qu&rsquo;on va faire\u00a0: je vous laisse (comme d&rsquo;habitude&#8230;!) <strong>carte blanche ici dans les commentaires<\/strong> pour exprimer votre avis sur la question :<strong> \u00ab\u00a0que pensez-vous r\u00e9ellement de la marque Sandro ?\u00a0\u00bb<\/strong>. Qu&rsquo;il soit positif ou n\u00e9gatif, un minimum argument\u00e9 le commentaire, hein, rapport que si c&rsquo;est pour exprimer en kikoolol ou \u00e0 coup d&rsquo;insultes que Sandro c&rsquo;est rien que de la daube atomique, on ne va pas faire avancer le d\u00e9bat. Merci d&rsquo;avance.<\/p>\n<p>Je m&rsquo;engage sur l&rsquo;honneur croix de bois, croix de fer etc. \u00e0 transmettre vos questions \u00e0 Fr\u00e9d\u00e9ric.<\/p>\n<p>Quant aux <strong>personnes qui souhaiteraient participer \u00e0 cette rencontre, qu&rsquo;elles le fassent \u00e9galement savoir dans les commentaires<\/strong> (oui, je mets du gras maintenant, yen a qui ont l&rsquo;outrecuidance de ne pas TOUT LIRE quand ils participent et qui viennent ensuite jouer les offusqu\u00e9s, j&rsquo;te jure&#8230;).<\/p>\n<p>Pour \u00eatre tout a fait honn\u00eate avec vous, je ne sais pas bien comment les Elus seront choisis&#8230; Si sera l&rsquo;\u00e9meute pour participer ou si au contraire, on se retrouvera entre deux pel\u00e9s et un tondu le jour j. Je serais bien oblig\u00e9e d&rsquo;aviser en fonction de vos r\u00e9actions et au pire, tout cela se d\u00e9cidera une fois de plus gr\u00e2ce \u00e0 la main innocente de mon m\u00e2\u00e2\u00e2ri.. Ou bien je tenterai de faire un mix raisonnable et \u00e9quitable entre lectrices \/ copines \/ blogueuses. Let&rsquo;s go\u00a0!<\/p>\n<p><strong>Post scriptum :<\/strong> comment j&rsquo;ai les p\u00e9toches en fait. D\u00e9connez pas, me laissez pas toute seule jeudi prochain hein\u00a0!<\/p>\n","protected":false},"excerpt":{"rendered":"<p>Voil\u00e0, VOILA, nous y sommes : si vous avez suivi les \u00e9pisodes pr\u00e9c\u00e9dents, Fr\u00e9d\u00e9ric Biousse, le directeur g\u00e9n\u00e9ral de Sandro, est intervenu dans les commentaires de ce billet l\u00e0 (je sais, c&rsquo;est dingue). Lequel \u00e9tait un grand coup de gueule pour des bottines pay\u00e9es une somme inavouable et dont la qualit\u00e9 n&rsquo;est pas au rendez-vous.<\/p>\n","protected":false},"author":2,"featured_media":20913,"comment_status":"open","ping_status":"open","sticky":false,"template":"","format":"standard","meta":{"_acf_changed":false,"footnotes":""},"categories":[7],"tags":[2641,75,2623,2640,1330,2639,128,2642],"class_list":["post-1459","post","type-post","status-publish","format-standard","has-post-thumbnail","hentry","category-shopping","tag-dg-sandro","tag-fashion-pas-victime","tag-frederic-biousse","tag-interview-frederic-biousse","tag-mode-a-paris","tag-rencontre-avec-frederic-biousse","tag-sandro","tag-sandro-paris"],"acf":[],"geo":null,"_links":{"self":[{"href":"https:\/\/www.deedeeparis.com\/blog\/wp-json\/wp\/v2\/posts\/1459","targetHints":{"allow":["GET"]}}],"collection":[{"href":"https:\/\/www.deedeeparis.com\/blog\/wp-json\/wp\/v2\/posts"}],"about":[{"href":"https:\/\/www.deedeeparis.com\/blog\/wp-json\/wp\/v2\/types\/post"}],"author":[{"embeddable":true,"href":"https:\/\/www.deedeeparis.com\/blog\/wp-json\/wp\/v2\/users\/2"}],"replies":[{"embeddable":true,"href":"https:\/\/www.deedeeparis.com\/blog\/wp-json\/wp\/v2\/comments?post=1459"}],"version-history":[{"count":3,"href":"https:\/\/www.deedeeparis.com\/blog\/wp-json\/wp\/v2\/posts\/1459\/revisions"}],"predecessor-version":[{"id":20917,"href":"https:\/\/www.deedeeparis.com\/blog\/wp-json\/wp\/v2\/posts\/1459\/revisions\/20917"}],"wp:featuredmedia":[{"embeddable":true,"href":"https:\/\/www.deedeeparis.com\/blog\/wp-json\/wp\/v2\/media\/20913"}],"wp:attachment":[{"href":"https:\/\/www.deedeeparis.com\/blog\/wp-json\/wp\/v2\/media?parent=1459"}],"wp:term":[{"taxonomy":"category","embeddable":true,"href":"https:\/\/www.deedeeparis.com\/blog\/wp-json\/wp\/v2\/categories?post=1459"},{"taxonomy":"post_tag","embeddable":true,"href":"https:\/\/www.deedeeparis.com\/blog\/wp-json\/wp\/v2\/tags?post=1459"}],"curies":[{"name":"wp","href":"https:\/\/api.w.org\/{rel}","templated":true}]}}