{"id":14988,"date":"2012-05-11T07:43:46","date_gmt":"2012-05-11T05:43:46","guid":{"rendered":"https:\/\/www.deedeeparis.com\/blog\/?p=14988"},"modified":"2012-05-11T08:30:51","modified_gmt":"2012-05-11T06:30:51","slug":"variation-en-pluie-majeure","status":"publish","type":"post","link":"https:\/\/www.deedeeparis.com\/blog\/variation-en-pluie-majeure","title":{"rendered":"Variation en pluie majeure&#8230;"},"content":{"rendered":"<p><a href=\"https:\/\/www.deedeeparis.com\/blog\/wp-content\/uploads\/2012\/05\/photo-21.jpg\"><img loading=\"lazy\" decoding=\"async\" class=\"alignnone size-medium wp-image-15023\" title=\"photos de paris\" src=\"https:\/\/www.deedeeparis.com\/blog\/wp-content\/uploads\/2012\/05\/photo-21-499x499.jpg\" alt=\"\" width=\"499\" height=\"499\" \/><\/a><\/p>\n<p><a href=\"https:\/\/www.deedeeparis.com\/blog\/wp-content\/uploads\/2012\/05\/photo-11.jpg\"><img loading=\"lazy\" decoding=\"async\" class=\"alignnone size-medium wp-image-15024\" title=\"photos de paris\" src=\"https:\/\/www.deedeeparis.com\/blog\/wp-content\/uploads\/2012\/05\/photo-11-500x500.jpg\" alt=\"\" width=\"500\" height=\"500\" \/><\/a><br \/>\n<a href=\"https:\/\/www.deedeeparis.com\/blog\/wp-content\/uploads\/2012\/05\/photo-31.jpg\"><img loading=\"lazy\" decoding=\"async\" class=\"alignnone size-medium wp-image-15022\" title=\"photos de paris\" src=\"https:\/\/www.deedeeparis.com\/blog\/wp-content\/uploads\/2012\/05\/photo-31-500x500.jpg\" alt=\"\" width=\"500\" height=\"500\" \/><\/a><\/p>\n<p>Oui oui, je sais, la m\u00e9t\u00e9o et toussa&#8230; Mais franchement, le bruit doux de la pluie par terre et sur les toits, j&rsquo;n&rsquo;en puis plus ! Moi qui suis peu encline \u00e0 parler des al\u00e9as de la m\u00e9t\u00e9o, je suis \u00e0 deux doigts de prendre un abonnement \u00e0 M\u00e9t\u00e9o France, histoire de voir si VRAIMENT, ce qu&rsquo;il nous reste du printemps va \u00eatre aussi minable que jusqu&rsquo;\u00e0 pr\u00e9sent. Non parce que l\u00e0, vraiment, voil\u00e0 quoi&#8230; !<\/p>\n","protected":false},"excerpt":{"rendered":"<p>Oui oui, je sais, la m\u00e9t\u00e9o et toussa&#8230; Mais franchement, le bruit doux de la pluie par terre et sur les toits, j&rsquo;n&rsquo;en puis plus ! Moi qui suis peu encline \u00e0 parler des al\u00e9as de la m\u00e9t\u00e9o, je suis \u00e0 deux doigts de prendre un abonnement \u00e0 M\u00e9t\u00e9o France, histoire de voir si VRAIMENT, [&hellip;]<\/p>\n","protected":false},"author":2,"featured_media":15023,"comment_status":"open","ping_status":"open","sticky":false,"template":"","format":"standard","meta":{"_acf_changed":false,"footnotes":""},"categories":[16],"tags":[4610,1008,3620],"class_list":["post-14988","post","type-post","status-publish","format-standard","has-post-thumbnail","hentry","category-photos-de-paris","tag-meteo-paris","tag-paris-plein-les-mirettes","tag-photos-paris"],"acf":[],"geo":null,"_links":{"self":[{"href":"https:\/\/www.deedeeparis.com\/blog\/wp-json\/wp\/v2\/posts\/14988","targetHints":{"allow":["GET"]}}],"collection":[{"href":"https:\/\/www.deedeeparis.com\/blog\/wp-json\/wp\/v2\/posts"}],"about":[{"href":"https:\/\/www.deedeeparis.com\/blog\/wp-json\/wp\/v2\/types\/post"}],"author":[{"embeddable":true,"href":"https:\/\/www.deedeeparis.com\/blog\/wp-json\/wp\/v2\/users\/2"}],"replies":[{"embeddable":true,"href":"https:\/\/www.deedeeparis.com\/blog\/wp-json\/wp\/v2\/comments?post=14988"}],"version-history":[{"count":5,"href":"https:\/\/www.deedeeparis.com\/blog\/wp-json\/wp\/v2\/posts\/14988\/revisions"}],"predecessor-version":[{"id":14990,"href":"https:\/\/www.deedeeparis.com\/blog\/wp-json\/wp\/v2\/posts\/14988\/revisions\/14990"}],"wp:featuredmedia":[{"embeddable":true,"href":"https:\/\/www.deedeeparis.com\/blog\/wp-json\/wp\/v2\/media\/15023"}],"wp:attachment":[{"href":"https:\/\/www.deedeeparis.com\/blog\/wp-json\/wp\/v2\/media?parent=14988"}],"wp:term":[{"taxonomy":"category","embeddable":true,"href":"https:\/\/www.deedeeparis.com\/blog\/wp-json\/wp\/v2\/categories?post=14988"},{"taxonomy":"post_tag","embeddable":true,"href":"https:\/\/www.deedeeparis.com\/blog\/wp-json\/wp\/v2\/tags?post=14988"}],"curies":[{"name":"wp","href":"https:\/\/api.w.org\/{rel}","templated":true}]}}