{"id":15064,"date":"2012-05-15T15:49:10","date_gmt":"2012-05-15T13:49:10","guid":{"rendered":"https:\/\/www.deedeeparis.com\/blog\/?p=15064"},"modified":"2012-05-15T15:49:10","modified_gmt":"2012-05-15T13:49:10","slug":"projet-a-day","status":"publish","type":"post","link":"https:\/\/www.deedeeparis.com\/blog\/projet-a-day","title":{"rendered":"Mardi 15 mai 2012 : A Day&#8230;"},"content":{"rendered":"<p><a href=\"https:\/\/www.deedeeparis.com\/blog\/wp-content\/uploads\/2012\/05\/aday.jpg\"><img loading=\"lazy\" decoding=\"async\" class=\"alignnone size-medium wp-image-15065\" title=\"aday\" src=\"https:\/\/www.deedeeparis.com\/blog\/wp-content\/uploads\/2012\/05\/aday-500x500.jpg\" alt=\"\" width=\"500\" height=\"500\" \/><\/a><\/p>\n<p>ADay, c&rsquo;est un chouette projet en cours au moment m\u00eame o\u00f9 je vous parle : il s&rsquo;agit rien de moins que de <strong>photographier son quotidien pour laisser une empreinte aux g\u00e9n\u00e9rations futures<\/strong> (oui, rien que \u00e7a !).<\/p>\n<p>L&rsquo;id\u00e9e est de r\u00e9unir le plus grand nombre de photographes, qu&rsquo;ils soient amateurs ou professionnels, \u00e0 travers le monde, et de recueillir un t\u00e9moignages instantan\u00e9.<\/p>\n<p>Pour ce faire, rien de plus simple : on prend une photo aujourd&rsquo;hui seulement, on la poste sur Twitter, sur  Facebook, sur Instragram ou sur <a title=\"Aday\" href=\"http:\/\/www.aday.org\/\" target=\"_blank\">ADay.org<\/a>. Et puis c&rsquo;est tout ! ADay.org est un projet d\u00e9velopp\u00e9 \u00e0 l&rsquo;\u00e9chelle mondiale initi\u00e9 par la fondation \u00e0 but non lucratif <a title=\"Expressions of Humankind\" href=\"http:\/\/www.aday.org\/about\/foundation\" target=\"_blank\">Expressions of Humankind<\/a>. Les images seront ensuite mises en ligne sur le site, publi\u00e9es, pour les plus marquantes, dans un livre intitul\u00e9 \u00ab\u00a0A Day In The Word\u00a0\u00bb et consultables sur une banque d&rsquo;image d\u00e9di\u00e9e.<\/p>\n<p>Au-del\u00e0 du fait que je suis totalement et irr\u00e9m\u00e9diablement accro \u00e0 Instagram (vous commencez \u00e0 le savoir !), j&rsquo;aime beaucoup, beaucoup l&rsquo;id\u00e9e de ce projet. Auquel j&rsquo;ai path\u00e9tiquement particip\u00e9 avec la pauvre photo ci-dessus, faute d&rsquo;avoir anticip\u00e9 un peu mieux l&rsquo;histoire&#8230; Si vous voulez participer, d\u00e9p\u00eachez-vous, vous n&rsquo;avez plus que quelques heures !<\/p>\n","protected":false},"excerpt":{"rendered":"<p>ADay, c&rsquo;est un chouette projet en cours au moment m\u00eame o\u00f9 je vous parle : il s&rsquo;agit rien de moins que de photographier son quotidien pour laisser une empreinte aux g\u00e9n\u00e9rations futures (oui, rien que \u00e7a !). L&rsquo;id\u00e9e est de r\u00e9unir le plus grand nombre de photographes, qu&rsquo;ils soient amateurs ou professionnels, \u00e0 travers le [&hellip;]<\/p>\n","protected":false},"author":2,"featured_media":15065,"comment_status":"open","ping_status":"open","sticky":false,"template":"","format":"standard","meta":{"_acf_changed":false,"footnotes":""},"categories":[8],"tags":[4628,4108,4238,4629],"class_list":["post-15064","post","type-post","status-publish","format-standard","has-post-thumbnail","hentry","category-chroniques-de-paris","tag-a-day","tag-instagram","tag-instagram-deedee","tag-projet-a-day"],"acf":[],"geo":null,"_links":{"self":[{"href":"https:\/\/www.deedeeparis.com\/blog\/wp-json\/wp\/v2\/posts\/15064","targetHints":{"allow":["GET"]}}],"collection":[{"href":"https:\/\/www.deedeeparis.com\/blog\/wp-json\/wp\/v2\/posts"}],"about":[{"href":"https:\/\/www.deedeeparis.com\/blog\/wp-json\/wp\/v2\/types\/post"}],"author":[{"embeddable":true,"href":"https:\/\/www.deedeeparis.com\/blog\/wp-json\/wp\/v2\/users\/2"}],"replies":[{"embeddable":true,"href":"https:\/\/www.deedeeparis.com\/blog\/wp-json\/wp\/v2\/comments?post=15064"}],"version-history":[{"count":3,"href":"https:\/\/www.deedeeparis.com\/blog\/wp-json\/wp\/v2\/posts\/15064\/revisions"}],"predecessor-version":[{"id":15068,"href":"https:\/\/www.deedeeparis.com\/blog\/wp-json\/wp\/v2\/posts\/15064\/revisions\/15068"}],"wp:featuredmedia":[{"embeddable":true,"href":"https:\/\/www.deedeeparis.com\/blog\/wp-json\/wp\/v2\/media\/15065"}],"wp:attachment":[{"href":"https:\/\/www.deedeeparis.com\/blog\/wp-json\/wp\/v2\/media?parent=15064"}],"wp:term":[{"taxonomy":"category","embeddable":true,"href":"https:\/\/www.deedeeparis.com\/blog\/wp-json\/wp\/v2\/categories?post=15064"},{"taxonomy":"post_tag","embeddable":true,"href":"https:\/\/www.deedeeparis.com\/blog\/wp-json\/wp\/v2\/tags?post=15064"}],"curies":[{"name":"wp","href":"https:\/\/api.w.org\/{rel}","templated":true}]}}