{"id":15469,"date":"2012-07-16T07:53:05","date_gmt":"2012-07-16T05:53:05","guid":{"rendered":"https:\/\/www.deedeeparis.com\/blog\/?p=15469"},"modified":"2012-07-15T23:09:57","modified_gmt":"2012-07-15T21:09:57","slug":"ma-week-list","status":"publish","type":"post","link":"https:\/\/www.deedeeparis.com\/blog\/ma-week-list","title":{"rendered":"Ma week list"},"content":{"rendered":"<p><a href=\"https:\/\/www.deedeeparis.com\/blog\/wp-content\/uploads\/2012\/06\/Capture-d\u2019\u00e9cran-2012-06-26-\u00e0-22.11.37.png\"><img loading=\"lazy\" decoding=\"async\" class=\"alignnone size-medium wp-image-15470\" title=\"Maey\" src=\"https:\/\/www.deedeeparis.com\/blog\/wp-content\/uploads\/2012\/06\/Capture-d\u2019\u00e9cran-2012-06-26-\u00e0-22.11.37-499x330.png\" alt=\"\" width=\"499\" height=\"330\" \/><\/a><\/p>\n<p>Voil\u00e0 des semaines que l&rsquo;envie de partager mes coups de coeur avec vous en mati\u00e8re de mode, de beaut\u00e9 et peut \u00eatre m\u00eame de culture par le truchement d&rsquo;une petite s\u00e9lection hebdomadaire me titillait&#8230; Inspir\u00e9e en grande partie par <a title=\"Punky B\" href=\"http:\/\/www.punky-b.com\/\" target=\"_blank\">PunkyB<\/a>, voil\u00e0 donc ma week List \u00e0 moi !<\/p>\n<p>J&rsquo;aime :<\/p>\n<p><strong>\u2605 <\/strong><strong> <\/strong>Les <a title=\"Maey\" href=\"http:\/\/www.maey.fr\/\" target=\"_self\">bijoux de Magali Forey<\/a>, qui, non contente d&rsquo;\u00eatre une photographe doubl\u00e9e d&rsquo;une styliste hors pair se lance dans la confection de bijoux, donc. Une tuerie !<\/p>\n<p><a href=\"https:\/\/www.deedeeparis.com\/blog\/wp-content\/uploads\/2012\/06\/Capture-d\u2019\u00e9cran-2012-06-26-\u00e0-22.11.20.png\"><img loading=\"lazy\" decoding=\"async\" class=\"alignnone size-medium wp-image-15471\" title=\"Maey\" src=\"https:\/\/www.deedeeparis.com\/blog\/wp-content\/uploads\/2012\/06\/Capture-d\u2019\u00e9cran-2012-06-26-\u00e0-22.11.20-500x331.png\" alt=\"\" width=\"500\" height=\"331\" \/><\/a><\/p>\n<p><strong>\u2605 <\/strong><strong> <\/strong>La tr\u00e8s belle vid\u00e9o de JEM<\/p>\n<p><object classid=\"clsid:d27cdb6e-ae6d-11cf-96b8-444553540000\" width=\"500\" height=\"281\" codebase=\"http:\/\/download.macromedia.com\/pub\/shockwave\/cabs\/flash\/swflash.cab#version=6,0,40,0\"><param name=\"allowFullScreen\" value=\"true\" \/><param name=\"allowscriptaccess\" value=\"always\" \/><param name=\"src\" value=\"http:\/\/www.youtube.com\/v\/43uisRXN5ls?version=3&amp;hl=fr_FR\" \/><param name=\"allowfullscreen\" value=\"true\" \/><embed type=\"application\/x-shockwave-flash\" width=\"500\" height=\"281\" src=\"http:\/\/www.youtube.com\/v\/43uisRXN5ls?version=3&amp;hl=fr_FR\" allowscriptaccess=\"always\" allowfullscreen=\"true\"><\/embed><\/object><\/p>\n<p><strong>\u2605 <\/strong>Le <a title=\"Tattoorialist\" href=\"http:\/\/www.thetattoorialist.com\/\" target=\"_blank\">Tatoorialist<\/a>, un site enti\u00e8rement d\u00e9di\u00e9 au tatouage cr\u00e9e par Nicolas du blog In &amp; Out. Parce que les <a title=\"Tatouages moches\" href=\"https:\/\/www.deedeeparis.com\/blog\/le-blog-des-tatouages-moches\" target=\"_blank\">tatouages moches<\/a>, on a donn\u00e9, merci bien !<\/p>\n<p><a href=\"https:\/\/www.deedeeparis.com\/blog\/wp-content\/uploads\/2012\/07\/Coney-island-the-tattoorialist-1.jpg\"><img loading=\"lazy\" decoding=\"async\" class=\"alignnone size-medium wp-image-15634\" title=\"the-tattoorialist\" src=\"https:\/\/www.deedeeparis.com\/blog\/wp-content\/uploads\/2012\/07\/Coney-island-the-tattoorialist-1-500x750.jpg\" alt=\"\" width=\"500\" height=\"750\" \/><\/a><!--more--><\/p>\n<p><strong>\u2605 <\/strong><a title=\"DO it yvette\" href=\"http:\/\/www.diyvette.com\/\" target=\"_blank\">Do it Yvette<\/a>, le g\u00e9nial projet de tutoriaux et petits bricolages initi\u00e9 par <a href=\"http:\/\/www.cococerise.fr\/\" target=\"_blank\">Cococerise<\/a>, <a href=\"http:\/\/www.morning-by-foley.com\/\" target=\"_blank\">Morning By Foley<\/a> et <a href=\"http:\/\/www.vertcerise.com\/\" target=\"_blank\">Vert Cerise<\/a>. J&rsquo;ai command\u00e9 le livre, je vous en parlerai \u00e9videmment plus avant quand je l&rsquo;aurais re\u00e7u.<\/p>\n<p><a href=\"https:\/\/www.deedeeparis.com\/blog\/wp-content\/uploads\/2012\/07\/diyvette_team-1024x509.jpg\"><img loading=\"lazy\" decoding=\"async\" class=\"alignnone size-medium wp-image-15636\" title=\"do it yvette\" src=\"https:\/\/www.deedeeparis.com\/blog\/wp-content\/uploads\/2012\/07\/diyvette_team-1024x509-500x248.jpg\" alt=\"\" width=\"500\" height=\"248\" \/><\/a><\/p>\n<p><strong>\u2605 <\/strong>Restons d\u00e9biles sur toute la ligne, les pubs de la RATP parodi\u00e9es par les <a title=\"Les demoiselles de paris\" href=\"http:\/\/www.lesdemoisellesdeparis.com\/2012\/07\/lddp-ratp\/\" target=\"_blank\">Demoiselles de Paris<\/a>&#8230; \u00e0 pleurer de rire !<\/p>\n<p><a href=\"https:\/\/www.deedeeparis.com\/blog\/wp-content\/uploads\/2012\/07\/RATP-2.jpg\"><img loading=\"lazy\" decoding=\"async\" class=\"alignnone size-medium wp-image-15641\" title=\"RATP-2\" src=\"https:\/\/www.deedeeparis.com\/blog\/wp-content\/uploads\/2012\/07\/RATP-2-500x375.jpg\" alt=\"\" width=\"500\" height=\"375\" \/><\/a><\/p>\n<p><strong>\u2605 <\/strong>Le <a title=\"Sushi pedro\" href=\"http:\/\/sushipedro.tumblr.com\/\" target=\"_self\">Tumblr de SushiPedro<\/a>. A d\u00e9faut de pouvoir consulter son blog, ferm\u00e9 depuis quelques semaines, je me r\u00e9jouis de la retrouver l\u00e0.<\/p>\n<p><a href=\"https:\/\/www.deedeeparis.com\/blog\/wp-content\/uploads\/2012\/07\/tumblr_m77a80EAy91r5cozto1_500.jpg\"><img loading=\"lazy\" decoding=\"async\" class=\"alignnone size-full wp-image-15644\" title=\"tumblr sushi pedro\" src=\"https:\/\/www.deedeeparis.com\/blog\/wp-content\/uploads\/2012\/07\/tumblr_m77a80EAy91r5cozto1_500.jpg\" alt=\"\" width=\"479\" height=\"480\" srcset=\"https:\/\/www.deedeeparis.com\/blog\/wp-content\/uploads\/2012\/07\/tumblr_m77a80EAy91r5cozto1_500.jpg 479w, https:\/\/www.deedeeparis.com\/blog\/wp-content\/uploads\/2012\/07\/tumblr_m77a80EAy91r5cozto1_500-150x150.jpg 150w, https:\/\/www.deedeeparis.com\/blog\/wp-content\/uploads\/2012\/07\/tumblr_m77a80EAy91r5cozto1_500-160x160.jpg 160w, https:\/\/www.deedeeparis.com\/blog\/wp-content\/uploads\/2012\/07\/tumblr_m77a80EAy91r5cozto1_500-155x155.jpg 155w\" sizes=\"auto, (max-width: 479px) 100vw, 479px\" \/><\/a><\/p>\n<p><strong>\u2605 <\/strong>La collection <a title=\"Patricia Blanchet pour la Redoute\" href=\"http:\/\/www.laredoute.fr\/achat-chaussures-chaussures-femme.aspx?categoryid=30342981&amp;marque=patricia+blanchet&amp;dims=1000000012%3A3999690785&amp;dimorder=1000000215,1000000012,1000000021,1000000277,1000000013,1000000538,1000000022,1000000563,1000000496\" target=\"_blank\">Patricia Blanchet pour La Redoute<\/a>, une tuerie, pour changer (un jour, je prendrai une photo de tous les mod\u00e8les que je poss\u00e8de&#8230; \u00e7a frise le path\u00e9tique).<\/p>\n<p><a href=\"https:\/\/www.deedeeparis.com\/blog\/wp-content\/uploads\/2012\/07\/patricia-blanchet.jpg\"><img loading=\"lazy\" decoding=\"async\" class=\"alignnone size-medium wp-image-15647\" title=\"patricia blanchet pour la redoute\" src=\"https:\/\/www.deedeeparis.com\/blog\/wp-content\/uploads\/2012\/07\/patricia-blanchet-500x500.jpg\" alt=\"\" width=\"500\" height=\"500\" \/><\/a><\/p>\n<p>Joyeuse semaine !<\/p>\n","protected":false},"excerpt":{"rendered":"<p>Voil\u00e0 des semaines que l&rsquo;envie de partager mes coups de coeur avec vous en mati\u00e8re de mode, de beaut\u00e9 et peut \u00eatre m\u00eame de culture par le truchement d&rsquo;une petite s\u00e9lection hebdomadaire me titillait&#8230; Inspir\u00e9e en grande partie par PunkyB, voil\u00e0 donc ma week List \u00e0 moi ! J&rsquo;aime : \u2605 Les bijoux de Magali [&hellip;]<\/p>\n","protected":false},"author":2,"featured_media":15470,"comment_status":"open","ping_status":"open","sticky":false,"template":"","format":"standard","meta":{"_acf_changed":false,"footnotes":""},"categories":[8],"tags":[4760,4757,4710,4761,4759,4756,4755,4758],"class_list":["post-15469","post","type-post","status-publish","format-standard","has-post-thumbnail","hentry","category-chroniques-de-paris","tag-demoiselles-de-paris","tag-do-it-yvette","tag-maey","tag-patricia-blanchet-pour-la-redoute","tag-restons-debiles-sur-toute-la-ligne","tag-tatouages-moches","tag-tattoorialist","tag-tumblr-sushi-pedro"],"acf":[],"geo":null,"_links":{"self":[{"href":"https:\/\/www.deedeeparis.com\/blog\/wp-json\/wp\/v2\/posts\/15469","targetHints":{"allow":["GET"]}}],"collection":[{"href":"https:\/\/www.deedeeparis.com\/blog\/wp-json\/wp\/v2\/posts"}],"about":[{"href":"https:\/\/www.deedeeparis.com\/blog\/wp-json\/wp\/v2\/types\/post"}],"author":[{"embeddable":true,"href":"https:\/\/www.deedeeparis.com\/blog\/wp-json\/wp\/v2\/users\/2"}],"replies":[{"embeddable":true,"href":"https:\/\/www.deedeeparis.com\/blog\/wp-json\/wp\/v2\/comments?post=15469"}],"version-history":[{"count":5,"href":"https:\/\/www.deedeeparis.com\/blog\/wp-json\/wp\/v2\/posts\/15469\/revisions"}],"predecessor-version":[{"id":15649,"href":"https:\/\/www.deedeeparis.com\/blog\/wp-json\/wp\/v2\/posts\/15469\/revisions\/15649"}],"wp:featuredmedia":[{"embeddable":true,"href":"https:\/\/www.deedeeparis.com\/blog\/wp-json\/wp\/v2\/media\/15470"}],"wp:attachment":[{"href":"https:\/\/www.deedeeparis.com\/blog\/wp-json\/wp\/v2\/media?parent=15469"}],"wp:term":[{"taxonomy":"category","embeddable":true,"href":"https:\/\/www.deedeeparis.com\/blog\/wp-json\/wp\/v2\/categories?post=15469"},{"taxonomy":"post_tag","embeddable":true,"href":"https:\/\/www.deedeeparis.com\/blog\/wp-json\/wp\/v2\/tags?post=15469"}],"curies":[{"name":"wp","href":"https:\/\/api.w.org\/{rel}","templated":true}]}}