{"id":15502,"date":"2012-07-03T16:36:09","date_gmt":"2012-07-03T14:36:09","guid":{"rendered":"https:\/\/www.deedeeparis.com\/blog\/?p=15502"},"modified":"2012-07-03T16:38:55","modified_gmt":"2012-07-03T14:38:55","slug":"lectures-vacances","status":"publish","type":"post","link":"https:\/\/www.deedeeparis.com\/blog\/lectures-vacances","title":{"rendered":"Lectures d&rsquo;\u00e9t\u00e9&#8230;"},"content":{"rendered":"<p><a href=\"https:\/\/www.deedeeparis.com\/blog\/wp-content\/uploads\/2012\/07\/Capture-d\u2019\u00e9cran-2012-07-03-\u00e0-16.32.25.png\"><img loading=\"lazy\" decoding=\"async\" class=\"alignnone size-medium wp-image-15505\" title=\"lectures de vacances\" src=\"https:\/\/www.deedeeparis.com\/blog\/wp-content\/uploads\/2012\/07\/Capture-d\u2019\u00e9cran-2012-07-03-\u00e0-16.32.25-500x492.png\" alt=\"\" width=\"500\" height=\"492\" \/><\/a><\/p>\n<p>Les vacances ont beau n&rsquo;\u00eatre encore qu&rsquo;une vague chim\u00e8re, j&rsquo;ai succomb\u00e9 \u00e0 mon rituel annuel : le d\u00e9tour par l&rsquo;excellente librairie qui jouxte mon bureau pour faire le plein de lectures de vacances. On a beau dire&#8230; Acheter ses lectures d&rsquo;\u00e9t\u00e9, c&rsquo;est d\u00e9j\u00e0 \u00eatre en vacances, au moins un peu !<\/p>\n<p>Au menu de cet \u00e9t\u00e9 et s\u00fbrement en compte rendu dans les semaines \u00e0 venir :<\/p>\n<ul>\n<li><em>La piti\u00e9 dangereuse ou l&rsquo;Impatience au coeur<\/em>, de Stefan Zweig<\/li>\n<li><em>La vie est br\u00e8ve et le d\u00e9sir sans fin<\/em>, de Patrick Lapeyre<\/li>\n<li><em>Cosmopolis<\/em>, de Don Delillo<\/li>\n<li><em>Les t\u00e9moins de la mari\u00e9e<\/em>, de Didier van Cauwelaert<\/li>\n<li><em>Helena Rubinstein, la femme qui inventa la beaut\u00e9<\/em>, de Mich\u00e8le Fitoussi<\/li>\n<li><em>Les dix enfants que madame Ming n&rsquo;a jamais eus<\/em>, d&rsquo;Eric Emmanuel Schmitt<\/li>\n<li><em>Mon cher fils<\/em>, de Le\u00efla Sebbar<\/li>\n<li><em>Les trois saisons de la rage<\/em>, de Victor Cohen Hadria<\/li>\n<li><em>Le grand coeur<\/em>, de Jean-Chrisophe Rufin<\/li>\n<li><em>A nous deux Paris<\/em>, de J.P. Nishi<\/li>\n<li><em>Nous n&rsquo;irons pas voir Auschwitz<\/em>, de J\u00e9r\u00e9mie Dres<\/li>\n<li><em>D&rsquo;autres larmes<\/em>, de Jean-Philippe Peyraud<\/li>\n<\/ul>\n<p>Ah, et histoire de mourir moins b\u00eate, j&rsquo;ai \u00e9galement command\u00e9 directement aux Am\u00e9riques \u00ab\u00a0la saga fleur bleue SM qui enflamme Hollywood\u00a0\u00bb, dixit Grazia. J&rsquo;ai nomm\u00e9 <em>Fifty Shades of Grey,<\/em> de Erika Leonard, aka E.L.James.<\/p>\n<p>Une liste compl\u00e8tement ecl\u00e9ctique et sans queue ni t\u00eate, donc ! Si vous avez des conseils en mati\u00e8re de lecture, comme d&rsquo;habitude, n&rsquo;h\u00e9sitez pas !<\/p>\n","protected":false},"excerpt":{"rendered":"<p>Les vacances ont beau n&rsquo;\u00eatre encore qu&rsquo;une vague chim\u00e8re, j&rsquo;ai succomb\u00e9 \u00e0 mon rituel annuel : le d\u00e9tour par l&rsquo;excellente librairie qui jouxte mon bureau pour faire le plein de lectures de vacances. On a beau dire&#8230; Acheter ses lectures d&rsquo;\u00e9t\u00e9, c&rsquo;est d\u00e9j\u00e0 \u00eatre en vacances, au moins un peu ! Au menu de cet [&hellip;]<\/p>\n","protected":false},"author":2,"featured_media":15505,"comment_status":"open","ping_status":"open","sticky":false,"template":"","format":"standard","meta":{"_acf_changed":false,"footnotes":""},"categories":[5],"tags":[4729,4722,4731,4719,4718,4717,1781,4724,4720,4721,4728,4716,4725,4723,4727,1461,4726,4730,1513],"class_list":["post-15502","post","type-post","status-publish","format-standard","has-post-thumbnail","hentry","category-culture-confiture","tag-a-nous-deux-paris-de-j-p-nishi","tag-cosmopolis-de-don-delillo","tag-dautres-larmes-de-jean-philippe-peyraud","tag-erika-leonard","tag-fifty-shades-of-grey","tag-fifty-shades-of-grey-de-e-l-james","tag-helena-rubinstein","tag-la-femme-qui-inventa-la-beaute-de-michele-fitoussi","tag-la-pitie-dangereuse-ou-limpatience-au-coeur-de-stefan-zweig","tag-la-vie-est-breve-et-le-desir-sans-fin-de-patrick-lapeyre","tag-le-grand-coeur-de-jean-chrisophe-rufin","tag-lectures-vacances","tag-les-dix-enfants-que-madame-ming-na-jamais-eus-deric-emmanuel-schmitt","tag-les-temoins-de-la-mariee-de-didier-van-cauwelaert","tag-les-trois-saisons-de-la-rage-de-victor-cohen-hadria","tag-livres-a-lire","tag-mon-cher-fils-de-leila-sebbar","tag-nous-nirons-pas-voir-auschwitz-de-jeremie-dres","tag-pal"],"acf":[],"geo":null,"_links":{"self":[{"href":"https:\/\/www.deedeeparis.com\/blog\/wp-json\/wp\/v2\/posts\/15502","targetHints":{"allow":["GET"]}}],"collection":[{"href":"https:\/\/www.deedeeparis.com\/blog\/wp-json\/wp\/v2\/posts"}],"about":[{"href":"https:\/\/www.deedeeparis.com\/blog\/wp-json\/wp\/v2\/types\/post"}],"author":[{"embeddable":true,"href":"https:\/\/www.deedeeparis.com\/blog\/wp-json\/wp\/v2\/users\/2"}],"replies":[{"embeddable":true,"href":"https:\/\/www.deedeeparis.com\/blog\/wp-json\/wp\/v2\/comments?post=15502"}],"version-history":[{"count":5,"href":"https:\/\/www.deedeeparis.com\/blog\/wp-json\/wp\/v2\/posts\/15502\/revisions"}],"predecessor-version":[{"id":15509,"href":"https:\/\/www.deedeeparis.com\/blog\/wp-json\/wp\/v2\/posts\/15502\/revisions\/15509"}],"wp:featuredmedia":[{"embeddable":true,"href":"https:\/\/www.deedeeparis.com\/blog\/wp-json\/wp\/v2\/media\/15505"}],"wp:attachment":[{"href":"https:\/\/www.deedeeparis.com\/blog\/wp-json\/wp\/v2\/media?parent=15502"}],"wp:term":[{"taxonomy":"category","embeddable":true,"href":"https:\/\/www.deedeeparis.com\/blog\/wp-json\/wp\/v2\/categories?post=15502"},{"taxonomy":"post_tag","embeddable":true,"href":"https:\/\/www.deedeeparis.com\/blog\/wp-json\/wp\/v2\/tags?post=15502"}],"curies":[{"name":"wp","href":"https:\/\/api.w.org\/{rel}","templated":true}]}}