{"id":16327,"date":"2012-09-17T07:38:14","date_gmt":"2012-09-17T05:38:14","guid":{"rendered":"https:\/\/www.deedeeparis.com\/blog\/?p=16327"},"modified":"2016-04-07T15:26:55","modified_gmt":"2016-04-07T13:26:55","slug":"ma-week-list-5","status":"publish","type":"post","link":"https:\/\/www.deedeeparis.com\/blog\/ma-week-list-5","title":{"rendered":"Ma week list #5"},"content":{"rendered":"<p>Drelin drelin, nouvelle semaine, nouveaux coups de c\u0153ur ! Cette semaine, j\u2019aime\u2026<\/p>\n<p><strong>\u2605 <\/strong><strong>Le nouveau sac des <a title=\"Les composantes\" href=\"http:\/\/www.lescomposantes.com\/\" target=\"_blank\">Composantes<\/a>, S\u00e9zane, de son p&rsquo;tit nom. <\/strong><\/p>\n<p><a href=\"https:\/\/www.deedeeparis.com\/blog\/wp-content\/uploads\/2012\/09\/sac-les-composantes.jpg\"><img loading=\"lazy\" decoding=\"async\" class=\"alignnone size-medium wp-image-16368\" title=\"sac les composantes\" src=\"https:\/\/www.deedeeparis.com\/blog\/wp-content\/uploads\/2012\/09\/sac-les-composantes-500x500.jpg\" alt=\"\" width=\"500\" height=\"500\" \/><\/a><\/p>\n<p><strong>\u2605<strong> C<\/strong><\/strong><strong>ette vid\u00e9o<\/strong><strong>. Pour faire \u00e9cho au sujet abord\u00e9 vendredi sur le machisme ordinaire : EXCELLENTE. <\/strong><\/p>\n<p>Merci SuperTomate pour la d\u00e9couverte !<\/p>\n<p><object classid=\"clsid:d27cdb6e-ae6d-11cf-96b8-444553540000\" width=\"500\" height=\"281\" codebase=\"http:\/\/download.macromedia.com\/pub\/shockwave\/cabs\/flash\/swflash.cab#version=6,0,40,0\"><param name=\"allowFullScreen\" value=\"true\" \/><param name=\"allowScriptAccess\" value=\"always\" \/><param name=\"wmode\" value=\"transparent\" \/><param name=\"src\" value=\"http:\/\/www.dailymotion.com\/swf\/video\/xiv64d\" \/><param name=\"allowfullscreen\" value=\"true\" \/><embed type=\"application\/x-shockwave-flash\" width=\"500\" height=\"281\" src=\"http:\/\/www.dailymotion.com\/swf\/video\/xiv64d\" wmode=\"transparent\" allowscriptaccess=\"always\" allowfullscreen=\"true\"><\/embed><\/object><\/p>\n<p><strong>\u2605 <\/strong><strong>La collection Hipanema de cet hiver&#8230; \u00e0 tomber. <\/strong><\/p>\n<p>Apr\u00e8s le carton du mod\u00e8le de cet \u00e9t\u00e9, j&rsquo;aime bien le joli virage amorc\u00e9 par la marque pour cet hiver. Dispos sur <a title=\"Minimall\" href=\"http:\/\/www.minimall.fr\/127-bracelets-bresiliens\" target=\"_blank\">Minimall<\/a>, entre autres.<\/p>\n<p><a href=\"https:\/\/www.deedeeparis.com\/blog\/wp-content\/uploads\/2012\/09\/14_dakar.jpg\"><img loading=\"lazy\" decoding=\"async\" class=\"alignnone size-medium wp-image-16384\" title=\"Hipanema hiver 2012\" src=\"https:\/\/www.deedeeparis.com\/blog\/wp-content\/uploads\/2012\/09\/14_dakar-500x280.jpg\" alt=\"\" width=\"500\" height=\"280\" \/><\/a><!--more--><\/p>\n<p><a href=\"https:\/\/www.deedeeparis.com\/blog\/wp-content\/uploads\/2012\/09\/14_tipy11.jpg\"><img loading=\"lazy\" decoding=\"async\" class=\"alignnone size-medium wp-image-16385\" title=\"Hipanema hiver 2012\" src=\"https:\/\/www.deedeeparis.com\/blog\/wp-content\/uploads\/2012\/09\/14_tipy11-500x280.jpg\" alt=\"\" width=\"500\" height=\"280\" \/><\/a><\/p>\n<p><a href=\"https:\/\/www.deedeeparis.com\/blog\/wp-content\/uploads\/2012\/09\/14_navajo_v21.jpg\"><img loading=\"lazy\" decoding=\"async\" class=\"alignnone size-medium wp-image-16387\" title=\"Hipanema hiver 2012\" src=\"https:\/\/www.deedeeparis.com\/blog\/wp-content\/uploads\/2012\/09\/14_navajo_v21-500x280.jpg\" alt=\"\" width=\"500\" height=\"280\" \/><\/a><\/p>\n<p><strong>\u2605 Ces chaussures \u00e0 paillettes trop chouettes, rep\u00e9r\u00e9es aux pr\u00e9sentations presse l&rsquo;hiver dernier et imm\u00e9diatement ador\u00e9e. <\/strong><\/p>\n<p>Alors d&rsquo;accord, on pourrait dire que la paillette, bon, voil\u00e0 quoi. Mais avouez-le, elles sont sacr\u00e9ment s\u00e9duisantes, ces paillettes l\u00e0 ! Et c&rsquo;est <a title=\"Mellow yellow\" href=\"http:\/\/petitlien.fr\/mellowyellow\" target=\"_blank\">Mellow Yellow<\/a> qui r\u00e9gale, yihaaaa.<\/p>\n<p><a href=\"https:\/\/www.deedeeparis.com\/blog\/wp-content\/uploads\/2012\/09\/chaussures-Mellow-Yellow-2.jpg\"><img loading=\"lazy\" decoding=\"async\" class=\"alignnone size-medium wp-image-16389\" title=\"chaussures Mellow Yellow 2\" src=\"https:\/\/www.deedeeparis.com\/blog\/wp-content\/uploads\/2012\/09\/chaussures-Mellow-Yellow-2-500x333.jpg\" alt=\"\" width=\"500\" height=\"333\" \/><\/a><\/p>\n<p>Dans la m\u00eame veine, <a title=\"Tuto chaussures \u00e0 paillettes\" href=\"http:\/\/asequindressatbreakfast.com\/2011\/07\/25\/diy-glitter-platforms\/\" target=\"_blank\">le tuto<\/a> pour fabriquer vos propres chaussures \u00e0 paillettes. Et vlan !<\/p>\n<p><a href=\"https:\/\/www.deedeeparis.com\/blog\/wp-content\/uploads\/2012\/09\/glitterheels_6.jpg\"><img loading=\"lazy\" decoding=\"async\" class=\"alignnone size-full wp-image-16401\" title=\"glitterheels_6\" src=\"https:\/\/www.deedeeparis.com\/blog\/wp-content\/uploads\/2012\/09\/glitterheels_6.jpg\" alt=\"\" width=\"500\" height=\"333\" \/><\/a><\/p>\n","protected":false},"excerpt":{"rendered":"<p>Drelin drelin, nouvelle semaine, nouveaux coups de c\u0153ur ! Cette semaine, j\u2019aime\u2026 \u2605 Le nouveau sac des Composantes, S\u00e9zane, de son p&rsquo;tit nom. \u2605 Cette vid\u00e9o. Pour faire \u00e9cho au sujet abord\u00e9 vendredi sur le machisme ordinaire : EXCELLENTE. Merci SuperTomate pour la d\u00e9couverte ! \u2605 La collection Hipanema de cet hiver&#8230; \u00e0 tomber. Apr\u00e8s [&hellip;]<\/p>\n","protected":false},"author":2,"featured_media":16368,"comment_status":"open","ping_status":"open","sticky":false,"template":"","format":"standard","meta":{"_acf_changed":false,"footnotes":""},"categories":[8],"tags":[4884,4885,4882,230,79,4245,3376,4872,4873,4883],"class_list":["post-16327","post","type-post","status-publish","format-standard","has-post-thumbnail","hentry","category-chroniques-de-paris","tag-diy","tag-diy-chaussures-paillettes","tag-hipanema-hiver-2012","tag-les-composantes","tag-mellow-yellow","tag-minimall","tag-sac-les-composantes","tag-sezane-les-composantes","tag-sezanes","tag-tuto-chaussures-a-paillettes"],"acf":[],"geo":null,"_links":{"self":[{"href":"https:\/\/www.deedeeparis.com\/blog\/wp-json\/wp\/v2\/posts\/16327","targetHints":{"allow":["GET"]}}],"collection":[{"href":"https:\/\/www.deedeeparis.com\/blog\/wp-json\/wp\/v2\/posts"}],"about":[{"href":"https:\/\/www.deedeeparis.com\/blog\/wp-json\/wp\/v2\/types\/post"}],"author":[{"embeddable":true,"href":"https:\/\/www.deedeeparis.com\/blog\/wp-json\/wp\/v2\/users\/2"}],"replies":[{"embeddable":true,"href":"https:\/\/www.deedeeparis.com\/blog\/wp-json\/wp\/v2\/comments?post=16327"}],"version-history":[{"count":5,"href":"https:\/\/www.deedeeparis.com\/blog\/wp-json\/wp\/v2\/posts\/16327\/revisions"}],"predecessor-version":[{"id":19324,"href":"https:\/\/www.deedeeparis.com\/blog\/wp-json\/wp\/v2\/posts\/16327\/revisions\/19324"}],"wp:featuredmedia":[{"embeddable":true,"href":"https:\/\/www.deedeeparis.com\/blog\/wp-json\/wp\/v2\/media\/16368"}],"wp:attachment":[{"href":"https:\/\/www.deedeeparis.com\/blog\/wp-json\/wp\/v2\/media?parent=16327"}],"wp:term":[{"taxonomy":"category","embeddable":true,"href":"https:\/\/www.deedeeparis.com\/blog\/wp-json\/wp\/v2\/categories?post=16327"},{"taxonomy":"post_tag","embeddable":true,"href":"https:\/\/www.deedeeparis.com\/blog\/wp-json\/wp\/v2\/tags?post=16327"}],"curies":[{"name":"wp","href":"https:\/\/api.w.org\/{rel}","templated":true}]}}