{"id":16481,"date":"2012-10-01T07:34:26","date_gmt":"2012-10-01T05:34:26","guid":{"rendered":"https:\/\/www.deedeeparis.com\/blog\/?p=16481"},"modified":"2012-09-30T22:17:20","modified_gmt":"2012-09-30T20:17:20","slug":"ma-week-list-7","status":"publish","type":"post","link":"https:\/\/www.deedeeparis.com\/blog\/ma-week-list-7","title":{"rendered":"Ma week list #7"},"content":{"rendered":"<p>Drelin drelin, nouvelle semaine, nouveaux coups de c\u0153ur ! Cette semaine, j\u2019aime\u2026<\/p>\n<p><strong>\u2605 <\/strong><strong>La collection <a title=\"Rodier\" href=\"http:\/\/www.rodiernew.com\/\" target=\"_blank\">Rodier<\/a> Automne-Hiver 2013<\/strong><\/p>\n<p><strong><a href=\"https:\/\/www.deedeeparis.com\/blog\/wp-content\/uploads\/2012\/10\/Capture-d\u2019\u00e9cran-2012-09-30-\u00e0-21.03.38.png\"><img loading=\"lazy\" decoding=\"async\" class=\"alignnone size-medium wp-image-16589\" title=\"Rodier automne hiver 2013\" src=\"https:\/\/www.deedeeparis.com\/blog\/wp-content\/uploads\/2012\/10\/Capture-d\u2019\u00e9cran-2012-09-30-\u00e0-21.03.38-500x331.png\" alt=\"\" width=\"500\" height=\"331\" \/><\/a><\/strong><\/p>\n<p>Avant, Rodier, c&rsquo;\u00e9tait un peu ringard. Maintenant&#8230; C&rsquo;est tout simplement wow, gr\u00e2ce \u00e0 Emilie Luc-Duc, la nouvelle directrice de cr\u00e9ation de la marque. Mati\u00e8res, textures, imprim\u00e9s, couleurs, coupes\u2026 tout est sublime. Si on m&rsquo;avait dit un jour que je tr\u00e9pignerais d&rsquo;envie(s) pour cette marque\u2026 !<\/p>\n<p><strong>\u2605 <\/strong><strong> <\/strong><strong><\/strong><strong>Le <a title=\"Bomeur\" href=\"http:\/\/bomeur.tumblr.com\/\" target=\"_blank\">Bomeur<\/a> <\/strong><\/p>\n<p><a href=\"https:\/\/www.deedeeparis.com\/blog\/wp-content\/uploads\/2012\/10\/bomeur.jpg\"><img loading=\"lazy\" decoding=\"async\" class=\"alignnone size-medium wp-image-16591\" title=\"bomeur\" src=\"https:\/\/www.deedeeparis.com\/blog\/wp-content\/uploads\/2012\/10\/bomeur-500x163.jpg\" alt=\"\" width=\"500\" height=\"163\" \/><\/a><\/p>\n<p>Le bomeur, c&rsquo;est un bobo au ch\u00f4mage qui livre sur son blog des \u00ab\u00a0analyses plus ou moins sociobranlod\u00e9mographiques (et plus ou moins autobiographiques) sur la vie des bobos ch\u00f4meurs\u00a0\u00bb<\/p>\n<p>Sa plume est aff\u00fbt\u00e9e, piquante et hilarante, m\u00eame si le sujet l&rsquo;est moins.<\/p>\n<blockquote><p>Morceaux choisis :<\/p>\n<p><em>\u00ab\u00a0Le Caf\u00e9 Ch\u00e9ri, c\u2019est le Chez Prune du bomeur pauvre (chips gratuites  et mojito d\u00e9gueu vs assiette de \u201cmezze\u201d \u00e0 14 balles et mojito d\u00e9gueu). Mais le Caf\u00e9 Ch\u00e9ri a un \u00e9norme avantage concurrentiel : son taux d\u2019ensoleillement\u00a0\u00bb.<\/em><\/p>\n<p><em>\u00ab\u00a0La Perle, un concept fort : serveurs qui font la gueule, pas d\u2019ambiance, mais toujours une tonne de monde\u00a0\u00bb.<\/em><\/p><\/blockquote>\n<p>A lire !<\/p>\n<p><strong>\u2605 Milk Teeth de Mohini Geisweiller<\/strong><\/p>\n<p><strong><a title=\"Milk teeth Mohini Geisweiller\" href=\"http:\/\/vimeo.com\/13811450\" target=\"_blank\"><img loading=\"lazy\" decoding=\"async\" class=\"alignnone size-medium wp-image-16593\" title=\"Milk Teeth Mohini Geisweiller\" src=\"https:\/\/www.deedeeparis.com\/blog\/wp-content\/uploads\/2012\/10\/Capture-d\u2019\u00e9cran-2012-09-30-\u00e0-21.16.15-500x280.png\" alt=\"\" width=\"500\" height=\"280\" \/><\/a><\/strong><\/p>\n<p><em>(Cliquez sur l&rsquo;image pour \u00e9couter le titre). <\/em><\/p>\n<p>Oui, je sais, c&rsquo;est sorti depuis un petit bail (2010), mais je ne d\u00e9couvre que maintenant cette petite p\u00e9pite electro planante et ce clip sign\u00e9 Cyrille de Vignemont (lequel a d\u00e9j\u00e0 r\u00e9alis\u00e9 des vid\u00e9os pour Poni Hoax ou Mirwais, entre autres). C&rsquo;est beau comme un lundi matin fort et fragile \u00e0 la fois, plein d&rsquo;une obstination et d&rsquo;une r\u00e9solution \u00e0 toute \u00e9preuve&#8230; ! Et on le doit donc \u00e0 Mohini Geisweiller, ex-Sex in Dallas.<\/p>\n<p><em><strong>(Lire la suite) &#8211;&gt;<\/strong><\/em><!--more--><\/p>\n<p><strong>\u2605 <\/strong><strong>Les <a title=\"Bobbies\" href=\"http:\/\/www.bobbies.fr\/\" target=\"_blank\">Bobbies<\/a><\/strong><\/p>\n<p><strong><a href=\"https:\/\/www.deedeeparis.com\/blog\/wp-content\/uploads\/2012\/10\/le-chaton-bleu-marine.jpg\"><img loading=\"lazy\" decoding=\"async\" class=\"alignnone size-medium wp-image-16598\" title=\"le-chaton-bleu-marine\" src=\"https:\/\/www.deedeeparis.com\/blog\/wp-content\/uploads\/2012\/10\/le-chaton-bleu-marine-500x354.jpg\" alt=\"\" width=\"500\" height=\"354\" \/><\/a><\/strong><\/p>\n<p><strong><a href=\"https:\/\/www.deedeeparis.com\/blog\/wp-content\/uploads\/2012\/10\/le-chaton-caramel.jpg\"><img loading=\"lazy\" decoding=\"async\" class=\"alignnone size-medium wp-image-16599\" title=\"le-chaton-caramel\" src=\"https:\/\/www.deedeeparis.com\/blog\/wp-content\/uploads\/2012\/10\/le-chaton-caramel-500x354.jpg\" alt=\"\" width=\"500\" height=\"354\" \/><\/a><\/strong><\/p>\n<p>Jolies, souples et SURTOUT, <span style=\"text-decoration: underline;\">fourr\u00e9es<\/span> : les ballerines Chaton en ont dans le ventre !<\/p>\n<p><strong>\u2605 <\/strong><strong>Les cachemires \u00e0 prix mini de chez H&amp;M<br \/>\n<\/strong><\/p>\n<p>Evidemment, on se doute bien qu&rsquo;\u00e0 ce prix l\u00e0, on ne tient pas LE cachemire du si\u00e8cle. Mais enfin, en p\u00e9riode de disette, le cachemire \u00e0 petit prix se tente : j&rsquo;ai prix une \u00e9charpe ce week-end, je vous dirai ce qu&rsquo;elle vaut \u00e0 l&rsquo;usage.<\/p>\n<p><strong>\u2605 La r\u00e9trospective de 160 ans de logosdu Bon March\u00e9 propos\u00e9e \u00e0 l&rsquo;occasion des 160 ans de l&rsquo;enseigne. Fabuleux ! <\/strong><\/p>\n<p><a title=\"Instagram deedee\" href=\"http:\/\/instagrid.me\/deedeeparis\/\" target=\"_blank\"><img loading=\"lazy\" decoding=\"async\" class=\"alignnone size-medium wp-image-16603\" title=\"Logo Bon march\u00e9\" src=\"https:\/\/www.deedeeparis.com\/blog\/wp-content\/uploads\/2012\/10\/photo-2-500x500.jpg\" alt=\"\" width=\"500\" height=\"500\" \/><\/a><\/p>\n<p><a title=\"Instagram deedee\" href=\"http:\/\/instagrid.me\/deedeeparis\/\" target=\"_blank\"><img loading=\"lazy\" decoding=\"async\" class=\"alignnone size-medium wp-image-16604\" title=\"Logo Bon march\u00e9\" src=\"https:\/\/www.deedeeparis.com\/blog\/wp-content\/uploads\/2012\/10\/photo-1-500x500.jpg\" alt=\"\" width=\"500\" height=\"500\" \/><\/a><\/p>\n","protected":false},"excerpt":{"rendered":"<p>Drelin drelin, nouvelle semaine, nouveaux coups de c\u0153ur ! Cette semaine, j\u2019aime\u2026 \u2605 La collection Rodier Automne-Hiver 2013 Avant, Rodier, c&rsquo;\u00e9tait un peu ringard. Maintenant&#8230; C&rsquo;est tout simplement wow, gr\u00e2ce \u00e0 Emilie Luc-Duc, la nouvelle directrice de cr\u00e9ation de la marque. Mati\u00e8res, textures, imprim\u00e9s, couleurs, coupes\u2026 tout est sublime. Si on m&rsquo;avait dit un jour [&hellip;]<\/p>\n","protected":false},"author":2,"featured_media":16589,"comment_status":"open","ping_status":"open","sticky":false,"template":"","format":"standard","meta":{"_acf_changed":false,"footnotes":""},"categories":[8],"tags":[4938,4793,4923,4939,3355,4936,4933,4238,4937,4935,4934],"class_list":["post-16481","post","type-post","status-publish","format-standard","has-post-thumbnail","hentry","category-chroniques-de-paris","tag-160-ans-bon-marche","tag-bobbies","tag-bomeur","tag-bon-marche-paris","tag-cachemire-a-petit-prix","tag-cyrille-de-vignemont","tag-emilie-luc-duc","tag-instagram-deedee","tag-logo-bon-marche","tag-milk-teeth-mohini-geisweiller","tag-rodier-automne-hiver-2013"],"acf":[],"geo":null,"_links":{"self":[{"href":"https:\/\/www.deedeeparis.com\/blog\/wp-json\/wp\/v2\/posts\/16481","targetHints":{"allow":["GET"]}}],"collection":[{"href":"https:\/\/www.deedeeparis.com\/blog\/wp-json\/wp\/v2\/posts"}],"about":[{"href":"https:\/\/www.deedeeparis.com\/blog\/wp-json\/wp\/v2\/types\/post"}],"author":[{"embeddable":true,"href":"https:\/\/www.deedeeparis.com\/blog\/wp-json\/wp\/v2\/users\/2"}],"replies":[{"embeddable":true,"href":"https:\/\/www.deedeeparis.com\/blog\/wp-json\/wp\/v2\/comments?post=16481"}],"version-history":[{"count":5,"href":"https:\/\/www.deedeeparis.com\/blog\/wp-json\/wp\/v2\/posts\/16481\/revisions"}],"predecessor-version":[{"id":16585,"href":"https:\/\/www.deedeeparis.com\/blog\/wp-json\/wp\/v2\/posts\/16481\/revisions\/16585"}],"wp:featuredmedia":[{"embeddable":true,"href":"https:\/\/www.deedeeparis.com\/blog\/wp-json\/wp\/v2\/media\/16589"}],"wp:attachment":[{"href":"https:\/\/www.deedeeparis.com\/blog\/wp-json\/wp\/v2\/media?parent=16481"}],"wp:term":[{"taxonomy":"category","embeddable":true,"href":"https:\/\/www.deedeeparis.com\/blog\/wp-json\/wp\/v2\/categories?post=16481"},{"taxonomy":"post_tag","embeddable":true,"href":"https:\/\/www.deedeeparis.com\/blog\/wp-json\/wp\/v2\/tags?post=16481"}],"curies":[{"name":"wp","href":"https:\/\/api.w.org\/{rel}","templated":true}]}}