{"id":16737,"date":"2012-10-15T07:34:46","date_gmt":"2012-10-15T05:34:46","guid":{"rendered":"https:\/\/www.deedeeparis.com\/blog\/?p=16737"},"modified":"2012-10-14T22:18:30","modified_gmt":"2012-10-14T20:18:30","slug":"ma-week-list-9","status":"publish","type":"post","link":"https:\/\/www.deedeeparis.com\/blog\/ma-week-list-9","title":{"rendered":"Ma Week List #9"},"content":{"rendered":"<p>Nouvelle semaine, nouveaux coups de coeur ! Cette semaine, j&rsquo;aime :<\/p>\n<p><strong><strong>\u2605 <\/strong><\/strong><strong><\/strong><strong>Le Fly Yoga<\/strong><\/p>\n<p><strong><a href=\"https:\/\/www.deedeeparis.com\/blog\/wp-content\/uploads\/2012\/10\/photo-21.jpg\"><img loading=\"lazy\" decoding=\"async\" class=\"alignnone size-medium wp-image-16741\" title=\"Fly yoga paris\" src=\"https:\/\/www.deedeeparis.com\/blog\/wp-content\/uploads\/2012\/10\/photo-21-500x500.jpg\" alt=\"\" width=\"500\" height=\"500\" \/><\/a><\/strong><\/p>\n<p>J&rsquo;ai \u00e9t\u00e9 invit\u00e9e par Domyos pour une s\u00e9ance de <a title=\"Fly Yoga\" href=\"http:\/\/www.fly-yoga.fr\/\" target=\"_blank\">Fly Yoga<\/a> vendredi dernier. L&rsquo;id\u00e9e \u00e9tant de tester un tout nouveau soutien gorge pour le sport. Histoire de v\u00e9rifier que tout \u00e7a \u00e9tait bien maintenu, nous avons voltig\u00e9 dans les airs, et&#8230; j&rsquo;ai ador\u00e9. A Paris, c&rsquo;est <a title=\"Flory Ravinet\" href=\"http:\/\/www.facebook.com\/pages\/FLY-YOGA-Yoga-A%C3%A9rien-apprenez-%C3%A0-voler\/156374954420291\" target=\"_blank\">Florie Ravinet<\/a> qui a d\u00e9velopp\u00e9 cette activit\u00e9. C&rsquo;est ludique et sportif \u00e0 la fois, tout comme j&rsquo;aime. J&rsquo;ai furieusement envie de m&rsquo;inscrire&#8230; mais bon, je vais d\u00e9j\u00e0 essayer d&rsquo;aller au club que je paye 78\u20ac par mois, hein (no comment).<\/p>\n<p><strong><strong>\u2605 <\/strong><\/strong><strong><\/strong><strong>Les interviews \u00ab\u00a0<a title=\"007 interviews David Abiker\" href=\"http:\/\/davidabiker.fr\/wordpress\/007-femmes-007-questions-sur-lagent-007\/\" target=\"_blank\">007 femmes, 007 questions sur l&rsquo;agent 007<\/a>\u00a0\u00bb de David Abiker<\/strong><\/p>\n<p><strong><a href=\"https:\/\/www.deedeeparis.com\/blog\/wp-content\/uploads\/2012\/10\/deedee.jpg\"><img loading=\"lazy\" decoding=\"async\" class=\"alignnone size-medium wp-image-16743\" title=\"deedee\" src=\"https:\/\/www.deedeeparis.com\/blog\/wp-content\/uploads\/2012\/10\/deedee-499x165.jpg\" alt=\"\" width=\"500\" height=\"165\" \/><\/a><\/strong><\/p>\n<p>Pour f\u00eater les 50 ans du plus c\u00e9l\u00e8bre des agents au service de sa Majest\u00e9, David Abiker a pos\u00e9 \u00e0 <strong>007 femmes<\/strong> <strong>007 questions sur l\u2019espion. <\/strong>Ce sont en fait 9 personnalit\u00e9s qui ont pass\u00e9 Bond au crible, chacune dans son domaine de comp\u00e9tence. Je ne suis pas peu fi\u00e8re d&rsquo;avoir eu l&rsquo;insigne honneur de me pencher sur <a title=\"Mode James Bond\" href=\"http:\/\/davidabiker.fr\/wordpress\/deedee-responsable-editoriale-de-cosmopolitan-fr-007-un-porte-flingue-et-porte-manteau\/\" target=\"_blank\">la mode \u00e0 travers 50 ans de James Bond<\/a> (vous pouvez m&rsquo;interroger, je suis d\u00e9sormais incollable en James Bond !).<\/p>\n<p>Au-del\u00e0 de cette minute melon et du plaisir que j&rsquo;ai eu \u00e0 me pencher sur les questions de David, j&rsquo;aime beaucoup le principe de ces interviews qui apportent ind\u00e9niablement un nouvel \u00e9clairage sur l&rsquo;espion le plus c\u00e9l\u00e8bre de la plan\u00e8te&#8230; Lisez-les !<\/p>\n<p><strong><strong>\u2605 <\/strong><\/strong><strong>Kitchen Trotter (attention spoiler !) (une blague s&rsquo;t&rsquo;est cach\u00e9e dans la phrase pr\u00e9c\u00e9dente, saurez-tu la retrouver ?!).<br \/>\n<\/strong><\/p>\n<p><strong><a href=\"https:\/\/www.deedeeparis.com\/blog\/wp-content\/uploads\/2012\/10\/photo-3.jpg\"><img loading=\"lazy\" decoding=\"async\" class=\"alignnone size-medium wp-image-16740\" title=\"Kitchen trotter\" src=\"https:\/\/www.deedeeparis.com\/blog\/wp-content\/uploads\/2012\/10\/photo-3-499x499.jpg\" alt=\"\" width=\"499\" height=\"499\" \/><\/a><\/strong><\/p>\n<p><strong><a href=\"https:\/\/www.deedeeparis.com\/blog\/wp-content\/uploads\/2012\/10\/photo-4.jpg\"><img loading=\"lazy\" decoding=\"async\" class=\"alignnone size-medium wp-image-16739\" title=\"Kitchen trotter\" src=\"https:\/\/www.deedeeparis.com\/blog\/wp-content\/uploads\/2012\/10\/photo-4-500x500.jpg\" alt=\"\" width=\"500\" height=\"500\" \/><\/a><\/strong><\/p>\n<p>Dans la lign\u00e9e des \u00ab\u00a0boites \u00e0&#8230;\u00a0\u00bb qui essaiment sur la toile depuis quelques mois, j&rsquo;ai beaucoup aim\u00e9 la Food Box <a title=\"Kitchen Trotter\" href=\"http:\/\/kitchentrotter.com\/\" target=\"_blank\">Kitchen Trotter<\/a>, re\u00e7ue pour test il y a quelques semaines. Moi qui suis une quiche aux fourneaux, j&rsquo;ai pris plaisir \u00e0 pr\u00e9parer des brochettes de poulet satay. Bon, je n&rsquo;avais pas de brochettes, donc j&rsquo;ai m\u00e9lang\u00e9 le tout all\u00e9grement. Mais quand m\u00eame, \u00e7a avait dr\u00f4lement de la gueule. Et, plus \u00e9tonnant me concernant, du go\u00fbt, gr\u00e2ce aux fiches cuisine ultra simple, mais aussi (et s\u00fbrement surtout) aux bons ingr\u00e9dients livr\u00e9s dans la box. Je ne pensais pas r\u00e9viser mon avis aussi drastiquement sur les box !<\/p>\n<p><strong><strong>\u2605 <\/strong><\/strong><strong>MES mocassins \u00e0 moi, cr\u00e9es sur <a title=\"Mood by Me\" href=\"http:\/\/fr.moodbyme.com\/\" target=\"_blank\">Mood by Me<\/a><\/strong><\/p>\n<p><a href=\"https:\/\/www.deedeeparis.com\/blog\/wp-content\/uploads\/2012\/10\/photo-11.jpg\"><img loading=\"lazy\" decoding=\"async\" class=\"alignnone size-medium wp-image-16742\" title=\"Mood by me\" src=\"https:\/\/www.deedeeparis.com\/blog\/wp-content\/uploads\/2012\/10\/photo-11-499x499.jpg\" alt=\"\" width=\"499\" height=\"499\" \/><\/a><\/p>\n<p>Apr\u00e8s les derbies, je me suis lanc\u00e9e dans la cr\u00e9ation de mocassins (on ne m&rsquo;arr\u00eate plus). Ceux-ci me vont parfaitement bien puisqu&rsquo;outre leur style, j&rsquo;ai pu param\u00e9trer et adapter la longueur et la largeur \u00e0 mon pied. Gaston vous les montre tr\u00e8s vite !<\/p>\n<p><strong><strong>\u2605 <\/strong><\/strong><strong>Le bracelet Evelyn de Gas Bijoux <\/strong><\/p>\n<p><a href=\"https:\/\/www.deedeeparis.com\/blog\/wp-content\/uploads\/2012\/10\/Capture-d\u2019\u00e9cran-2012-10-14-\u00e0-22.05.42.png\"><img loading=\"lazy\" decoding=\"async\" class=\"alignnone size-medium wp-image-16752\" title=\"octobre rose 2012\" src=\"https:\/\/www.deedeeparis.com\/blog\/wp-content\/uploads\/2012\/10\/Capture-d\u2019\u00e9cran-2012-10-14-\u00e0-22.05.42-499x285.png\" alt=\"\" width=\"499\" height=\"285\" \/><\/a><\/p>\n<p>Vous le savez s\u00fbrement (dans le cas contraire, c&rsquo;est tr\u00e8s MAL) : cette ann\u00e9e marque la 20\u00e8me ann\u00e9e de mobilisation cons\u00e9cutive de l&rsquo;association \u00ab\u00a0Le Cancer du Sein, parlons-en\u00a0\u00bb. Nombreuses sont les marques \u00e0 s&rsquo;engager aux c\u00f4t\u00e9s de Marie Claire, Clinique et Est\u00e9e Lauder pour lutter contre le cancer du sein. C&rsquo;est le cas de Gas Bijoux, qui cr\u00e9e cette ann\u00e9e le bracelet Evelyn, vendu au profit de la cause. Vous le trouverez en boutique ou sur l&rsquo;<a title=\"eshop gas bijoux\" href=\"http:\/\/www.gasbijoux.com\/fr\/actualite\/news\/octobre-2012\/cancer-sein\/\" target=\"_blank\">eshop <\/a>de la marque. Et par piti\u00e9, faites-vous d\u00e9pister !<\/p>\n<p>(Sans transition) Joyeuse semaine \u00e0 tous !<\/p>\n","protected":false},"excerpt":{"rendered":"<p>Nouvelle semaine, nouveaux coups de coeur ! Cette semaine, j&rsquo;aime : \u2605 Le Fly Yoga J&rsquo;ai \u00e9t\u00e9 invit\u00e9e par Domyos pour une s\u00e9ance de Fly Yoga vendredi dernier. L&rsquo;id\u00e9e \u00e9tant de tester un tout nouveau soutien gorge pour le sport. Histoire de v\u00e9rifier que tout \u00e7a \u00e9tait bien maintenu, nous avons voltig\u00e9 dans les airs, [&hellip;]<\/p>\n","protected":false},"author":2,"featured_media":16741,"comment_status":"open","ping_status":"open","sticky":false,"template":"","format":"standard","meta":{"_acf_changed":false,"footnotes":""},"categories":[8],"tags":[4967,4968,4254,4963,4966,4972,4964,4965,4962,4969,4970,4971],"class_list":["post-16737","post","type-post","status-publish","format-standard","has-post-thumbnail","hentry","category-chroniques-de-paris","tag-007-interviews-david-abiker","tag-50-ans-james-bond","tag-beauty-box","tag-box-kitchen-trotter","tag-domyos","tag-eshop-gas-bijoux","tag-fly-yoga","tag-fly-yoga-paris","tag-kitchen-trotter","tag-mode-james-bond","tag-mood-by-me","tag-octobre-rose-2012"],"acf":[],"geo":null,"_links":{"self":[{"href":"https:\/\/www.deedeeparis.com\/blog\/wp-json\/wp\/v2\/posts\/16737","targetHints":{"allow":["GET"]}}],"collection":[{"href":"https:\/\/www.deedeeparis.com\/blog\/wp-json\/wp\/v2\/posts"}],"about":[{"href":"https:\/\/www.deedeeparis.com\/blog\/wp-json\/wp\/v2\/types\/post"}],"author":[{"embeddable":true,"href":"https:\/\/www.deedeeparis.com\/blog\/wp-json\/wp\/v2\/users\/2"}],"replies":[{"embeddable":true,"href":"https:\/\/www.deedeeparis.com\/blog\/wp-json\/wp\/v2\/comments?post=16737"}],"version-history":[{"count":5,"href":"https:\/\/www.deedeeparis.com\/blog\/wp-json\/wp\/v2\/posts\/16737\/revisions"}],"predecessor-version":[{"id":16757,"href":"https:\/\/www.deedeeparis.com\/blog\/wp-json\/wp\/v2\/posts\/16737\/revisions\/16757"}],"wp:featuredmedia":[{"embeddable":true,"href":"https:\/\/www.deedeeparis.com\/blog\/wp-json\/wp\/v2\/media\/16741"}],"wp:attachment":[{"href":"https:\/\/www.deedeeparis.com\/blog\/wp-json\/wp\/v2\/media?parent=16737"}],"wp:term":[{"taxonomy":"category","embeddable":true,"href":"https:\/\/www.deedeeparis.com\/blog\/wp-json\/wp\/v2\/categories?post=16737"},{"taxonomy":"post_tag","embeddable":true,"href":"https:\/\/www.deedeeparis.com\/blog\/wp-json\/wp\/v2\/tags?post=16737"}],"curies":[{"name":"wp","href":"https:\/\/api.w.org\/{rel}","templated":true}]}}