{"id":16824,"date":"2012-10-29T07:50:08","date_gmt":"2012-10-29T06:50:08","guid":{"rendered":"https:\/\/www.deedeeparis.com\/blog\/?p=16824"},"modified":"2012-10-28T17:49:50","modified_gmt":"2012-10-28T16:49:50","slug":"ma-week-list-11","status":"publish","type":"post","link":"https:\/\/www.deedeeparis.com\/blog\/ma-week-list-11","title":{"rendered":"Ma Week List #11"},"content":{"rendered":"<p>Nouvelle semaine, nouveaux coups de coeur ! Cette semaine, j\u2019aime :<\/p>\n<p><strong><strong>\u2605 <\/strong><\/strong><strong>Les Bijoux <a title=\"Le Gramme\" href=\"http:\/\/www.legramme.com\/\" target=\"_blank\">Le Gramme<\/a><\/strong><\/p>\n<p><a href=\"https:\/\/www.deedeeparis.com\/blog\/wp-content\/uploads\/2012\/10\/legramme636x422-1.jpg\"><img loading=\"lazy\" decoding=\"async\" class=\"alignnone size-medium wp-image-16873\" title=\"bijoux le gramme\" src=\"https:\/\/www.deedeeparis.com\/blog\/wp-content\/uploads\/2012\/10\/legramme636x422-1-500x331.jpg\" alt=\"\" width=\"500\" height=\"331\" \/><\/a><\/p>\n<p>Fruits de la collaboration d&rsquo;Erwan Le Lou\u00ebr (remember JEM ?) et Adrien Messi\u00e9, des bracelets pour vous, les hommes, d\u00e9concertants de simplicit\u00e9, de puret\u00e9 et de beaut\u00e9.<\/p>\n<p><a href=\"https:\/\/www.deedeeparis.com\/blog\/wp-content\/uploads\/2012\/10\/bijoux-le-gramme.jpg\"><img loading=\"lazy\" decoding=\"async\" class=\"alignnone size-medium wp-image-16874\" title=\"bijoux-le-gramme\" src=\"https:\/\/www.deedeeparis.com\/blog\/wp-content\/uploads\/2012\/10\/bijoux-le-gramme-500x215.jpg\" alt=\"\" width=\"500\" height=\"215\" \/><\/a><\/p>\n<p>\u00a9<em>Photo Ludovic Parisot<\/em><\/p>\n<p>La marque et les bracelets tirent leur nom de leur grammage (entre 7g et 41g). Ils sont tous en argent recycl\u00e9, num\u00e9rot\u00e9s et lamin\u00e9s \u00e0 la main par des artisans fran\u00e7ais. Et j&rsquo;aime bien, donc.<\/p>\n<p><strong><strong>\u2605 <\/strong><\/strong><strong> <\/strong><a title=\"Time to sign off\" href=\"http:\/\/timetosignoff.fr \" target=\"_blank\"><strong>Time to Sign Off<\/strong><\/a><\/p>\n<p>La meilleure newsletter EVER, surtout si comme moi, vous croulez sous les alertes mails. Chaque soir, on re\u00e7oit un petit condens\u00e9 d&rsquo;actus et d&rsquo;infos insolites. Aiguis\u00e9 comme une lame, pointu comme un couteau, chauff\u00e9 comme une flamme et puissant comme un fusil d&rsquo;assaut, pour r\u00e9sumer l&rsquo;id\u00e9e. Une perle trouv\u00e9e gr\u00e2ce au <a title=\"Bomeur\" href=\"http:\/\/bomeur.tumblr.com\/\" target=\"_blank\">Bomeur<\/a> dont <a title=\"Bomeur\" href=\"https:\/\/www.deedeeparis.com\/blog\/ma-week-list-7\" target=\"_blank\">je vous parlais<\/a> il y a quelques semaines (ah ben oui, faut suivre !).<\/p>\n<p><strong><strong>\u2605 <\/strong><\/strong><strong> <\/strong><strong>The Fight, le nouvel album de Lilly Wood and the Prick <\/strong><\/p>\n<p><a title=\"Lilly wood and the prick the fight\" href=\"http:\/\/instagrid.me\/deedeeparis\/\" target=\"_blank\"><img loading=\"lazy\" decoding=\"async\" class=\"alignnone size-medium wp-image-16887\" title=\"lilly wood and the prick the fight\" src=\"https:\/\/www.deedeeparis.com\/blog\/wp-content\/uploads\/2012\/10\/lilly-wood-and-the-prick-500x500.jpg\" alt=\"\" width=\"500\" height=\"500\" \/><\/a><\/p>\n<p>Le second album du groupe sort lundi prochain, le 5 novembre. Je ne sais pas quoi vous dire d&rsquo;autres que c&rsquo;est de la bombe b\u00e9b\u00e9 (oui, j&rsquo;accumule les r\u00e9f\u00e9rences de haut vol aujourd&rsquo;hui !).<\/p>\n<p><strong><strong>\u2605 <\/strong><\/strong><strong> <\/strong><strong>Les licornes<\/strong><\/p>\n<p><strong><a href=\"https:\/\/www.deedeeparis.com\/blog\/wp-content\/uploads\/2012\/10\/photo42.jpg\"><img loading=\"lazy\" decoding=\"async\" class=\"alignnone size-medium wp-image-16889\" title=\"licorne\" src=\"https:\/\/www.deedeeparis.com\/blog\/wp-content\/uploads\/2012\/10\/photo42-e1351442825612-500x666.jpg\" alt=\"\" width=\"500\" height=\"666\" \/><\/a<\/strong><\/p>\n<p>Parce que la licorne, c&rsquo;est le nouveau tigre. Carnets, sweats, tee shirt, stylos&#8230;\u00a0 Pr\u00e9parez vous \u00e0 en bouffer ! (Je crois que je commence presque \u00e0 saturer, d\u00e9j\u00e0&#8230;). Ici, elle(s) pose(nt) fi\u00e8rement sur un sweat American Retro de l&rsquo;\u00e9t\u00e9 prochain (je suis affluence, je SAIS d\u00e9j\u00e0 ce que vous allez porter en 2013, you know).<\/p>\n<p>Joyeuse semaine !<\/p>\n","protected":false},"excerpt":{"rendered":"<p>Nouvelle semaine, nouveaux coups de coeur ! Cette semaine, j\u2019aime : \u2605 Les Bijoux Le Gramme Fruits de la collaboration d&rsquo;Erwan Le Lou\u00ebr (remember JEM ?) et Adrien Messi\u00e9, des bracelets pour vous, les hommes, d\u00e9concertants de simplicit\u00e9, de puret\u00e9 et de beaut\u00e9. \u00a9Photo Ludovic Parisot La marque et les bracelets tirent leur nom de [&hellip;]<\/p>\n","protected":false},"author":2,"featured_media":16873,"comment_status":"open","ping_status":"open","sticky":false,"template":"","format":"standard","meta":{"_acf_changed":false,"footnotes":""},"categories":[8],"tags":[4999,4923,4513,5003,5002,3019,5001,5000],"class_list":["post-16824","post","type-post","status-publish","format-standard","has-post-thumbnail","hentry","category-chroniques-de-paris","tag-bijoux-le-gramme","tag-bomeur","tag-jem","tag-licorne","tag-licornes","tag-lilly-wood-and-the-prick","tag-lilly-wood-and-the-prick-the-fight","tag-time-to-sign-off"],"acf":[],"geo":null,"_links":{"self":[{"href":"https:\/\/www.deedeeparis.com\/blog\/wp-json\/wp\/v2\/posts\/16824","targetHints":{"allow":["GET"]}}],"collection":[{"href":"https:\/\/www.deedeeparis.com\/blog\/wp-json\/wp\/v2\/posts"}],"about":[{"href":"https:\/\/www.deedeeparis.com\/blog\/wp-json\/wp\/v2\/types\/post"}],"author":[{"embeddable":true,"href":"https:\/\/www.deedeeparis.com\/blog\/wp-json\/wp\/v2\/users\/2"}],"replies":[{"embeddable":true,"href":"https:\/\/www.deedeeparis.com\/blog\/wp-json\/wp\/v2\/comments?post=16824"}],"version-history":[{"count":5,"href":"https:\/\/www.deedeeparis.com\/blog\/wp-json\/wp\/v2\/posts\/16824\/revisions"}],"predecessor-version":[{"id":16877,"href":"https:\/\/www.deedeeparis.com\/blog\/wp-json\/wp\/v2\/posts\/16824\/revisions\/16877"}],"wp:featuredmedia":[{"embeddable":true,"href":"https:\/\/www.deedeeparis.com\/blog\/wp-json\/wp\/v2\/media\/16873"}],"wp:attachment":[{"href":"https:\/\/www.deedeeparis.com\/blog\/wp-json\/wp\/v2\/media?parent=16824"}],"wp:term":[{"taxonomy":"category","embeddable":true,"href":"https:\/\/www.deedeeparis.com\/blog\/wp-json\/wp\/v2\/categories?post=16824"},{"taxonomy":"post_tag","embeddable":true,"href":"https:\/\/www.deedeeparis.com\/blog\/wp-json\/wp\/v2\/tags?post=16824"}],"curies":[{"name":"wp","href":"https:\/\/api.w.org\/{rel}","templated":true}]}}