{"id":17029,"date":"2012-11-19T07:37:23","date_gmt":"2012-11-19T06:37:23","guid":{"rendered":"https:\/\/www.deedeeparis.com\/blog\/?p=17029"},"modified":"2012-11-18T20:39:57","modified_gmt":"2012-11-18T19:39:57","slug":"ma-week-list-13","status":"publish","type":"post","link":"https:\/\/www.deedeeparis.com\/blog\/ma-week-list-13","title":{"rendered":"Ma Week List #13"},"content":{"rendered":"<p>Nouvelle semaine, toujours froid, toujours pluie, toujours gris MAIS nouveaux coups de coeur ! Cette semaine, j\u2019aime :<\/p>\n<p><strong>\u2605 <\/strong><strong><\/strong><strong>Les nouilles, qui sont de retour chez Princesse Tam Tam <\/strong><\/p>\n<p><a title=\"Instagram\" href=\"http:\/\/instagram.com\/deedeeparis\" target=\"_blank\"><img loading=\"lazy\" decoding=\"async\" class=\"alignnone size-medium wp-image-17032\" title=\"Princesse Tam Tam\" src=\"https:\/\/www.deedeeparis.com\/blog\/wp-content\/uploads\/2012\/11\/aeb85cb62f1311e29a0d22000a9f1320_7-500x500.jpg\" alt=\"\" width=\"500\" height=\"500\" \/><\/a><\/p>\n<p>Et qui font un sacr\u00e9 pied de nez au froid (m\u00eame si je vous l&rsquo;accorde, il  va nous falloir un peu de temps avant de pouvoir les d\u00e9gainer). Je suis  SUPERFAN, ceci n&rsquo;est pas de l&rsquo;humour ! A ce stade, je peux m\u00eame vous  confesser que cet \u00e9t\u00e9, j&rsquo;ai \u00e9t\u00e9 jusqu&rsquo;\u00e0 m&rsquo;acheter des chaussons  absolument immondes en n\u00e9opr\u00e8ne juste pour arr\u00eater de maltraiter mes  pieds sur les rochers. Riez, n&#8217;emp\u00eache que : c&rsquo;est moche, mais c&rsquo;est  quand m\u00eame le pied. C&rsquo;est le cas de le dire ! Autant vous dire que je  vais me ruer sur ces m\u00e9duses l\u00e0 d\u00e8s qu&rsquo;elles seront en boutique.<\/p>\n<p><strong><strong>\u2605 <\/strong><\/strong><strong>\u00ab <a title=\"G\u00e9n\u00e9rteur de marronniers\" href=\"http:\/\/www.ecrans.fr\/L-hebdomator-notre-generateur-de,14181.html\" target=\"_blank\">L\u2019hebdomator<\/a> \u00bb, le g\u00e9n\u00e9rateur de marronniers <\/strong><\/p>\n<p>A la base, il y a ce constat fait par Camille G\u00e9vaudan, journaliste pour Lib\u00e9 : le vocabulaire, la structure des phrases et les questions soulev\u00e9es par les titres des couvertures de <em>L&rsquo;Express<\/em>, <em>Le Nouvel Observateur<\/em> et <em>Le point<\/em> sont toujours les m\u00eames. Il n&rsquo;en fallait pas plus \u00e0 Lib\u00e9 pour proposer l&rsquo;hebdomator, un g\u00e9n\u00e9rateur de marronniers. Dr\u00f4le ! <strong><\/strong><\/p>\n<p><strong>\u2605 <\/strong><strong>La collection \u00e9ph\u00e9m\u00e8re des <a title=\"Bougies hiver 2012 diptyque\" href=\"http:\/\/www.diptyqueparis.fr\/home-fragrances\/holiday-candles.html\" target=\"_blank\">bougies Diptyque d&rsquo;hiver<\/a><br \/>\n<\/strong><\/p>\n<p><strong><a href=\"https:\/\/www.deedeeparis.com\/blog\/wp-content\/uploads\/2012\/11\/diptyque-noel-20122.jpg\"><img loading=\"lazy\" decoding=\"async\" class=\"alignnone size-medium wp-image-17112\" title=\"diptyque-noel-2012\" src=\"https:\/\/www.deedeeparis.com\/blog\/wp-content\/uploads\/2012\/11\/diptyque-noel-20122-500x500.jpg\" alt=\"\" width=\"500\" height=\"500\" \/><\/a><\/strong><\/p>\n<p>\u00ab\u00a0Chui snob\u00a0\u00bb, peut \u00eatre. Mais je suis une inconditionnelle des bougies de cette maison, toute \u00e9labor\u00e9e \u00e0 partir de cire naturelle.<\/p>\n<p>Pour les 50 ans de la marque, la collection \u00e9ph\u00e9m\u00e8re d&rsquo;hiver se pare de patchworks color\u00e9s qui habillent trois bougies : sapin dor\u00e9, Oud Ambr\u00e9 et Oliban,\u00a0 <em>please welcome<\/em> le cru 2012 des bougies de No\u00ebl Diptyque !<\/p>\n<p><strong><strong>\u2605 <\/strong>Le <a title=\"Bonnet barbe\" href=\"http:\/\/eu.fab.com\/sale\/3206\/product\/81768\/\" target=\"_blank\">bonnet-barbe<\/a>, totalement abscon et terriblement d&rsquo;actualit\u00e9<!--more--><\/strong><\/p>\n<p><a href=\"https:\/\/www.deedeeparis.com\/blog\/wp-content\/uploads\/2012\/11\/beardo.jpg\"><img loading=\"lazy\" decoding=\"async\" class=\"alignnone size-medium wp-image-17097\" title=\"Bonnet barbe\" src=\"https:\/\/www.deedeeparis.com\/blog\/wp-content\/uploads\/2012\/11\/beardo-500x500.jpg\" alt=\"\" width=\"500\" height=\"500\" \/><\/a><\/p>\n<p><strong>\u2605 <\/strong><strong><\/strong><strong><a title=\"Beaujolais nouveau 2012\" href=\"http:\/\/www.neonmag.fr\/beaujolais-nouveau-2012-comment-choisir-115221\/\" target=\"_blank\">Cet article<\/a> du toujours excellent Neon sur le Beaujolais Nouveau <\/strong><\/p>\n<p><strong><a href=\"https:\/\/www.deedeeparis.com\/blog\/wp-content\/uploads\/2012\/11\/lebeaeujoliasnuoveau.jpg\"><img loading=\"lazy\" decoding=\"async\" class=\"alignnone size-medium wp-image-17106\" title=\"lebeaeujoliasnuoveau\" src=\"https:\/\/www.deedeeparis.com\/blog\/wp-content\/uploads\/2012\/11\/lebeaeujoliasnuoveau-500x697.jpg\" alt=\"\" width=\"500\" height=\"697\" \/><\/a><\/strong><\/p>\n<p>Lequel explique en substance que si le Beaujolais nouveau fait toujours mal aux cheveux, c&rsquo;est surtout&#8230; parce qu&rsquo;on en boit trop. Et aussi parce qu&rsquo;il est commercialis\u00e9 juste apr\u00e8s sa vinification et qu&rsquo;\u00e0 ce titre, il  ne b\u00e9n\u00e9ficie pas de la p\u00e9riode d\u2019\u00e9levage traditionnelle qui  permet au vin de \u00ab\u00a0s\u2019assagir\u00a0\u00bb. Forc\u00e9ment, \u00e7a pique. CQFD.<\/p>\n<p>Joyeuse semaine \u00e0 tous !<\/p>\n","protected":false},"excerpt":{"rendered":"<p>Nouvelle semaine, toujours froid, toujours pluie, toujours gris MAIS nouveaux coups de coeur ! Cette semaine, j\u2019aime : \u2605 Les nouilles, qui sont de retour chez Princesse Tam Tam Et qui font un sacr\u00e9 pied de nez au froid (m\u00eame si je vous l&rsquo;accorde, il va nous falloir un peu de temps avant de pouvoir [&hellip;]<\/p>\n","protected":false},"author":2,"featured_media":17032,"comment_status":"open","ping_status":"open","sticky":false,"template":"","format":"standard","meta":{"_acf_changed":false,"footnotes":""},"categories":[8],"tags":[5059,5058,5065,5061,5062,5063,5060,2706,5064],"class_list":["post-17029","post","type-post","status-publish","format-standard","has-post-thumbnail","hentry","category-chroniques-de-paris","tag-beaujolais-nouveau-2012","tag-bonnet-barbe","tag-diptyque-noel-2012","tag-generateur-de-marronniers","tag-hebdomator","tag-hebdomator-libe","tag-le-beuajolias-nuovaeu-est-avrire","tag-princesse-tam-tam","tag-rose-et-josephine"],"acf":[],"geo":null,"_links":{"self":[{"href":"https:\/\/www.deedeeparis.com\/blog\/wp-json\/wp\/v2\/posts\/17029","targetHints":{"allow":["GET"]}}],"collection":[{"href":"https:\/\/www.deedeeparis.com\/blog\/wp-json\/wp\/v2\/posts"}],"about":[{"href":"https:\/\/www.deedeeparis.com\/blog\/wp-json\/wp\/v2\/types\/post"}],"author":[{"embeddable":true,"href":"https:\/\/www.deedeeparis.com\/blog\/wp-json\/wp\/v2\/users\/2"}],"replies":[{"embeddable":true,"href":"https:\/\/www.deedeeparis.com\/blog\/wp-json\/wp\/v2\/comments?post=17029"}],"version-history":[{"count":5,"href":"https:\/\/www.deedeeparis.com\/blog\/wp-json\/wp\/v2\/posts\/17029\/revisions"}],"predecessor-version":[{"id":17103,"href":"https:\/\/www.deedeeparis.com\/blog\/wp-json\/wp\/v2\/posts\/17029\/revisions\/17103"}],"wp:featuredmedia":[{"embeddable":true,"href":"https:\/\/www.deedeeparis.com\/blog\/wp-json\/wp\/v2\/media\/17032"}],"wp:attachment":[{"href":"https:\/\/www.deedeeparis.com\/blog\/wp-json\/wp\/v2\/media?parent=17029"}],"wp:term":[{"taxonomy":"category","embeddable":true,"href":"https:\/\/www.deedeeparis.com\/blog\/wp-json\/wp\/v2\/categories?post=17029"},{"taxonomy":"post_tag","embeddable":true,"href":"https:\/\/www.deedeeparis.com\/blog\/wp-json\/wp\/v2\/tags?post=17029"}],"curies":[{"name":"wp","href":"https:\/\/api.w.org\/{rel}","templated":true}]}}