{"id":17099,"date":"2012-11-26T07:24:07","date_gmt":"2012-11-26T06:24:07","guid":{"rendered":"https:\/\/www.deedeeparis.com\/blog\/?p=17099"},"modified":"2012-11-26T14:35:50","modified_gmt":"2012-11-26T13:35:50","slug":"ma-week-list-14","status":"publish","type":"post","link":"https:\/\/www.deedeeparis.com\/blog\/ma-week-list-14","title":{"rendered":"Ma Week List #14"},"content":{"rendered":"<p>Nouvelle semaine, nouveaux coups de coeur ! Cette semaine, j\u2019aime :<\/p>\n<p><strong>\u2605 <\/strong><strong>Les Kits Do it Yvette<\/strong><\/p>\n<p><strong><a href=\"https:\/\/www.deedeeparis.com\/blog\/wp-content\/uploads\/2012\/11\/Kits-do-it-yvette.jpg\"><img loading=\"lazy\" decoding=\"async\" class=\"alignnone size-medium wp-image-17163\" title=\"Kits do it yvette\" src=\"https:\/\/www.deedeeparis.com\/blog\/wp-content\/uploads\/2012\/11\/Kits-do-it-yvette-500x332.jpg\" alt=\"\" width=\"500\" height=\"332\" \/><\/a><\/strong><\/p>\n<p><em>\u00a9Photo Do it Yvette<\/em><\/p>\n<p>Apr\u00e8s <a title=\"Do it yvette\" href=\"https:\/\/www.deedeeparis.com\/blog\/do-it-yvette\" target=\"_blank\">le livre<\/a>, please welcome les kits ! Chacun comprend un tuto issu du livre ainsi que toutes les fournitures n\u00e9cessaires \u00e0 ka r\u00e9alisation de la pi\u00e8ce de votre convoitise. Par exemple, pour le tee shirt Pandora ci-dessus, plus besoin d&rsquo;imprimante. Pour 18 euros, \u00e0 vous le matos et le mode d&#8217;emploi. A retrouver <a title=\"Kits do it yvette\" href=\"http:\/\/www.etsy.com\/shop\/doityvette\" target=\"_blank\">ici<\/a>.<\/p>\n<p><strong>\u2605 <\/strong><strong>Le manifesto YSL du talentueux <a title=\"James Bort\" href=\"http:\/\/www.jamesbort.com\/\" target=\"_blank\">James Bort<\/a> <\/strong><\/p>\n<p><!-- This version of the embed code is no longer supported. Learn more: https:\/\/vimeo.com\/help\/faq\/embedding --> <object classid=\"clsid:d27cdb6e-ae6d-11cf-96b8-444553540000\" width=\"500\" height=\"281\" codebase=\"http:\/\/download.macromedia.com\/pub\/shockwave\/cabs\/flash\/swflash.cab#version=6,0,40,0\"><param name=\"allowfullscreen\" value=\"true\" \/><param name=\"allowscriptaccess\" value=\"always\" \/><param name=\"src\" value=\"http:\/\/vimeo.com\/moogaloop.swf?clip_id=52996722&amp;force_embed=1&amp;server=vimeo.com&amp;show_title=0&amp;show_byline=0&amp;show_portrait=0&amp;color=ffffff&amp;fullscreen=1&amp;autoplay=0&amp;loop=0\" \/><embed type=\"application\/x-shockwave-flash\" width=\"500\" height=\"281\" src=\"http:\/\/vimeo.com\/moogaloop.swf?clip_id=52996722&amp;force_embed=1&amp;server=vimeo.com&amp;show_title=0&amp;show_byline=0&amp;show_portrait=0&amp;color=ffffff&amp;fullscreen=1&amp;autoplay=0&amp;loop=0\" allowscriptaccess=\"always\" allowfullscreen=\"true\"><\/embed><\/object><\/p>\n<p>La marque lui a donn\u00e9 carte blanche pour livrer ce manifesto. Le r\u00e9sultat est brut, un peu hors du temps, audacieux&#8230; beau.<\/p>\n<p><strong>\u2605 <\/strong><strong>Le projet de Food Truck des Tartes Kluger<\/strong><\/p>\n<p><strong><a href=\"https:\/\/www.deedeeparis.com\/blog\/wp-content\/uploads\/2012\/11\/tartes-kluger.jpg\"><img loading=\"lazy\" decoding=\"async\" class=\"alignnone size-medium wp-image-17174\" title=\"tartes kluger\" src=\"https:\/\/www.deedeeparis.com\/blog\/wp-content\/uploads\/2012\/11\/tartes-kluger-500x331.jpg\" alt=\"\" width=\"500\" height=\"331\" \/><\/a><\/strong><\/p>\n<p><strong><a href=\"https:\/\/www.deedeeparis.com\/blog\/wp-content\/uploads\/2012\/11\/tartes-kluger2.jpg\"><img loading=\"lazy\" decoding=\"async\" class=\"alignnone size-medium wp-image-17173\" title=\"tartes kluger\" src=\"https:\/\/www.deedeeparis.com\/blog\/wp-content\/uploads\/2012\/11\/tartes-kluger2-500x751.jpg\" alt=\"\" width=\"500\" height=\"751\" \/><\/a><\/strong><\/p>\n<p><strong><a href=\"https:\/\/www.deedeeparis.com\/blog\/wp-content\/uploads\/2012\/11\/tarte-kluger.jpg\"><img loading=\"lazy\" decoding=\"async\" class=\"alignnone size-medium wp-image-17175\" title=\"tarte kluger\" src=\"https:\/\/www.deedeeparis.com\/blog\/wp-content\/uploads\/2012\/11\/tarte-kluger-500x282.jpg\" alt=\"\" width=\"500\" height=\"282\" \/><\/a><\/strong><\/p>\n<p>Les <a title=\"Tartes Kluger\" href=\"http:\/\/www.tarteskluger.com\/\" target=\"_blank\">tartes Kluger<\/a>, c&rsquo;est d\u00e9j\u00e0 un projet un peu fou, initialement. Celui de Catherine Kluger, ancienne avocate sp\u00e9cialis\u00e9e dans les propri\u00e9t\u00e9s intellectuelles, qui a arr\u00eat\u00e9 d&rsquo;exercer au barreau et suivi une formation aupr\u00e8s du Mof p\u00e2tissier-confiseur Nicolas Bernard\u00e9 pour se mettre aux fourneaux. Depuis 2009, ses tartes font un tabac. Restaurant, livres&#8230; on ne compte plus les projets consacr\u00e9s \u00e0 ses tartes !<\/p>\n<p>Aujourd&rsquo;hui, Catherine voudrait aller plus loin, et sillonner la France \u00e0 bord d&rsquo;un Food Truck. Elle fait donc appel aux gourmands et enthousiastes de tout poil pour l&rsquo;aider \u00e0 financer une partie de ce nouveau projet. <strong><a title=\"Tartes Kluger\" href=\"http:\/\/www.mymajorcompany.com\/projects\/food-truck-tartes-kluger?utm_source=widget&amp;utm_medium=gaugewidget&amp;utm_campaign=Un%20Food%20Truck%20pour%20les%20Tartes%20Kluger\" target=\"_blank\">&gt;&gt; Toutes les infos sont ici &lt;&lt;<\/a> <\/strong>!<\/p>\n<p><em><strong>(Lire la suite &#8211;&gt;)<\/strong><\/em><!--more--><\/p>\n<p><strong>\u2605 <\/strong><strong>La <a title=\"Asleep from day\" href=\"http:\/\/www.carnetsparisiens.com\/2012\/11\/11\/asleep-from-day-christmas-is-coming\/\" target=\"_blank\">collection de No\u00ebl d&rsquo;Asleep from day<\/a>, peinte \u00e0 la main par Cyrielle, s&rsquo;il-vous-pla\u00eet. <\/strong><\/p>\n<p><a href=\"https:\/\/www.deedeeparis.com\/blog\/wp-content\/uploads\/2012\/11\/asleep_from_day_noel_4_theiere_cup.jpg\"><img loading=\"lazy\" decoding=\"async\" class=\"alignnone size-medium wp-image-17155\" title=\"asleep_from_day_noel_4_theiere_cup\" src=\"https:\/\/www.deedeeparis.com\/blog\/wp-content\/uploads\/2012\/11\/asleep_from_day_noel_4_theiere_cup-500x333.jpg\" alt=\"\" width=\"500\" height=\"333\" \/><\/a><\/p>\n<p><a href=\"https:\/\/www.deedeeparis.com\/blog\/wp-content\/uploads\/2012\/11\/Capture-d\u2019\u00e9cran-2012-11-25-\u00e0-18.28.14.png\"><img loading=\"lazy\" decoding=\"async\" class=\"alignnone size-medium wp-image-17156\" title=\"asleep from day\" src=\"https:\/\/www.deedeeparis.com\/blog\/wp-content\/uploads\/2012\/11\/Capture-d\u2019\u00e9cran-2012-11-25-\u00e0-18.28.14-500x372.png\" alt=\"\" width=\"500\" height=\"372\" \/><\/a><\/p>\n<p>Parfaite pour se mettre dans le mood \u00ab\u00a0chiche, j&rsquo;aime No\u00ebl\u00a0\u00bb (je vous JURE que j&rsquo;essaye) (tout n&rsquo;est d&rsquo;ailleurs pas encore totalement perdu pour ce cru 2012).<\/p>\n<p><strong>\u2605 <\/strong><strong>Le concours Oh la la Paris organis\u00e9 par <a title=\"Lucie Saint Clair\" href=\"http:\/\/www.facebook.com\/Salons.LucieSaintClair\/app_373065719403295\" target=\"_blank\">Lucie Saint-Clair <\/a><\/strong><\/p>\n<p><strong><a title=\"Lucie Saint Clair\" href=\"http:\/\/www.facebook.com\/Salons.LucieSaintClair\/app_373065719403295\" target=\"_blank\"><img loading=\"lazy\" decoding=\"async\" class=\"alignnone size-medium wp-image-17165\" title=\"Concours Lucie Saint Clair\" src=\"https:\/\/www.deedeeparis.com\/blog\/wp-content\/uploads\/2012\/11\/Capture-d\u2019\u00e9cran-2012-11-25-\u00e0-18.49.41-499x329.png\" alt=\"\" width=\"500\" height=\"329\" \/><\/a><\/strong><\/p>\n<p>Parce que pour participer, il faut livrer sa vision du chic et du glamour parisien. J&rsquo;aime !<\/p>\n<p>Joyeuse semaine \u00e0 tous.<\/p>\n","protected":false},"excerpt":{"rendered":"<p>Nouvelle semaine, nouveaux coups de coeur ! Cette semaine, j\u2019aime : \u2605 Les Kits Do it Yvette \u00a9Photo Do it Yvette Apr\u00e8s le livre, please welcome les kits ! Chacun comprend un tuto issu du livre ainsi que toutes les fournitures n\u00e9cessaires \u00e0 ka r\u00e9alisation de la pi\u00e8ce de votre convoitise. Par exemple, pour le [&hellip;]<\/p>\n","protected":false},"author":2,"featured_media":17163,"comment_status":"open","ping_status":"open","sticky":false,"template":"","format":"standard","meta":{"_acf_changed":false,"footnotes":""},"categories":[8],"tags":[4757,5080,2551,5077,5079,5078,5076],"class_list":["post-17099","post","type-post","status-publish","format-standard","has-post-thumbnail","hentry","category-chroniques-de-paris","tag-do-it-yvette","tag-food-truck-tarte-kluger","tag-james-bort","tag-les-kits-do-it-yvette","tag-nouvelle-adresse-tartes-kluger","tag-tartes-kluger","tag-week-list"],"acf":[],"geo":null,"_links":{"self":[{"href":"https:\/\/www.deedeeparis.com\/blog\/wp-json\/wp\/v2\/posts\/17099","targetHints":{"allow":["GET"]}}],"collection":[{"href":"https:\/\/www.deedeeparis.com\/blog\/wp-json\/wp\/v2\/posts"}],"about":[{"href":"https:\/\/www.deedeeparis.com\/blog\/wp-json\/wp\/v2\/types\/post"}],"author":[{"embeddable":true,"href":"https:\/\/www.deedeeparis.com\/blog\/wp-json\/wp\/v2\/users\/2"}],"replies":[{"embeddable":true,"href":"https:\/\/www.deedeeparis.com\/blog\/wp-json\/wp\/v2\/comments?post=17099"}],"version-history":[{"count":5,"href":"https:\/\/www.deedeeparis.com\/blog\/wp-json\/wp\/v2\/posts\/17099\/revisions"}],"predecessor-version":[{"id":17158,"href":"https:\/\/www.deedeeparis.com\/blog\/wp-json\/wp\/v2\/posts\/17099\/revisions\/17158"}],"wp:featuredmedia":[{"embeddable":true,"href":"https:\/\/www.deedeeparis.com\/blog\/wp-json\/wp\/v2\/media\/17163"}],"wp:attachment":[{"href":"https:\/\/www.deedeeparis.com\/blog\/wp-json\/wp\/v2\/media?parent=17099"}],"wp:term":[{"taxonomy":"category","embeddable":true,"href":"https:\/\/www.deedeeparis.com\/blog\/wp-json\/wp\/v2\/categories?post=17099"},{"taxonomy":"post_tag","embeddable":true,"href":"https:\/\/www.deedeeparis.com\/blog\/wp-json\/wp\/v2\/tags?post=17099"}],"curies":[{"name":"wp","href":"https:\/\/api.w.org\/{rel}","templated":true}]}}