{"id":17546,"date":"2013-01-14T07:39:54","date_gmt":"2013-01-14T06:39:54","guid":{"rendered":"https:\/\/www.deedeeparis.com\/blog\/?p=17546"},"modified":"2013-01-14T09:10:45","modified_gmt":"2013-01-14T08:10:45","slug":"ma-weeklist-18","status":"publish","type":"post","link":"https:\/\/www.deedeeparis.com\/blog\/ma-weeklist-18","title":{"rendered":"Ma Weeklist #18"},"content":{"rendered":"<p>Nouvelle semaine, nouveaux coups de coeur ! Cette semaine, j&rsquo;aime :<\/p>\n<p><strong>\u2605 <\/strong><strong><\/strong><strong><a title=\"Human Love Stories\" href=\"http:\/\/humanslovestories.tumblr.com\/\" target=\"_blank\">Human Love Stories<\/a> <\/strong><\/p>\n<p><img loading=\"lazy\" decoding=\"async\" class=\"shadowless\" title=\"Human love stories\" src=\"https:\/\/www.deedeeparis.com\/blog\/wp-content\/uploads\/2013\/01\/Capture-d\u2019\u00e9cran-2013-01-13-\u00e0-20.30.20-500x139.png\" alt=\"\" width=\"500\" height=\"139\" \/><\/p>\n<p>Au d\u00e9part, il y a ce mail qui m&rsquo;invite \u00e0 raconter une histoire qui m&rsquo;a marqu\u00e9e. Une histoire issue d&rsquo;un livre, d&rsquo;une b\u00e9d\u00e9, d&rsquo;un film, d&rsquo;une expo, d&rsquo;un jeu vid\u00e9o&#8230; le terrain de jeu est vaste ! Je suis joueuse, j&rsquo;accepte. Un peu bille en t\u00eate, c&rsquo;est vrai. Tr\u00e8s vite, un extrait de <em>L&rsquo;\u00e9cume des jours<\/em> de Boris Vian s&rsquo;impose comme une \u00e9vidence. Et me voil\u00e0 \u00e0 \u00e9changer avec Olivier pendant plus d&rsquo;une heure sur le pourquoi du comment j&rsquo;ai choisi cet extrait de ce livre en particulier.<\/p>\n<p>Je parle, je parle, Olivier reste \u00e9tonnamment sto\u00efque face \u00e0 la logorrh\u00e9e de plus en plus personnelle qu&rsquo;il re\u00e7oit en pleine figure. Et je finis par raccrocher au bout d&rsquo;une heure. Un peu sonn\u00e9e. Je ne l&rsquo;aurais jamais soup\u00e7onn\u00e9 et pourtant, le constat est l\u00e0 : cet exercice est bouleversant. Parce qu&rsquo;on se livre, bien s\u00fbr. Parce qu&rsquo;on \u00e9change. Parce que appuie sur \u00ab\u00a0pause\u00a0\u00bb dans ce mouvement perp\u00e9tuel de vie qui d\u00e9file sans cesse plus vite. Parce qu&rsquo;on prend un peu de recul et que cet \u00e9change apporte une nouvelle lumi\u00e8re sur certains \u00e9pisodes de sa propre histoire.<\/p>\n<p>Mon histoire, justement, est en ligne &gt;&gt; <a title=\"Human Love Stories\" href=\"http:\/\/humanslovestories.tumblr.com\/post\/38381545789\/saison-01-episode-09-deedee-blogueuse-et\" target=\"_blank\">ici<\/a>&lt;&lt; Vous pouvez \u00e9galement d\u00e9couvrir les histoires de plein d&rsquo;autres personnes, et faire l&rsquo;exercice de votre c\u00f4t\u00e9. Vous verrez, c&rsquo;est&#8230; fort !<\/p>\n<p>Merci Olivier, merci C\u00e9lina !<\/p>\n<p><strong>\u2605 <\/strong><strong>Rose Duet, la derni\u00e8re n\u00e9e de <a title=\"Bougie Diptyque\" href=\"http:\/\/www.diptyqueparis.fr\/\" target=\"_blank\">Diptyque<\/a><\/strong><\/p>\n<p><a href=\"https:\/\/www.deedeeparis.com\/blog\/wp-content\/uploads\/2013\/01\/Capture-d\u2019\u00e9cran-2013-01-13-\u00e0-21.10.50.png\"><img loading=\"lazy\" decoding=\"async\" class=\"alignnone size-medium wp-image-17569\" title=\"bougie rose duet diptyque\" src=\"https:\/\/www.deedeeparis.com\/blog\/wp-content\/uploads\/2013\/01\/Capture-d\u2019\u00e9cran-2013-01-13-\u00e0-21.10.50-499x430.png\" alt=\"\" width=\"500\" height=\"431\" \/><\/a><\/p>\n<p>Je vous une v\u00e9ritable passion aux vraies belles bougies qui sont le fruit d&rsquo;un savoir faire exigeant, \u00e9labor\u00e9es \u00e0 partir de cire naturelle, sans fioriture ni chichis. A ce titre, la derni\u00e8re n\u00e9e de Diptyque, disponible en \u00e9dition limit\u00e9e ces jours-ci, a tout pour plaire : la rose et la baie se m\u00ealent pour une signature olfactive in\u00e9dite et assez incroyable. Pour l&rsquo;avoir renifl\u00e9e abondamment il y a quelques semaines en boutique, je peux vous dire qu&rsquo;elle en vaut clairement la chandelle !<\/p>\n<p><strong>\u2605<\/strong> <strong>La tr\u00e8s belle collection Mohekann x Andr\u00e9 <\/strong><\/p>\n<p><a href=\"https:\/\/www.deedeeparis.com\/blog\/wp-content\/uploads\/2013\/01\/Mohekann-pour-Andre3.jpg\"><img loading=\"lazy\" decoding=\"async\" class=\"shadowless\" title=\"Mohekann-pour-Andre \" src=\"https:\/\/www.deedeeparis.com\/blog\/wp-content\/uploads\/2013\/01\/Mohekann-pour-Andre3-500x356.jpg\" alt=\"\" width=\"500\" height=\"356\" \/><\/a><\/p>\n<p>Une fois encore, Andr\u00e9 propose une bien jolie collection \u00e9ph\u00e9m\u00e8re. C&rsquo;est Mohekann que j&rsquo;aime d&rsquo;amour et dont je vous avais <a title=\"Mohekann\" href=\"https:\/\/www.deedeeparis.com\/blog\/le-dernier-mohekann\" target=\"_blank\">d\u00e9j\u00e0 parl\u00e9 plusieurs fois<\/a> qui propose cette fois-ci 6 tr\u00e8\u00e8\u00e8\u00e8s jolis petits sacs. <!--more--><\/p>\n<p>Vendus entre 129 euros et 149 euros, ils seront disponibles chez Andr\u00e9 \u00e0 partir du 15 f\u00e9vrier.<\/p>\n<p><a href=\"https:\/\/www.deedeeparis.com\/blog\/wp-content\/uploads\/2013\/01\/Mohekann-pour-Andre1.jpg\"><img loading=\"lazy\" decoding=\"async\" class=\"shadowless\" title=\"Mohekann-pour-Andre\" src=\"https:\/\/www.deedeeparis.com\/blog\/wp-content\/uploads\/2013\/01\/Mohekann-pour-Andre1-500x176.jpg\" alt=\"\" width=\"500\" height=\"176\" \/><\/a><\/p>\n<p><a href=\"https:\/\/www.deedeeparis.com\/blog\/wp-content\/uploads\/2013\/01\/Mohekann-pour-Andre2.jpg\"><img loading=\"lazy\" decoding=\"async\" class=\"shadowless\" title=\"Mohekann-pour-Andre\" src=\"https:\/\/www.deedeeparis.com\/blog\/wp-content\/uploads\/2013\/01\/Mohekann-pour-Andre2-500x360.jpg\" alt=\"\" width=\"500\" height=\"360\" \/><\/a><\/p>\n<p><a href=\"https:\/\/www.deedeeparis.com\/blog\/wp-content\/uploads\/2013\/01\/DP-Mohekann-pour-Andr\u00e9-3.jpg\"><img loading=\"lazy\" decoding=\"async\" class=\"shadowless\" title=\"DP-Mohekann-pour-Andr\u00e9\" src=\"https:\/\/www.deedeeparis.com\/blog\/wp-content\/uploads\/2013\/01\/DP-Mohekann-pour-Andr\u00e9-3-500x129.jpg\" alt=\"\" width=\"500\" height=\"129\" \/><\/a><\/p>\n<p><strong>\u2605 <\/strong><strong>Le pop up store d\u00e9di\u00e9 \u00e0 K Way chez Merci<\/strong><\/p>\n<p><a href=\"https:\/\/www.deedeeparis.com\/blog\/wp-content\/uploads\/2013\/01\/Capture-d\u2019\u00e9cran-2013-01-13-\u00e0-21.20.41.png\"><img loading=\"lazy\" decoding=\"async\" class=\"alignnone size-medium wp-image-17573\" title=\"K WAY\" src=\"https:\/\/www.deedeeparis.com\/blog\/wp-content\/uploads\/2013\/01\/Capture-d\u2019\u00e9cran-2013-01-13-\u00e0-21.20.41-499x334.png\" alt=\"\" width=\"500\" height=\"334\" \/><\/a><\/p>\n<p>Avant, le K Way, c&rsquo;\u00e9tait ce truc totalement <em>has been<\/em> dont on avait vaguement honte : des coloris pas folichons, une horrible banane qu&rsquo;on nous collait autour de la taille avant de partir en vadrouille&#8230; Et je ne parle pas de l&rsquo;odeur de renferm\u00e9 qui s&rsquo;\u00e9chappait de la chose quand on la sortait de la banane ! Mais \u00e7a, c&rsquo;\u00e9tait avant.<\/p>\n<p>Aujourd&rsquo;hui, le K Way est <em>over<\/em> branchouille, au m\u00eame titre que la doudoune Chevignon (je SAIS) et que les scoubidous. Bient\u00f4t, on portera \u00e0 nouveau des Buffalo, je le sens&#8230;<\/p>\n<p>Tout \u00e7a pour dire qu&rsquo;en pi\u00e8ce \u00e9minemment fashion, K Way n&rsquo;\u00e9chappe pas \u00e0 son coup de projo : rendez-vous chez Merci jusqu&rsquo;au 2 f\u00e9vrier pour d\u00e9couvrir les premiers K Way ann\u00e9e mod\u00e8le 1965 mais aussi les derni\u00e8res cr\u00e9ations du plus pointu des coupe-vent.<\/p>\n<p>Voil\u00e0, c&rsquo;est tout&#8230; bisous !<\/p>\n","protected":false},"excerpt":{"rendered":"<p>Nouvelle semaine, nouveaux coups de coeur ! Cette semaine, j&rsquo;aime : \u2605 Human Love Stories Au d\u00e9part, il y a ce mail qui m&rsquo;invite \u00e0 raconter une histoire qui m&rsquo;a marqu\u00e9e. Une histoire issue d&rsquo;un livre, d&rsquo;une b\u00e9d\u00e9, d&rsquo;un film, d&rsquo;une expo, d&rsquo;un jeu vid\u00e9o&#8230; le terrain de jeu est vaste ! Je suis joueuse, [&hellip;]<\/p>\n","protected":false},"author":2,"featured_media":19777,"comment_status":"open","ping_status":"open","sticky":false,"template":"","format":"standard","meta":{"_acf_changed":false,"footnotes":""},"categories":[8],"tags":[5164,5163,5162,5161,5165,4087,5160],"class_list":["post-17546","post","type-post","status-publish","format-standard","has-post-thumbnail","hentry","category-chroniques-de-paris","tag-bougie-diptyque","tag-bougie-rose-duet-diptyque","tag-diptyque-bougie-rose-duet","tag-human-love-stories","tag-k-way","tag-mohekann","tag-mohekann-pour-andre"],"acf":[],"geo":null,"_links":{"self":[{"href":"https:\/\/www.deedeeparis.com\/blog\/wp-json\/wp\/v2\/posts\/17546","targetHints":{"allow":["GET"]}}],"collection":[{"href":"https:\/\/www.deedeeparis.com\/blog\/wp-json\/wp\/v2\/posts"}],"about":[{"href":"https:\/\/www.deedeeparis.com\/blog\/wp-json\/wp\/v2\/types\/post"}],"author":[{"embeddable":true,"href":"https:\/\/www.deedeeparis.com\/blog\/wp-json\/wp\/v2\/users\/2"}],"replies":[{"embeddable":true,"href":"https:\/\/www.deedeeparis.com\/blog\/wp-json\/wp\/v2\/comments?post=17546"}],"version-history":[{"count":5,"href":"https:\/\/www.deedeeparis.com\/blog\/wp-json\/wp\/v2\/posts\/17546\/revisions"}],"predecessor-version":[{"id":17557,"href":"https:\/\/www.deedeeparis.com\/blog\/wp-json\/wp\/v2\/posts\/17546\/revisions\/17557"}],"wp:featuredmedia":[{"embeddable":true,"href":"https:\/\/www.deedeeparis.com\/blog\/wp-json\/wp\/v2\/media\/19777"}],"wp:attachment":[{"href":"https:\/\/www.deedeeparis.com\/blog\/wp-json\/wp\/v2\/media?parent=17546"}],"wp:term":[{"taxonomy":"category","embeddable":true,"href":"https:\/\/www.deedeeparis.com\/blog\/wp-json\/wp\/v2\/categories?post=17546"},{"taxonomy":"post_tag","embeddable":true,"href":"https:\/\/www.deedeeparis.com\/blog\/wp-json\/wp\/v2\/tags?post=17546"}],"curies":[{"name":"wp","href":"https:\/\/api.w.org\/{rel}","templated":true}]}}