{"id":18201,"date":"2013-03-11T07:28:09","date_gmt":"2013-03-11T06:28:09","guid":{"rendered":"https:\/\/www.deedeeparis.com\/blog\/?p=18201"},"modified":"2013-03-10T22:34:49","modified_gmt":"2013-03-10T21:34:49","slug":"ma-week-list-26","status":"publish","type":"post","link":"https:\/\/www.deedeeparis.com\/blog\/ma-week-list-26","title":{"rendered":"Ma Week List #26"},"content":{"rendered":"<p>C&rsquo;est lundi, c&rsquo;est youpi, oh oui ! Et pour accompagner cette nouvelle semaine, voil\u00e0 ma r\u00e9colte de like. Cette semaine, j&rsquo;aime :<\/p>\n<p><strong>\u2605 U<\/strong><strong>n carton, re\u00e7u jeudi dernier<\/strong><\/p>\n<p>Et dans ce carton, on trouve&#8230;<\/p>\n<p><a href=\"https:\/\/www.deedeeparis.com\/blog\/wp-content\/uploads\/2013\/03\/photo-5-saisons-a-paris-delphine-desneiges.jpg\"><img loading=\"lazy\" decoding=\"async\" class=\"alignnone size-medium wp-image-18213\" title=\"photo 5-saisons-a-paris-delphine-desneiges\" src=\"https:\/\/www.deedeeparis.com\/blog\/wp-content\/uploads\/2013\/03\/photo-5-saisons-a-paris-delphine-desneiges-500x500.jpg\" alt=\"\" width=\"500\" height=\"500\" \/><\/a><\/p>\n<p>Ouiiiiiiiii ! Bon, c&rsquo;est \u00e0 dire que je vais essayer de ne pas vous saouler jusqu&rsquo;\u00e0 la lie avec ce projet qui voit ENFIN le jour, mais je peux vous dire qu&rsquo;apr\u00e8s des mois de travail, puis des mois d&rsquo;attente, je suis l\u00e9g\u00e8rement surexcit\u00e9e.. !<\/p>\n<p>Le livre sort le 20 mars. D&rsquo;ici l\u00e0, vous pouvez en avoir un aper\u00e7u notamment sur le site de la <a title=\"5 saisons \u00e0 paris Delphine Desneiges\" href=\"http:\/\/livre.fnac.com\/a4650675\/Deedee-de-Paris-5-saisons-a-Paris?ectrans=1&amp;Origin=zanox696452&amp;zanpid=1745835086575907842\" target=\"_blank\">Fnac<\/a>. Hiiiiii !<\/p>\n<p><strong>\u2605 <\/strong><strong>Exponaute, le site qui recense toute l&rsquo;actualit\u00e9 artistique parisienne<\/strong><\/p>\n<p><a href=\"https:\/\/www.deedeeparis.com\/blog\/wp-content\/uploads\/2013\/03\/MARJANE-SATRAPI-Peintures-galerie-jerome-de-noirmont.jpg\"><img loading=\"lazy\" decoding=\"async\" class=\"alignnone size-medium wp-image-18225\" title=\"MARJANE SATRAPI Peintures galerie jerome de noirmont\" src=\"https:\/\/www.deedeeparis.com\/blog\/wp-content\/uploads\/2013\/03\/MARJANE-SATRAPI-Peintures-galerie-jerome-de-noirmont-500x656.jpg\" alt=\"\" width=\"500\" height=\"656\" \/><\/a><\/p>\n<p><em>Peinture de Marjane Satrapi \u00e0 la Galerie J\u00e9r\u00f4me de Noirmont<\/em><\/p>\n<p>Une expo ? Un mus\u00e9e ? Hop, on clique sur <a title=\"Exponaute\" href=\"http:\/\/www.exponaute.com\/\" target=\"_blank\">www.exponaute.com<\/a> et l&rsquo;int\u00e9gralit\u00e9 des expos de Paris et d&rsquo;Ile-de-France s&rsquo;offre \u00e0 nous. Simple, pratique, ludique et bien pens\u00e9, je d\u00e9barque un peu, rapport que le site a \u00e9t\u00e9 lanc\u00e9 il y a quelques mois d\u00e9j\u00e0, mais je surlike.<\/p>\n<p>Le site est de surcroit d\u00e9clin\u00e9 version appli. Gratuite. Quand je vous dis que ce site est parfait !<\/p>\n<p><strong>\u2605 <\/strong><strong>\u00ab\u00a0Jolie jolie\u00a0\u00bb, la collection de robes de Petite Mendigote<\/strong><\/p>\n<p><a href=\"https:\/\/www.deedeeparis.com\/blog\/wp-content\/uploads\/2013\/03\/petite-mendigote.jpg\"><img loading=\"lazy\" decoding=\"async\" class=\"alignnone size-medium wp-image-18219\" title=\"petite mendigote\" src=\"https:\/\/www.deedeeparis.com\/blog\/wp-content\/uploads\/2013\/03\/petite-mendigote-500x500.jpg\" alt=\"\" width=\"500\" height=\"500\" \/><\/a><\/p>\n<p>Quand une marque d&rsquo;accessoires \u00e0 croquer lancer une ligne de robes&#8230; Elles sont forc\u00e9ment \u00e0 croquer, elles aussi !<\/p>\n<p>Vendues entre 85 euros et 125 euros, vous pouvez avoir un aper\u00e7u de la collection sur le site de <a title=\"MonShowRoom\" href=\"http:\/\/clk.tradedoubler.com\/click?p=77225&amp;a=1401365&amp;g=19433820&amp;url=http:\/\/www.monshowroom.com\/fr\/jolie-jolie-par-petite-mendigote\" target=\"_blank\">MonShowRoom<\/a>.<\/p>\n<p><strong>\u2605 <\/strong><strong>Where are we now, le nouveau titre de David Bowie<\/strong><\/p>\n<p><object classid=\"clsid:d27cdb6e-ae6d-11cf-96b8-444553540000\" width=\"500\" height=\"281\" codebase=\"http:\/\/download.macromedia.com\/pub\/shockwave\/cabs\/flash\/swflash.cab#version=6,0,40,0\"><param name=\"allowFullScreen\" value=\"true\" \/><param name=\"allowscriptaccess\" value=\"always\" \/><param name=\"src\" value=\"http:\/\/www.youtube.com\/v\/QWtsV50_-p4?version=3&amp;hl=fr_FR&amp;rel=0\" \/><param name=\"allowfullscreen\" value=\"true\" \/><embed type=\"application\/x-shockwave-flash\" width=\"500\" height=\"281\" src=\"http:\/\/www.youtube.com\/v\/QWtsV50_-p4?version=3&amp;hl=fr_FR&amp;rel=0\" allowscriptaccess=\"always\" allowfullscreen=\"true\"><\/embed><\/object><\/p>\n<p>Enfin j&rsquo;aime, c&rsquo;est \u00e0 dire que je ne sais pas trop, en vrai. J&rsquo;aime Bowie, dans l&rsquo;absolu. Mais je ne suis pas certaine d&rsquo;adore ce titre l\u00e0. Pourtant, on ne peut pas l&rsquo;accuser d&rsquo;\u00eatre tomb\u00e9 dans le marketing : 10 ans de silence, \u00e7a ne sent pas le come back commercial. Mais, je ne sais pas&#8230; Je crois que je trouve \u00e7a un peu mou du genou. Non ?<\/p>\n<p>Je pr\u00e9f\u00e8re, de loin, le dernier n\u00e9 de Birdy Nam Nam, Defiant Order, m\u00eame si le clip m&rsquo;agace grandement.<\/p>\n<p><object classid=\"clsid:d27cdb6e-ae6d-11cf-96b8-444553540000\" width=\"500\" height=\"375\" codebase=\"http:\/\/download.macromedia.com\/pub\/shockwave\/cabs\/flash\/swflash.cab#version=6,0,40,0\"><param name=\"allowFullScreen\" value=\"true\" \/><param name=\"allowscriptaccess\" value=\"always\" \/><param name=\"src\" value=\"http:\/\/www.youtube.com\/v\/T4g7lO-5ueM?hl=fr_FR&amp;version=3&amp;rel=0\" \/><param name=\"allowfullscreen\" value=\"true\" \/><embed type=\"application\/x-shockwave-flash\" width=\"500\" height=\"375\" src=\"http:\/\/www.youtube.com\/v\/T4g7lO-5ueM?hl=fr_FR&amp;version=3&amp;rel=0\" allowscriptaccess=\"always\" allowfullscreen=\"true\"><\/embed><\/object><\/p>\n<p><strong>\u2605 <\/strong><strong>Cette veste, mandieu, cette veste&#8230; <\/strong><\/p>\n<p><a href=\"https:\/\/www.deedeeparis.com\/blog\/wp-content\/uploads\/2013\/03\/veste-sandro.jpg\"><img loading=\"lazy\" decoding=\"async\" class=\"alignnone size-medium wp-image-18210\" title=\"veste sandro\" src=\"https:\/\/www.deedeeparis.com\/blog\/wp-content\/uploads\/2013\/03\/veste-sandro-500x333.jpg\" alt=\"\" width=\"500\" height=\"333\" \/><\/a><\/p>\n<p>Sign\u00e9e Sandro et divinement port\u00e9e par Vanessa du <a title=\"blog 1 armoire pour2\" href=\"http:\/\/www.unearmoirepourdeux.fr\/looks\/sandro-loves-fashion\/\" target=\"_blank\">blog 1 armoire pour 2<\/a>. W.A.N.T.<\/p>\n<p><strong>\u2605 <\/strong><strong>Le bar \u00e0 sac de Lorette&amp;Jasmin<\/strong><\/p>\n<p><a href=\"https:\/\/www.deedeeparis.com\/blog\/wp-content\/uploads\/2013\/03\/hermes-constance.jpg\"><img loading=\"lazy\" decoding=\"async\" class=\"alignnone size-medium wp-image-18223\" title=\"hermes constance\" src=\"https:\/\/www.deedeeparis.com\/blog\/wp-content\/uploads\/2013\/03\/hermes-constance-500x333.jpg\" alt=\"\" width=\"500\" height=\"333\" \/><\/a><\/p>\n<p><em>\u00a9<a title=\"Constance Herm\u00e8s\" href=\"http:\/\/hc-streetstyle.blogspot.fr\/2010\/10\/constance.html\" target=\"_blank\">Photo<\/a><\/em><\/p>\n<p>La location de sac \u00e0 main \u00e0 d\u00e9j\u00e0 fait ses preuves : j&rsquo;ai d\u00e9j\u00e0 utilis\u00e9 les services de <a title=\"Mate mon sac\" href=\"https:\/\/www.deedeeparis.com\/blog\/tag\/mate-mon-sac\" target=\"_blank\">Mate mon Sac<\/a> plusieurs fois avec d\u00e9lectation (m\u00eame si au moment de rendre le beau sac qu&rsquo;on a lou\u00e9, on chouine un peu).<\/p>\n<p>J&rsquo;approuve donc chaleureusement et en applaudissant la cr\u00e9ation du  service de location de sacs de la boutique Lorette &amp; Jasmin : pour  15 euros (\u00e0 partir de 15 euros) les 3 jours, \u00e0 nous le Muse, le 2.55 ou  autre petite p\u00e9pite qui fait battre notre coeur un peu plus vite !<\/p>\n<p>Toutes les infos sont sur <a title=\"Location sac \u00e0 main\" href=\"http:\/\/www.loretteetjasmin.com\/et-si-je-louais-un-sac\/\" target=\"_blank\">www.loretteetjasmin.com<\/a><\/p>\n<p>Il ne me reste plus qu&rsquo;\u00e0 vous souhaiter une excellente semaine, m\u00eame si apr\u00e8s un semblant de printemps de quoi, allez, 24 heures ?, il semblerait que l&rsquo;hiver soit \u00e0 nouveau d&rsquo;actualit\u00e9. #pleurer<\/p>\n","protected":false},"excerpt":{"rendered":"<p>C&rsquo;est lundi, c&rsquo;est youpi, oh oui ! Et pour accompagner cette nouvelle semaine, voil\u00e0 ma r\u00e9colte de like. Cette semaine, j&rsquo;aime : \u2605 Un carton, re\u00e7u jeudi dernier Et dans ce carton, on trouve&#8230; Ouiiiiiiiii ! Bon, c&rsquo;est \u00e0 dire que je vais essayer de ne pas vous saouler jusqu&rsquo;\u00e0 la lie avec ce projet [&hellip;]<\/p>\n","protected":false},"author":2,"featured_media":18213,"comment_status":"open","ping_status":"open","sticky":false,"template":"","format":"standard","meta":{"_acf_changed":false,"footnotes":""},"categories":[8],"tags":[4979,5328,5325,5326,5324,3067,5327,5329,3066,5323],"class_list":["post-18201","post","type-post","status-publish","format-standard","has-post-thumbnail","hentry","category-chroniques-de-paris","tag-5-saisons-a-paris-delphine-desneiges","tag-constance-hermes","tag-defiant-order-birdy-nam-nam","tag-exponaute","tag-jolie-jolie-petite-mendigote","tag-location-sac-a-main","tag-lorette-et-jasmin","tag-marjane-satrapi-peintures-galerie-jerome-de-noirmont","tag-mate-mon-sac","tag-where-are-we-now-david-bowie"],"acf":[],"geo":null,"_links":{"self":[{"href":"https:\/\/www.deedeeparis.com\/blog\/wp-json\/wp\/v2\/posts\/18201","targetHints":{"allow":["GET"]}}],"collection":[{"href":"https:\/\/www.deedeeparis.com\/blog\/wp-json\/wp\/v2\/posts"}],"about":[{"href":"https:\/\/www.deedeeparis.com\/blog\/wp-json\/wp\/v2\/types\/post"}],"author":[{"embeddable":true,"href":"https:\/\/www.deedeeparis.com\/blog\/wp-json\/wp\/v2\/users\/2"}],"replies":[{"embeddable":true,"href":"https:\/\/www.deedeeparis.com\/blog\/wp-json\/wp\/v2\/comments?post=18201"}],"version-history":[{"count":5,"href":"https:\/\/www.deedeeparis.com\/blog\/wp-json\/wp\/v2\/posts\/18201\/revisions"}],"predecessor-version":[{"id":18203,"href":"https:\/\/www.deedeeparis.com\/blog\/wp-json\/wp\/v2\/posts\/18201\/revisions\/18203"}],"wp:featuredmedia":[{"embeddable":true,"href":"https:\/\/www.deedeeparis.com\/blog\/wp-json\/wp\/v2\/media\/18213"}],"wp:attachment":[{"href":"https:\/\/www.deedeeparis.com\/blog\/wp-json\/wp\/v2\/media?parent=18201"}],"wp:term":[{"taxonomy":"category","embeddable":true,"href":"https:\/\/www.deedeeparis.com\/blog\/wp-json\/wp\/v2\/categories?post=18201"},{"taxonomy":"post_tag","embeddable":true,"href":"https:\/\/www.deedeeparis.com\/blog\/wp-json\/wp\/v2\/tags?post=18201"}],"curies":[{"name":"wp","href":"https:\/\/api.w.org\/{rel}","templated":true}]}}