{"id":19110,"date":"2013-05-20T07:46:10","date_gmt":"2013-05-20T05:46:10","guid":{"rendered":"https:\/\/www.deedeeparis.com\/blog\/?p=19110"},"modified":"2013-05-21T09:40:54","modified_gmt":"2013-05-21T07:40:54","slug":"ma-week-list-36","status":"publish","type":"post","link":"https:\/\/www.deedeeparis.com\/blog\/ma-week-list-36","title":{"rendered":"Ma week list #36"},"content":{"rendered":"<p>Chers vous tous (je pourrais aussi bien \u00e9crire \u00ab\u00a0chers vous toutes\u00a0\u00bb : sur les 600 et quelques r\u00e9ponses re\u00e7ues \u00a0\u00e0 la mini enqu\u00eate lanc\u00e9e il y a quelques jours, seuls&#8230; 1% des lecteurs sont des hommes, diantre !),\u00a0cette semaine, je suis au vert. Mais comme je vous aime trop pour vous laisser choir ainsi, voil\u00e0 quand m\u00eame quelques mignoneries et chouettes liens \u00e0 vous mettre sous la dent cette semaine. Je checke les commentaires \u00e0 distance, mais j&rsquo;essaye d&rsquo;en prendre un peu, de la distance, justement. Aussi, ne vous \u00e9tonnez pas si je ne r\u00e9ponds pas tout de suite.<\/p>\n<p>Pour l&rsquo;heure, voil\u00e0 mes coups de coeur de la semaine !<\/p>\n<p>Cette semaine, j&rsquo;aime :<\/p>\n<p><strong><strong>\u00a0<strong><strong><strong>\u2605\u00a0<\/strong><\/strong><\/strong><\/strong><a title=\"Printic\" href=\"https:\/\/itunes.apple.com\/fr\/app\/printic\/id579145235?mt=8\" target=\"_blank\">Printic<\/a><\/strong><\/p>\n<p><a href=\"https:\/\/www.deedeeparis.com\/blog\/wp-content\/uploads\/2013\/05\/photo-1.jpg\"><img loading=\"lazy\" decoding=\"async\" alt=\"photo 1\" src=\"https:\/\/www.deedeeparis.com\/blog\/wp-content\/uploads\/2013\/05\/photo-1-500x500.jpg\" width=\"500\" height=\"500\" \/><\/a><\/p>\n<p>Dans la s\u00e9rie j&rsquo;aime trouver des moyens de donner vie \u00e0 mes <a title=\"Que faire de ses photos instagram ?\" href=\"https:\/\/www.deedeeparis.com\/blog\/tag\/que-faire-de-ses-photos-instagram\" target=\"_blank\">photos Instagram<\/a> and co, j&rsquo;ai nomm\u00e9 Printic : l&rsquo;appli permet de choisir les clich\u00e9s que l&rsquo;on souhaite imprimer depuis Instagram, donc, mais aussi Facebook ou son propre flux de photos. Quelques jours plus tard, \u00e0 nous les photos fa\u00e7on pola ! Le tirage co\u00fbte 0,79 euros par photos, les frais de port sont gratuits. Quant au papier photo utilis\u00e9, rien \u00e0 dire, il est plut\u00f4t quali.<\/p>\n<p>Pratique, ludique, rapide et pas cher&#8230; je crois qu&rsquo;on tient l\u00e0 un bon r\u00e9sum\u00e9 de l&rsquo;appli. Ah, et elle est gratuite, aussi.\u00a0Youpi !<\/p>\n<p><strong><strong>\u2605\u00a0<\/strong>\u00ab\u00a0Finding Paul Miller\u00a0\u00bb<\/strong><\/p>\n<p>\u00ab\u00a0<em>A Facebook friend is better than nothing<\/em>\u00ab\u00a0.<\/p>\n<p><iframe loading=\"lazy\" src=\"http:\/\/www.youtube.com\/embed\/2PEALS5IJe4\" height=\"281\" width=\"500\" allowfullscreen=\"\" frameborder=\"0\"><\/iframe><\/p>\n<p>Pendant un an, le journaliste am\u00e9ricain Paul Miller a d\u00e9cid\u00e9 de vivre sans Internet. Le 30 avril 2012, il d\u00e9branche ses c\u00e2bles d&rsquo;ordinateur, coupe son smartphone. A 26 ans, le voil\u00e0 sans connexion pendant un an.<\/p>\n<p>Que se passe-t-il lorsqu&rsquo;un homme d\u00e9cide de se passer d&rsquo;Internet pendant un an ? Non, il ne devient pas meilleur, ni plus intelligent. Bien s\u00fbr, il passe plus de temps \u00e0 lire, plus de temps \u00e0 cuisiner, plus de temps \u00e0 discuter r\u00e9ellement avec les personnes qu&rsquo;il croise dans la vraie vie, et autres activit\u00e9s qui ne n\u00e9cessitent aucune connexion web.<\/p>\n<p>Mais il devient aussi et tr\u00e8s rapidement un animal solitaire, d\u00e9prim\u00e9, coup\u00e9 du monde et peu enclin \u00e0 sortir uniquement pour faire des mondanit\u00e9s. La flemme chevill\u00e9e au corps, il perd contact avec ses amis les plus \u00e9loign\u00e9s g\u00e9ographiquement parlant, red\u00e9couvre les joies des correspondances \u00e9crites au quotidien (je ne parle pas des missives po\u00e9tiques et enflamm\u00e9es).<\/p>\n<p>En somme, pass\u00e9es les premi\u00e8res semaines d&rsquo;euphorie, Paul Miller a fait l&rsquo;amer constat que travailler et rester proche de ses v\u00e9ritables amis et de sa famille est un vrai parcours du combattant sans Internet. Lisez <a title=\"Paul Miller\" href=\"http:\/\/www.theverge.com\/2013\/5\/1\/4279674\/im-still-here-back-online-after-a-year-without-the-internet\" target=\"_blank\">cet article<\/a>, regardez la vid\u00e9o ci-dessus&#8230; Le moins que l&rsquo;on puisse dire, c&rsquo;est que cette exp\u00e9rience remet les choses d&rsquo;\u00e9querre et lutte contre les faux semblants !<\/p>\n<p><strong><strong>\u00a0<strong><strong><strong>\u2605 \u00a0<\/strong><\/strong><\/strong><\/strong>La summer escape de Comptoir \u00a0des Cotonniers x Princesse Tam Tam<\/strong><\/p>\n<p><a href=\"https:\/\/www.deedeeparis.com\/blog\/wp-content\/uploads\/2013\/05\/LOOK-6.jpg\"><img loading=\"lazy\" decoding=\"async\" alt=\"LOOK 6\" src=\"https:\/\/www.deedeeparis.com\/blog\/wp-content\/uploads\/2013\/05\/LOOK-6-500x667.jpg\" width=\"500\" height=\"667\" \/><\/a><\/p>\n<p>Imprim\u00e9s color\u00e9s, vestiaire ludique, pi\u00e8ces bien coup\u00e9es&#8230; D\u00e9cid\u00e9ment, j&rsquo;aime bien la tournure que prennent les choses chez Comptoir des Cotonniers ! Je m&rsquo;\u00e9tais un peu \u00e9loign\u00e9e de la marque depuis deux ans, lass\u00e9e par des collections qui se renouvelaient trop peu \u00e0 mon go\u00fbt et de couleurs toujours tr\u00e8s tristes. Mais \u00e7a, c&rsquo;\u00e9tait avant.<\/p>\n<p>En l&rsquo;occurrence, gros coup de coeur pour le vestiaire estival pens\u00e9 \u00e0 deux marques. Une collection simple, fra\u00eeche, ludique et bien pens\u00e9e&#8230; De quoi mettre un peu d&rsquo;\u00e9t\u00e9 dans notre quotidien (on y croit !).<\/p>\n<p><a href=\"https:\/\/www.deedeeparis.com\/blog\/wp-content\/uploads\/2013\/05\/LOOK-12.jpg\"><img loading=\"lazy\" decoding=\"async\" class=\"alignnone size-medium wp-image-19111\" alt=\"LOOK 12\" src=\"https:\/\/www.deedeeparis.com\/blog\/wp-content\/uploads\/2013\/05\/LOOK-12-500x667.jpg\" width=\"500\" height=\"667\" \/><\/a>\u00a0\u00a0<a href=\"https:\/\/www.deedeeparis.com\/blog\/wp-content\/uploads\/2013\/05\/LOOK-10.jpg\"><img loading=\"lazy\" decoding=\"async\" class=\"alignnone size-medium wp-image-19113\" alt=\"LOOK 10\" src=\"https:\/\/www.deedeeparis.com\/blog\/wp-content\/uploads\/2013\/05\/LOOK-10-500x667.jpg\" width=\"500\" height=\"667\" \/><\/a>\u00a0\u00a0<a href=\"https:\/\/www.deedeeparis.com\/blog\/wp-content\/uploads\/2013\/05\/LOOK-8.jpg\"><img loading=\"lazy\" decoding=\"async\" class=\"alignnone size-medium wp-image-19115\" alt=\"LOOK 8\" src=\"https:\/\/www.deedeeparis.com\/blog\/wp-content\/uploads\/2013\/05\/LOOK-8-500x667.jpg\" width=\"500\" height=\"667\" \/><\/a> <a href=\"https:\/\/www.deedeeparis.com\/blog\/wp-content\/uploads\/2013\/05\/LOOK-7.jpg\"><img loading=\"lazy\" decoding=\"async\" class=\"alignnone size-medium wp-image-19116\" alt=\"LOOK 7\" src=\"https:\/\/www.deedeeparis.com\/blog\/wp-content\/uploads\/2013\/05\/LOOK-7-500x667.jpg\" width=\"500\" height=\"667\" \/><\/a>\u00a0\u00a0<a href=\"https:\/\/www.deedeeparis.com\/blog\/wp-content\/uploads\/2013\/05\/LOOK-5.jpg\"><img loading=\"lazy\" decoding=\"async\" class=\"alignnone size-medium wp-image-19118\" alt=\"LOOK 5\" src=\"https:\/\/www.deedeeparis.com\/blog\/wp-content\/uploads\/2013\/05\/LOOK-5-500x667.jpg\" width=\"500\" height=\"667\" \/><\/a>\u00a0\u00a0<a href=\"https:\/\/www.deedeeparis.com\/blog\/wp-content\/uploads\/2013\/05\/LOOK-3.jpg\"><img loading=\"lazy\" decoding=\"async\" class=\"alignnone size-medium wp-image-19120\" alt=\"LOOK 3\" src=\"https:\/\/www.deedeeparis.com\/blog\/wp-content\/uploads\/2013\/05\/LOOK-3-500x667.jpg\" width=\"500\" height=\"667\" \/><\/a>\u00a0\u00a0<a href=\"https:\/\/www.deedeeparis.com\/blog\/wp-content\/uploads\/2013\/05\/LOOK-1.jpg\"><img loading=\"lazy\" decoding=\"async\" class=\"alignnone size-medium wp-image-19122\" alt=\"LOOK 1\" src=\"https:\/\/www.deedeeparis.com\/blog\/wp-content\/uploads\/2013\/05\/LOOK-1-500x667.jpg\" width=\"500\" height=\"667\" \/><\/a><\/p>\n<p><strong><strong>\u00a0<strong><strong><strong>\u2605\u00a0<\/strong><\/strong><\/strong><\/strong>Les pique-niques de Fol Epi<\/strong><\/p>\n<p><a href=\"https:\/\/www.deedeeparis.com\/blog\/wp-content\/uploads\/2013\/05\/photo-4.jpg\"><img loading=\"lazy\" decoding=\"async\" class=\"alignnone size-medium wp-image-19131\" alt=\"photo 4\" src=\"https:\/\/www.deedeeparis.com\/blog\/wp-content\/uploads\/2013\/05\/photo-4-500x500.jpg\" width=\"500\" height=\"500\" \/><\/a><\/p>\n<p>Qui dit retour des beaux jours dit retour des pique-niques ! Bonne nouvelle : la marque Fol Epi offre un panier complet de victuailles \u00e0 gagner dans 5 villes de France : Paris, donc, mais aussi Montpellier, Lille, Strasbourg et Bordeaux. J&rsquo;ai pu tester ce pique-nique il y a quelques semaines (vous savez, un des trois beaux jours qu&rsquo;on a eu depuis un mois&#8230;) : charcuterie alsacienne, fruits, fromage \u00e9videmment et desserts alsaciens, tout est bon&#8230; et pas que dans le jambon ! Ajoutez \u00e0 cela un vrai panier pique-nique \u00e0 l&rsquo;ancienne, et vous aurez la classe en plus d&rsquo;avoir une pitance d\u00e9lectable.<\/p>\n<p>Si vous voulez gagner vous aussi un panier, choisissez l&rsquo;une des 24 dates propos\u00e9e, jouez sur <a title=\"Pique nique\" href=\"http:\/\/folepic-nic.fr\/\" target=\"_blank\">le site de Fol Epi<\/a> et \u00e0 vous le joli panier rempli de victuailles trop miam !<\/p>\n<p><a href=\"https:\/\/www.deedeeparis.com\/blog\/wp-content\/uploads\/2013\/05\/photo-2.jpg\"><img loading=\"lazy\" decoding=\"async\" class=\"alignnone size-medium wp-image-19133\" alt=\"photo 2\" src=\"https:\/\/www.deedeeparis.com\/blog\/wp-content\/uploads\/2013\/05\/photo-2-500x500.jpg\" width=\"500\" height=\"500\" \/><\/a> <a href=\"https:\/\/www.deedeeparis.com\/blog\/wp-content\/uploads\/2013\/05\/photo-3.jpg\"><img loading=\"lazy\" decoding=\"async\" class=\"alignnone size-medium wp-image-19132\" alt=\"photo 3\" src=\"https:\/\/www.deedeeparis.com\/blog\/wp-content\/uploads\/2013\/05\/photo-3-500x500.jpg\" width=\"500\" height=\"500\" \/><\/a><\/p>\n<p><strong><strong>\u00a0<strong><strong><strong>\u2605\u00a0<\/strong><\/strong><\/strong><\/strong>Cette carte de Paris vintage\u00a0<\/strong><\/p>\n<p><a href=\"https:\/\/www.deedeeparis.com\/blog\/wp-content\/uploads\/2013\/05\/c9d9d0b6787da6b621beb5be136550c9.jpg\"><img loading=\"lazy\" decoding=\"async\" alt=\"c9d9d0b6787da6b621beb5be136550c9\" src=\"https:\/\/www.deedeeparis.com\/blog\/wp-content\/uploads\/2013\/05\/c9d9d0b6787da6b621beb5be136550c9-500x499.jpg\" width=\"500\" height=\"499\" \/><\/a><\/p>\n<p>Ann\u00e9es 60 ? Avant ? Je ne saurais dire&#8230; Ce que je sais, en revanche, c&rsquo;est que j&rsquo;aime vraiment beaucoup cette carte, spott\u00e9e sur l&rsquo;excellent\u00a0<a title=\"Bobida Vintage\" href=\"http:\/\/www.bobidavintage.com\/bob\/lampe-industrielle-vintage-annees-50\" target=\"_blank\">Bobida Vintage<\/a>\u00a0(je sens que vous allez me d\u00e9tester devant tant de splendeurs \u00e0 port\u00e9e de clic&#8230;!)<\/p>\n<p>Joyeuse semaine !<\/p>\n","protected":false},"excerpt":{"rendered":"<p>Chers vous tous (je pourrais aussi bien \u00e9crire \u00ab\u00a0chers vous toutes\u00a0\u00bb : sur les 600 et quelques r\u00e9ponses re\u00e7ues \u00a0\u00e0 la mini enqu\u00eate lanc\u00e9e il y a quelques jours, seuls&#8230; 1% des lecteurs sont des hommes, diantre !),\u00a0cette semaine, je suis au vert. Mais comme je vous aime trop pour vous laisser choir ainsi, voil\u00e0 [&hellip;]<\/p>\n","protected":false},"author":2,"featured_media":19122,"comment_status":"open","ping_status":"open","sticky":false,"template":"","format":"standard","meta":{"_acf_changed":false,"footnotes":""},"categories":[8],"tags":[4795,5543,5544,2706,5542,4463,5541],"class_list":["post-19110","post","type-post","status-publish","format-standard","has-post-thumbnail","hentry","category-chroniques-de-paris","tag-imprimer-photos-instagram","tag-imprimer-photos-pas-cher","tag-paul-miller","tag-princesse-tam-tam","tag-printic","tag-que-faire-de-ses-photos-instagram","tag-summer-escape-de-comptoir-des-cotonniers-x-princesse-tam-tam"],"acf":[],"geo":null,"_links":{"self":[{"href":"https:\/\/www.deedeeparis.com\/blog\/wp-json\/wp\/v2\/posts\/19110","targetHints":{"allow":["GET"]}}],"collection":[{"href":"https:\/\/www.deedeeparis.com\/blog\/wp-json\/wp\/v2\/posts"}],"about":[{"href":"https:\/\/www.deedeeparis.com\/blog\/wp-json\/wp\/v2\/types\/post"}],"author":[{"embeddable":true,"href":"https:\/\/www.deedeeparis.com\/blog\/wp-json\/wp\/v2\/users\/2"}],"replies":[{"embeddable":true,"href":"https:\/\/www.deedeeparis.com\/blog\/wp-json\/wp\/v2\/comments?post=19110"}],"version-history":[{"count":5,"href":"https:\/\/www.deedeeparis.com\/blog\/wp-json\/wp\/v2\/posts\/19110\/revisions"}],"predecessor-version":[{"id":19125,"href":"https:\/\/www.deedeeparis.com\/blog\/wp-json\/wp\/v2\/posts\/19110\/revisions\/19125"}],"wp:featuredmedia":[{"embeddable":true,"href":"https:\/\/www.deedeeparis.com\/blog\/wp-json\/wp\/v2\/media\/19122"}],"wp:attachment":[{"href":"https:\/\/www.deedeeparis.com\/blog\/wp-json\/wp\/v2\/media?parent=19110"}],"wp:term":[{"taxonomy":"category","embeddable":true,"href":"https:\/\/www.deedeeparis.com\/blog\/wp-json\/wp\/v2\/categories?post=19110"},{"taxonomy":"post_tag","embeddable":true,"href":"https:\/\/www.deedeeparis.com\/blog\/wp-json\/wp\/v2\/tags?post=19110"}],"curies":[{"name":"wp","href":"https:\/\/api.w.org\/{rel}","templated":true}]}}