{"id":20161,"date":"2013-07-01T07:37:23","date_gmt":"2013-07-01T05:37:23","guid":{"rendered":"https:\/\/www.deedeeparis.com\/blog\/?p=20161"},"modified":"2013-07-01T10:36:45","modified_gmt":"2013-07-01T08:36:45","slug":"ma-week-list-42","status":"publish","type":"post","link":"https:\/\/www.deedeeparis.com\/blog\/ma-week-list-42","title":{"rendered":"Ma Week List #42"},"content":{"rendered":"<p>Nouvelle semaine, nouveaux coups de coeur ! Cette semaine, j&rsquo;aime :<\/p>\n<p><strong><strong><strong><strong><strong><strong><strong>\u2605\u00a0<\/strong><\/strong><\/strong><\/strong><\/strong><\/strong>Le premier parfum sign\u00e9 Repetto<\/strong><\/p>\n<p><a href=\"https:\/\/www.deedeeparis.com\/blog\/wp-content\/uploads\/2013\/07\/repetto_parfum_dorothee_gilbert_james_bort_2.jpg\"><img loading=\"lazy\" decoding=\"async\" class=\"alignnone size-medium wp-image-20234\" alt=\"repetto_parfum_dorothee_gilbert_james_bort_2\" src=\"https:\/\/www.deedeeparis.com\/blog\/wp-content\/uploads\/2013\/07\/repetto_parfum_dorothee_gilbert_james_bort_2-600x775.jpg\" width=\"600\" height=\"775\" srcset=\"https:\/\/www.deedeeparis.com\/blog\/wp-content\/uploads\/2013\/07\/repetto_parfum_dorothee_gilbert_james_bort_2-600x775.jpg 600w, https:\/\/www.deedeeparis.com\/blog\/wp-content\/uploads\/2013\/07\/repetto_parfum_dorothee_gilbert_james_bort_2.jpg 1000w\" sizes=\"auto, (max-width: 600px) 100vw, 600px\" \/><\/a><\/p>\n<p>Oui, <a title=\"Parfum repetto\" href=\"http:\/\/www.repetto.fr\/repetto-parfum\/\" target=\"_blank\">Repetto<\/a> lance aujourd&rsquo;hui m\u00eame son tout premier parfum. Un parfum doux et poudr\u00e9 mais non d\u00e9pourvu de personnalit\u00e9 pour autant.\u00a0Il est sign\u00e9 par Olivier Polge, le fils de l&rsquo;illustre <a title=\"Jacques Polge\" href=\"https:\/\/www.deedeeparis.com\/blog\/ma-journee-dans-les-coulisses-de-chanel-episode-1\" target=\"_blank\">Jacques Polge<\/a> que j&rsquo;avais eu le plaisir de rencontrer, il y a quelques ann\u00e9es.<\/p>\n<p>Surtout, il a\u00a0pour \u00e9g\u00e9rie la plus jolie et la plus incroyable des Danseuses Etoiles de l&rsquo;Op\u00e9ra National de Paris, Doroth\u00e9e Gilbert. Ajoutez \u00e0 cela une campagne r\u00e9alis\u00e9e par le non moins talentueux <a title=\"James Bort\" href=\"http:\/\/www.jamesbort.com\/\" target=\"_blank\">James Bort<\/a>, et vous obtenez un sans faute ! (\u00c7a se voit, que j&rsquo;ai des petits coeurs dans les yeux ?!).<\/p>\n<p>Bonus : si vous voulez voir la tr\u00e8s jolie vid\u00e9o de la campagne, je viens de la poster sur <a title=\"Facebook\" href=\"https:\/\/www.facebook.com\/permalink.php?story_fbid=539504002774152&amp;id=155504411174115\" target=\"_blank\">Facebook<\/a>.<\/p>\n<p><a href=\"https:\/\/www.deedeeparis.com\/blog\/wp-content\/uploads\/2013\/07\/parfum-repetto.jpg\"><img loading=\"lazy\" decoding=\"async\" class=\"alignnone size-medium wp-image-20221\" alt=\"parfum-repetto\" src=\"https:\/\/www.deedeeparis.com\/blog\/wp-content\/uploads\/2013\/07\/parfum-repetto-600x549.jpg\" width=\"600\" height=\"549\" srcset=\"https:\/\/www.deedeeparis.com\/blog\/wp-content\/uploads\/2013\/07\/parfum-repetto-600x549.jpg 600w, https:\/\/www.deedeeparis.com\/blog\/wp-content\/uploads\/2013\/07\/parfum-repetto.jpg 650w\" sizes=\"auto, (max-width: 600px) 100vw, 600px\" \/><\/a><\/p>\n<p><strong><strong><strong><strong><strong><strong><strong>\u2605\u00a0<\/strong><\/strong><\/strong><\/strong><\/strong><\/strong>Cette si jolie promesse d&rsquo;\u00e9t\u00e9, tourn\u00e9e par Christophe Acker pour <a title=\"Monsieur Paris\" href=\"https:\/\/www.facebook.com\/pages\/Monsieur\/\" target=\"_blank\">Monsieur Paris<\/a><\/strong><\/p>\n<p>Parce que c&rsquo;est bon, de r\u00eaver&#8230; !<\/p>\n<p><iframe loading=\"lazy\" src=\"\/\/www.youtube.com\/embed\/gc4JlyZarEg\" height=\"338\" width=\"600\" allowfullscreen=\"\" frameborder=\"0\"><\/iframe><\/p>\n<p><strong><strong><strong><strong><strong><strong><strong>\u2605\u00a0<\/strong><\/strong><\/strong><\/strong><\/strong><\/strong>Les tatouages \u00e9ph\u00e9m\u00e8res Gas Bijoux <\/strong><\/p>\n<p><a href=\"https:\/\/www.deedeeparis.com\/blog\/wp-content\/uploads\/2013\/07\/photo-16.jpg\"><img loading=\"lazy\" decoding=\"async\" class=\"alignnone size-medium wp-image-20210\" alt=\"tatouage ephemere\" src=\"https:\/\/www.deedeeparis.com\/blog\/wp-content\/uploads\/2013\/07\/photo-16-600x600.jpg\" width=\"600\" height=\"600\" srcset=\"https:\/\/www.deedeeparis.com\/blog\/wp-content\/uploads\/2013\/07\/photo-16-600x600.jpg 600w, https:\/\/www.deedeeparis.com\/blog\/wp-content\/uploads\/2013\/07\/photo-16-150x150.jpg 150w, https:\/\/www.deedeeparis.com\/blog\/wp-content\/uploads\/2013\/07\/photo-16-1024x1024.jpg 1024w, https:\/\/www.deedeeparis.com\/blog\/wp-content\/uploads\/2013\/07\/photo-16-160x160.jpg 160w, https:\/\/www.deedeeparis.com\/blog\/wp-content\/uploads\/2013\/07\/photo-16-155x155.jpg 155w\" sizes=\"auto, (max-width: 600px) 100vw, 600px\" \/><\/a><\/p>\n<p>J&rsquo;allais \u00e9crire que je n&rsquo;\u00e9tais pas totalement objective en la mati\u00e8re et que tout ce qui ressemblait de pr\u00e8s ou de loin \u00e0 un <a title=\"Tatouage \u00e9ph\u00e9m\u00e8re\" href=\"https:\/\/www.deedeeparis.com\/blog\/tatouage-temporaire\" target=\"_blank\">tatouage \u00e9ph\u00e9m\u00e8re<\/a> me plaisait. Et puis, j&rsquo;ai repens\u00e9 \u00e0 quelques horreurs sorties du placard pour cause d&rsquo;engouement autour du marquage temporaire. Ce qui me permet d&rsquo;affirmer que ces tatouages l\u00e0, des r\u00e9pliques de bracelets de la marque sont dr\u00f4lement chouettes. En plus d&rsquo;\u00eatre peu dispendieux, puisque la planche co\u00fbte 5 euros. A shopper sur <a title=\"Gas bijoux\" href=\"http:\/\/www.gasbijoux.com\/fr\/shop\/tatouage-gas-bijoux-multicolore-taille-unique\/\" target=\"_blank\">le site de Gas Bijoux<\/a> !<\/p>\n<p><strong><strong><strong><strong><strong><strong><strong>\u2605\u00a0<\/strong><\/strong><\/strong><\/strong><\/strong><\/strong>Les tisanes Twit-Th\u00e9s \u00e0 personnaliser<\/strong><\/p>\n<p><iframe loading=\"lazy\" src=\"https:\/\/vine.co\/v\/hu6w63YiOB5\/embed\/simple\" height=\"600\" width=\"600\" frameborder=\"0\"><\/iframe><script charset=\"utf-8\" type=\"text\/javascript\" src=\"\/\/platform.vine.co\/static\/scripts\/embed.js\" async=\"\"><\/script><br \/>\nJe vous ai <a title=\"Twit th\u00e9s\" href=\"https:\/\/www.deedeeparis.com\/blog\/ma-week-list-29\" target=\"_blank\">d\u00e9j\u00e0 parl\u00e9<\/a> de ces tisanes que j&rsquo;aime beaucoup, principalement parce qu&rsquo;elles d\u00e9-ringardisent drastiquement le genre.<\/p>\n<p>La nouveaut\u00e9, c&rsquo;est que l&rsquo;on peut maintenant personnaliser ses sachets \u00e0 soi sur le site <a title=\"Version unique\" href=\"http:\/\/www.versionunique.fr\/tisanes-a-personnaliser\/62-tisanes-2-0-a-tweeter.html#short_description_content\" target=\"_blank\">Version Unique<\/a> : contre 29 euros, \u00e0 vous les 10 sachets que vous ne verrez nulle part ailleurs !<\/p>\n<p><strong>\u2605\u00a0Ce tuto pour fabriquer un peigne \u00e0 cheveux dr\u00f4lement chouette\u00a0<\/strong><\/p>\n<p><a href=\"https:\/\/www.deedeeparis.com\/blog\/wp-content\/uploads\/2013\/07\/DIY-AIrcomb.png\"><img loading=\"lazy\" decoding=\"async\" class=\"alignnone size-medium wp-image-20228\" alt=\"DIY AIrcomb\" src=\"https:\/\/www.deedeeparis.com\/blog\/wp-content\/uploads\/2013\/07\/DIY-AIrcomb-600x1068.png\" width=\"600\" height=\"1068\" srcset=\"https:\/\/www.deedeeparis.com\/blog\/wp-content\/uploads\/2013\/07\/DIY-AIrcomb-600x1068.png 600w, https:\/\/www.deedeeparis.com\/blog\/wp-content\/uploads\/2013\/07\/DIY-AIrcomb.png 632w\" sizes=\"auto, (max-width: 600px) 100vw, 600px\" \/><\/a><\/p>\n<p><em>\u00a9\u00a0<a title=\"Source photo\" href=\"http:\/\/bleubirdvintage.typepad.com\/blog\/oh-you-pretty-things-1\/\" target=\"_blank\">Source photo<\/a><\/em><\/p>\n<p>(M\u00eame que \u00e7a a l&rsquo;air trop easy, finger in the nose) (non ?)<\/p>\n<p><strong><strong><strong><strong><strong><strong><strong>\u2605\u00a0<\/strong><\/strong><\/strong><\/strong><\/strong><\/strong>La boutique d\u00e9di\u00e9e \u00e0 la Tarte Trop\u00e9zienne\u00a0<\/strong><\/p>\n<p><a href=\"https:\/\/www.deedeeparis.com\/blog\/wp-content\/uploads\/2013\/07\/Tarte-tropezienne.jpg\"><img loading=\"lazy\" decoding=\"async\" class=\"alignnone size-full wp-image-20219\" alt=\"Tarte-tropezienne\" src=\"https:\/\/www.deedeeparis.com\/blog\/wp-content\/uploads\/2013\/07\/Tarte-tropezienne.jpg\" width=\"600\" height=\"831\" \/><\/a><\/p>\n<p>Bonne nouvelle pour les gourmands et les gourmets parisiens et tous ceux qui feraient fi de l&rsquo;omerta qui r\u00e8gne sur les gourmandises, en cette veille de maillot : la boutique Tarte Trop\u00e9zienne vient d&rsquo;ouvrir \u00e0 Saint Germain des Pr\u00e8s ! Il faudra visiblement se munir de patience pour acc\u00e9der \u00e0 cette douceur du sud : la derni\u00e8re fois que je suis pass\u00e9e devant, il y avait une queue \u00e0 faire p\u00e2lir les automobilistes qui tentent de franchir le p\u00e9age de Saint Arnoult un dimanche soir, apr\u00e8s un week-end de beau temps.<\/p>\n<p>Pour les plus courageux et les plus patients, rendez-vous 3 rue de Montfaucon dans le 6\u00e8me, M\u00e9tro Mabillon.<\/p>\n<p>Joyeux lundi !<\/p>\n","protected":false},"excerpt":{"rendered":"<p>Nouvelle semaine, nouveaux coups de coeur ! Cette semaine, j&rsquo;aime : \u2605\u00a0Le premier parfum sign\u00e9 Repetto Oui, Repetto lance aujourd&rsquo;hui m\u00eame son tout premier parfum. Un parfum doux et poudr\u00e9 mais non d\u00e9pourvu de personnalit\u00e9 pour autant.\u00a0Il est sign\u00e9 par Olivier Polge, le fils de l&rsquo;illustre Jacques Polge que j&rsquo;avais eu le plaisir de rencontrer, [&hellip;]<\/p>\n","protected":false},"author":2,"featured_media":20234,"comment_status":"open","ping_status":"open","sticky":false,"template":"","format":"standard","meta":{"_acf_changed":false,"footnotes":""},"categories":[8],"tags":[5387,5675,3093,5674,5676,528,5680,4912,5681],"class_list":["post-20161","post","type-post","status-publish","format-standard","has-post-thumbnail","hentry","category-chroniques-de-paris","tag-bijoux-monsieur","tag-bijoux-monsieur-paris","tag-bijoux-paris","tag-monsieur-paris","tag-parfum-repetto","tag-repetto","tag-tarte-tropezienne-paris","tag-tatouage-ephemere","tag-version-unique"],"acf":[],"geo":null,"_links":{"self":[{"href":"https:\/\/www.deedeeparis.com\/blog\/wp-json\/wp\/v2\/posts\/20161","targetHints":{"allow":["GET"]}}],"collection":[{"href":"https:\/\/www.deedeeparis.com\/blog\/wp-json\/wp\/v2\/posts"}],"about":[{"href":"https:\/\/www.deedeeparis.com\/blog\/wp-json\/wp\/v2\/types\/post"}],"author":[{"embeddable":true,"href":"https:\/\/www.deedeeparis.com\/blog\/wp-json\/wp\/v2\/users\/2"}],"replies":[{"embeddable":true,"href":"https:\/\/www.deedeeparis.com\/blog\/wp-json\/wp\/v2\/comments?post=20161"}],"version-history":[{"count":5,"href":"https:\/\/www.deedeeparis.com\/blog\/wp-json\/wp\/v2\/posts\/20161\/revisions"}],"predecessor-version":[{"id":20202,"href":"https:\/\/www.deedeeparis.com\/blog\/wp-json\/wp\/v2\/posts\/20161\/revisions\/20202"}],"wp:featuredmedia":[{"embeddable":true,"href":"https:\/\/www.deedeeparis.com\/blog\/wp-json\/wp\/v2\/media\/20234"}],"wp:attachment":[{"href":"https:\/\/www.deedeeparis.com\/blog\/wp-json\/wp\/v2\/media?parent=20161"}],"wp:term":[{"taxonomy":"category","embeddable":true,"href":"https:\/\/www.deedeeparis.com\/blog\/wp-json\/wp\/v2\/categories?post=20161"},{"taxonomy":"post_tag","embeddable":true,"href":"https:\/\/www.deedeeparis.com\/blog\/wp-json\/wp\/v2\/tags?post=20161"}],"curies":[{"name":"wp","href":"https:\/\/api.w.org\/{rel}","templated":true}]}}