{"id":20301,"date":"2013-07-08T07:13:15","date_gmt":"2013-07-08T05:13:15","guid":{"rendered":"https:\/\/www.deedeeparis.com\/blog\/?p=20301"},"modified":"2013-07-08T08:25:05","modified_gmt":"2013-07-08T06:25:05","slug":"ma-week-list-43","status":"publish","type":"post","link":"https:\/\/www.deedeeparis.com\/blog\/ma-week-list-43","title":{"rendered":"Ma Week list #43"},"content":{"rendered":"<p>Nouvelle semaine, nouveaux coups de coeurs !\u00a0Cette semaine, j&rsquo;aime :<\/p>\n<p><strong><strong>\u2605\u00a0<\/strong>Cette photo<\/strong><\/p>\n<p><a href=\"https:\/\/www.deedeeparis.com\/blog\/wp-content\/uploads\/2013\/07\/surf1.jpg\"><img loading=\"lazy\" decoding=\"async\" class=\"alignnone size-full wp-image-20312\" alt=\"surf\" src=\"https:\/\/www.deedeeparis.com\/blog\/wp-content\/uploads\/2013\/07\/surf1.jpg\" width=\"600\" height=\"903\" \/><\/a><\/p>\n<p>Parce qu&rsquo;elle me fait penser \u00e0 l&rsquo;\u00e9t\u00e9 qui se concr\u00e9tise, enfin. \u00a0Et parce que dans quelques jours, je serai \u00e0 la place de cette fille, sur la photo. OUIIIII, je pars deux jours au <a title=\"Roxy Tour\" href=\"http:\/\/roxylive.com\/roxyprobiarritz\/2013\/\" target=\"_blank\">Roxy P<\/a>ro o\u00f9, pour la premi\u00e8re fois, je vais donc surfer.<\/p>\n<p>Priez pour moi, rapport que s&rsquo;il se passe la m\u00eame chose que la premi\u00e8re fois que j&rsquo;ai fait du ski nautique, on est pas rendus. Non, n&rsquo;insistez pas, je ne me couvrirai pas de honte en vous racontant la seule et unique fois o\u00f9 j&rsquo;ai, p\u00e9niblement, r\u00e9ussi \u00e0 sortir de l&rsquo;eau. A peu pr\u00e8s 10 secondes 30. Et toutes les autres fois o\u00f9 j&rsquo;ai chu, gr\u00e2ce parmi les gr\u00e2ces, refusant \u00e0 chaque fois de l\u00e2cher le\u00a0palonnier\u00a0de peur de me faire croquer par un ca\u00efman. #onapasdesviesfaciles.<\/p>\n<p>Je vous tiens au courant, \u00e9videmment.<\/p>\n<p><strong><strong>\u2605\u00a0<\/strong>La toute premi\u00e8re expo de <a title=\"Mylittleparis\" href=\"http:\/\/www.mylittleparis.com\/\" target=\"_blank\">MyLittleParis\u00a0<\/a><\/strong><\/p>\n<p><a href=\"https:\/\/www.deedeeparis.com\/blog\/wp-content\/uploads\/2013\/07\/Capture-d\u2019\u00e9cran-2013-07-07-\u00e0-21.08.48.png\"><img loading=\"lazy\" decoding=\"async\" class=\"alignnone size-full wp-image-20317\" alt=\"expo my little paris\" src=\"https:\/\/www.deedeeparis.com\/blog\/wp-content\/uploads\/2013\/07\/Capture-d\u2019\u00e9cran-2013-07-07-\u00e0-21.08.48.png\" width=\"543\" height=\"545\" srcset=\"https:\/\/www.deedeeparis.com\/blog\/wp-content\/uploads\/2013\/07\/Capture-d\u2019\u00e9cran-2013-07-07-\u00e0-21.08.48.png 543w, https:\/\/www.deedeeparis.com\/blog\/wp-content\/uploads\/2013\/07\/Capture-d\u2019\u00e9cran-2013-07-07-\u00e0-21.08.48-150x150.png 150w, https:\/\/www.deedeeparis.com\/blog\/wp-content\/uploads\/2013\/07\/Capture-d\u2019\u00e9cran-2013-07-07-\u00e0-21.08.48-160x160.png 160w, https:\/\/www.deedeeparis.com\/blog\/wp-content\/uploads\/2013\/07\/Capture-d\u2019\u00e9cran-2013-07-07-\u00e0-21.08.48-155x155.png 155w\" sizes=\"auto, (max-width: 543px) 100vw, 543px\" \/><\/a><\/p>\n<p>\u00ab\u00a0Vite, ils annoncent 7 minutes d&rsquo;\u00e9claircie !\u00a0\u00bb<\/p>\n<p>Sauvez la date : du 7 au 28 ao\u00fbt, my beloved MyLittleParis offre aux parisiens de coeur ou de passage une expo gratuite et en plein air ! Ce sont en tout 48 illustrations croqu\u00e9es par Kanako et assorties d&rsquo;une petite phrase bien sentie dont seule Amandine, la r\u00e9dactrice en chef du site \u00e0 le secret qui seront affich\u00e9es sur 1000 points du r\u00e9seau municipal. De quoi \u00e9gayer le quotidien de ceux qui croiseront ces affiches.<\/p>\n<p><em>&gt;&gt; Toutes les infos sur\u00a0<a title=\"lesparisiens\" href=\"http:\/\/lesparisiens.paris.fr\/itineraire\" target=\"_blank\">www.lesparisiens.paris.fr<\/a><\/em><\/p>\n<p><strong>\u2605\u00a0Les 6 techniques pour gagner \u00e0 pierre-feuille-ciseaux<\/strong><\/p>\n<p><a href=\"https:\/\/www.deedeeparis.com\/blog\/wp-content\/uploads\/2013\/07\/chiffre_infographie_647.jpg\"><img loading=\"lazy\" decoding=\"async\" class=\"alignnone size-medium wp-image-20302\" alt=\"merci alfred\" src=\"https:\/\/www.deedeeparis.com\/blog\/wp-content\/uploads\/2013\/07\/chiffre_infographie_647-600x1665.jpg\" width=\"600\" height=\"1665\" srcset=\"https:\/\/www.deedeeparis.com\/blog\/wp-content\/uploads\/2013\/07\/chiffre_infographie_647-600x1665.jpg 600w, https:\/\/www.deedeeparis.com\/blog\/wp-content\/uploads\/2013\/07\/chiffre_infographie_647.jpg 980w\" sizes=\"auto, (max-width: 600px) 100vw, 600px\" \/><\/a><\/p>\n<p>Merci <a title=\"Merci alfred\" href=\"http:\/\/www.mercialfred.com\/les-six-techniques-pour-gagner-pierre-feuille-ciseaux.html\" target=\"_blank\">Alfred<\/a> !<\/p>\n<p>\u2605\u00a0<strong>Les New Balance 420 chez Comptoir des Cotonniers<\/strong><\/p>\n<p><a href=\"https:\/\/www.deedeeparis.com\/blog\/wp-content\/uploads\/2013\/07\/New-Balance-420.jpg\"><img loading=\"lazy\" decoding=\"async\" class=\"alignnone size-medium wp-image-20304\" alt=\"New-Balance-420\" src=\"https:\/\/www.deedeeparis.com\/blog\/wp-content\/uploads\/2013\/07\/New-Balance-420-600x1018.jpg\" width=\"600\" height=\"1018\" srcset=\"https:\/\/www.deedeeparis.com\/blog\/wp-content\/uploads\/2013\/07\/New-Balance-420-600x1018.jpg 600w, https:\/\/www.deedeeparis.com\/blog\/wp-content\/uploads\/2013\/07\/New-Balance-420-603x1024.jpg 603w, https:\/\/www.deedeeparis.com\/blog\/wp-content\/uploads\/2013\/07\/New-Balance-420.jpg 1143w\" sizes=\"auto, (max-width: 600px) 100vw, 600px\" \/><\/a><\/p>\n<p>(Coucou Lisa !)<\/p>\n<p>Je ne sais pas si vous vous souvenez, mais je vous avais racont\u00e9 que j&rsquo;avais mis des mois et des mois pour d\u00e9nicher une paire de baskets qu&rsquo;elle est trop belle : des New Balance 420, bordeaux. De boutiques en e-boutiques, j&rsquo;avais fini par les d\u00e9goter sur un site n\u00e9erlandais pour la modique somme de&#8230; 160 euros, frais de port inclus. Le rapport ? Eh bien, depuis quelques jours, on les trouve en bordeaux mais aussi en noir chez Comptoir des Cotonniers. TOUT SIMPLEMENT. Et pour 90 euros. Voil\u00e0 voil\u00e0&#8230; !<\/p>\n<p>\u2605\u00a0<strong>Les jolis noeuds pap de Cinabre<\/strong><\/p>\n<p><a href=\"https:\/\/www.deedeeparis.com\/blog\/wp-content\/uploads\/2013\/07\/NOEUD-PdP-FLASH-FOND-PASTEL.jpg\"><img loading=\"lazy\" decoding=\"async\" class=\"alignnone size-medium wp-image-20307\" alt=\"NOEUD PdP FLASH FOND PASTEL\" src=\"https:\/\/www.deedeeparis.com\/blog\/wp-content\/uploads\/2013\/07\/NOEUD-PdP-FLASH-FOND-PASTEL-600x265.jpg\" width=\"600\" height=\"265\" srcset=\"https:\/\/www.deedeeparis.com\/blog\/wp-content\/uploads\/2013\/07\/NOEUD-PdP-FLASH-FOND-PASTEL-600x265.jpg 600w, https:\/\/www.deedeeparis.com\/blog\/wp-content\/uploads\/2013\/07\/NOEUD-PdP-FLASH-FOND-PASTEL.jpg 1024w\" sizes=\"auto, (max-width: 600px) 100vw, 600px\" \/><\/a><\/p>\n<p>Oui, en la mati\u00e8re, j&rsquo;aime beaucoup les noeuds papillon de Balzac Paris. Ce qui ne m&#8217;emp\u00eache pas d&rsquo;appr\u00e9cier \u00e9galement la qualit\u00e9 et le style de ceux-ci, sign\u00e9s Cinabre. A shopper notamment sur le site de L&rsquo;Exception.<\/p>\n<p><strong>\u2605\u00a0La <a title=\"Vernitheque\" href=\"http:\/\/www.vernitheque.fr\/\" target=\"_blank\">vernith\u00e8que<\/a><\/strong><\/p>\n<p><a href=\"https:\/\/www.deedeeparis.com\/blog\/wp-content\/uploads\/2013\/07\/vernitheque.jpg\"><img loading=\"lazy\" decoding=\"async\" class=\"alignnone size-full wp-image-20314\" alt=\"vernitheque\" src=\"https:\/\/www.deedeeparis.com\/blog\/wp-content\/uploads\/2013\/07\/vernitheque.jpg\" width=\"600\" height=\"662\" \/><\/a><\/p>\n<p><em>\u00a9Photo <a title=\"Une touche de rose\" href=\"http:\/\/www.unetouchederose.com\/\" target=\"_blank\">Une touche de Rose<\/a>. Profitez-en pour consulter son <a title=\"Une touche de rose\" href=\"http:\/\/www.unetouchederose.com\/2013\/07\/les-bagues-coquillages-diy.html\" target=\"_blank\">tuto<\/a> pour cr\u00e9er des bagues coquillages !\u00a0<\/em><\/p>\n<p>Si vous aimez le vernis, vous devriez aimer la <a title=\"Vernitheque\" href=\"http:\/\/www.vernitheque.fr\/\" target=\"_blank\">vernith\u00e8que<\/a> : un site qui r\u00e9pertorie les vernis, permet de faire l&rsquo;inventaire de sa collection, mais aussi de b\u00e9n\u00e9ficier de remises et de bons plans\u2026 \u00a0Malin.<\/p>\n<p><strong><strong>\u2605\u00a0<\/strong>The Maze, de Chateau Marmont\u00a0<\/strong><\/p>\n<p>Vendredi soir, l&rsquo;excellente newsletter de\u00a0<a title=\"Time to sign off\" href=\"http:\/\/timetosignoff.fr\/\" target=\"_blank\">TTSO<\/a> expliquait que ce titre repr\u00e9sentait une excellente alternative au dernier album des Daft Punk, en expliquant, je cite : \u00ab\u00a0<em>Voil\u00e0 exactement tout ce qu&rsquo;on aurait aim\u00e9 que l&rsquo;album de Daft Punk soit. Pas un objet tellement market\u00e9 qu&rsquo;on ne peut plus distinguer la virtuosit\u00e9 et la rouerie de la sinc\u00e9rit\u00e9 artistique, mais un disque inspir\u00e9, une vraie production d&rsquo;artisan, qui respecte son travail autant que son public. La formidable alternative \u00e0\u00a0Random Access Memory\u00a0existe, et c&rsquo;est une excellente nouvelle<\/em>\u00ab\u00a0.<\/p>\n<p>Rien que pour ces mots, j&rsquo;ai cliqu\u00e9. Et pas mal appr\u00e9ci\u00e9 :<\/p>\n<p><iframe loading=\"lazy\" src=\"https:\/\/w.soundcloud.com\/player\/?url=http%3A%2F%2Fapi.soundcloud.com%2Ftracks%2F81036672\" height=\"166\" width=\"100%\" frameborder=\"no\" scrolling=\"no\"><\/iframe><\/p>\n<p>Voil\u00e0, c&rsquo;est tout. Joyeux lundi !<\/p>\n","protected":false},"excerpt":{"rendered":"<p>Nouvelle semaine, nouveaux coups de coeurs !\u00a0Cette semaine, j&rsquo;aime : \u2605\u00a0Cette photo Parce qu&rsquo;elle me fait penser \u00e0 l&rsquo;\u00e9t\u00e9 qui se concr\u00e9tise, enfin. \u00a0Et parce que dans quelques jours, je serai \u00e0 la place de cette fille, sur la photo. OUIIIII, je pars deux jours au Roxy Pro o\u00f9, pour la premi\u00e8re fois, je vais [&hellip;]<\/p>\n","protected":false},"author":2,"featured_media":20312,"comment_status":"open","ping_status":"open","sticky":false,"template":"","format":"standard","meta":{"_acf_changed":false,"footnotes":""},"categories":[8],"tags":[4509,5693,5697,5696,4705,5692,5694,5695,5000],"class_list":["post-20301","post","type-post","status-publish","format-standard","has-post-thumbnail","hentry","category-chroniques-de-paris","tag-balzac-paris","tag-cinabre","tag-expo-kanako","tag-expo-my-little-paris","tag-merci-alfred","tag-new-balance-420","tag-noeud-papillon","tag-roxy-tour-2013","tag-time-to-sign-off"],"acf":[],"geo":null,"_links":{"self":[{"href":"https:\/\/www.deedeeparis.com\/blog\/wp-json\/wp\/v2\/posts\/20301","targetHints":{"allow":["GET"]}}],"collection":[{"href":"https:\/\/www.deedeeparis.com\/blog\/wp-json\/wp\/v2\/posts"}],"about":[{"href":"https:\/\/www.deedeeparis.com\/blog\/wp-json\/wp\/v2\/types\/post"}],"author":[{"embeddable":true,"href":"https:\/\/www.deedeeparis.com\/blog\/wp-json\/wp\/v2\/users\/2"}],"replies":[{"embeddable":true,"href":"https:\/\/www.deedeeparis.com\/blog\/wp-json\/wp\/v2\/comments?post=20301"}],"version-history":[{"count":5,"href":"https:\/\/www.deedeeparis.com\/blog\/wp-json\/wp\/v2\/posts\/20301\/revisions"}],"predecessor-version":[{"id":20306,"href":"https:\/\/www.deedeeparis.com\/blog\/wp-json\/wp\/v2\/posts\/20301\/revisions\/20306"}],"wp:featuredmedia":[{"embeddable":true,"href":"https:\/\/www.deedeeparis.com\/blog\/wp-json\/wp\/v2\/media\/20312"}],"wp:attachment":[{"href":"https:\/\/www.deedeeparis.com\/blog\/wp-json\/wp\/v2\/media?parent=20301"}],"wp:term":[{"taxonomy":"category","embeddable":true,"href":"https:\/\/www.deedeeparis.com\/blog\/wp-json\/wp\/v2\/categories?post=20301"},{"taxonomy":"post_tag","embeddable":true,"href":"https:\/\/www.deedeeparis.com\/blog\/wp-json\/wp\/v2\/tags?post=20301"}],"curies":[{"name":"wp","href":"https:\/\/api.w.org\/{rel}","templated":true}]}}