{"id":20505,"date":"2013-07-29T07:23:13","date_gmt":"2013-07-29T05:23:13","guid":{"rendered":"https:\/\/www.deedeeparis.com\/blog\/?p=20505"},"modified":"2013-07-28T23:14:05","modified_gmt":"2013-07-28T21:14:05","slug":"ma-week-list-46","status":"publish","type":"post","link":"https:\/\/www.deedeeparis.com\/blog\/ma-week-list-46","title":{"rendered":"Ma week list #46"},"content":{"rendered":"<p>Derni\u00e8re week-list avant de prendre un peu la quille. Non pas que je compte d\u00e9connecter totalement en vacances (j&rsquo;ai une th\u00e9orie sur la d\u00e9connexion, mais elle ne tient pas en deux lignes. Je vous l&rsquo;exposerai donc plus tard) (youpi !), mais il y a fort \u00e0 parier que je l\u00e8ve le pied, au moins un peu. Parce que quand m\u00eame. Or donc, nouvelle semaine, nouveaux coups de coeur ! Cette semaine, j&rsquo;aime :<\/p>\n<p><strong><strong><strong><strong><strong>\u2605\u00a0<\/strong><\/strong><\/strong><\/strong><a title=\"Artips\" href=\"http:\/\/artips.fr\/\" target=\"_blank\">Artips<\/a>, la newsletter avec de la culture dedans<\/strong><\/p>\n<p><a href=\"https:\/\/www.deedeeparis.com\/blog\/wp-content\/uploads\/2013\/07\/Capture-d\u2019\u00e9cran-2013-07-28-\u00e0-22.57.15.png\"><img loading=\"lazy\" decoding=\"async\" class=\"alignnone size-full wp-image-20550\" alt=\"Capture d\u2019\u00e9cran 2013-07-28 \u00e0 22.57.15\" src=\"https:\/\/www.deedeeparis.com\/blog\/wp-content\/uploads\/2013\/07\/Capture-d\u2019\u00e9cran-2013-07-28-\u00e0-22.57.15.png\" width=\"492\" height=\"199\" \/><\/a><\/p>\n<p>Oui mais attendez, ne partez pas en courant ! Dans la veine de l&rsquo;excellente <a title=\"TTSO\" href=\"http:\/\/www.timetosignoff.fr\/about\/\" target=\"_blank\">TTSO<\/a> qui offre un condens\u00e9 intelligent et bien ficel\u00e9 de l&rsquo;actu du jour, Artips propose une dose d&rsquo;art au quotidien.<\/p>\n<p>Concr\u00e8tement, on s&rsquo;inscrit et on re\u00e7oit chaque jour un petit pr\u00e9cis court, dr\u00f4lement bien document\u00e9 et r\u00e9dig\u00e9 d&rsquo;une plume alerte et plut\u00f4t dr\u00f4le autour d&rsquo;une oeuvre. Art abstrait, Pop Art, Baroque, Expressionisme, Surr\u00e9alisme\u2026 y&rsquo;en a pour tous les go\u00fbts, m&rsquo;sieurs dames. Le tout est \u00e9labor\u00e9 par des professeurs et \u00e9tudiants en histoire de l&rsquo;art, des guides de mus\u00e9es, des artistes ou bien des amateurs \u00e9clair\u00e9s, et valid\u00e9 par G\u00e9rard Mari\u00e9, professeur d&rsquo;histoire de l&rsquo;art et r\u00e9dacteur en chef d&rsquo;Artips.<\/p>\n<p>J&rsquo;aime beaucoup, beaucoup cette id\u00e9e de rendre l&rsquo;art plus accessible et plus ludique sans pour autant faire l&rsquo;impasse sur son histoire. <a title=\"Artips\" href=\"http:\/\/artips.fr\/\" target=\"_blank\">Abonnez-vous<\/a>, c&rsquo;est vraiment, vraiment bien !<\/p>\n<p><strong><strong><strong><strong><strong>\u2605\u00a0<\/strong><\/strong><\/strong><\/strong>Cette tr\u00e8s jolie chanson de Vanessa Paradis<\/strong><\/p>\n<p><iframe loading=\"lazy\" src=\"\/\/www.youtube.com\/embed\/2VgDeqblqoM\" height=\"338\" width=\"600\" allowfullscreen=\"\" frameborder=\"0\"><\/iframe><\/p>\n<p>Je crois pouvoir dire que ne suis pas excessivement port\u00e9e sur la chanson fran\u00e7aise. Je ne saurais trop vous dire pourquoi&#8230; Peut \u00eatre \u00e0 cause des deux radios que mes parents captaient, quand j&rsquo;\u00e9tais petite, France Info et RFM. La premi\u00e8re nous offrait du blabla en boucle, la seconde du vieux tube suc\u00e9 et resuc\u00e9. C&rsquo;est stupide, je SAIS, mais je trouve que \u00ab\u00a0la chanson fran\u00e7aise\u00a0\u00bb a toujours ce petit relent d\u00e9sagr\u00e9able un peu <em>has been<\/em>. Constat qui m&rsquo;aurait emp\u00each\u00e9 de d\u00e9couvrir cette jolie p\u00e9pite si Greg ne me l&rsquo;avait pas servie sur un plateau. Merci Greg, merci Benjamin Biolay, \u00a0\u00e0 qui Vanessa Paradis a confi\u00e9 la composition de son dernier album, et vous autres, \u00e9coutez. C&rsquo;est tr\u00e8s beau !<\/p>\n<p><strong><strong><strong><strong><strong>\u2605\u00a0<\/strong><\/strong><\/strong><\/strong>Le mammatus<\/strong><\/p>\n<p><a href=\"https:\/\/www.deedeeparis.com\/blog\/wp-content\/uploads\/2013\/07\/mammatus2-600x400.jpg\"><img loading=\"lazy\" decoding=\"async\" class=\"alignnone size-full wp-image-20544\" alt=\"mammatus2-600x400\" src=\"https:\/\/www.deedeeparis.com\/blog\/wp-content\/uploads\/2013\/07\/mammatus2-600x400.jpg\" width=\"600\" height=\"400\" \/><\/a><\/p>\n<p><em>\u00a9<a title=\"le tribunal du net\" href=\"http:\/\/www.letribunaldunet.fr\/insolite\/les-8-nuages-les-plus-rares-et-les-plus-beaux.html\" target=\"_blank\">Photo<\/a><\/em><\/p>\n<p>Gn\u00e9\u00e9\u00e9 ? Le mammatus est cet incroyable nuage, l\u00e0, qui se forme lorsqu&rsquo;une partie instable d&rsquo;une cellule orageuse survole une zone d&rsquo;air sec. Et il y a aussi l&rsquo;arcus, l&rsquo;asperatus, le nacr\u00e9, l&rsquo;instabilit\u00e9 de Kelvin-Helmhotz, le punch-hole, le lenticulaire et le cumulonimbus. Autant de nuages rares, et d&rsquo;une beaut\u00e9 \u00e9trange et envo\u00fbtante.<\/p>\n<p><strong><strong><strong><strong><strong>\u2605\u00a0<\/strong><\/strong><\/strong><\/strong>Le tuto pour r\u00e9aliser comme une grande un bracelet cha\u00eene<\/strong><\/p>\n<p>Ce week-end, j&rsquo;ai post\u00e9 sur les internets un bout de photo <a title=\"Bracelet chaine\" href=\"http:\/\/instagram.com\/p\/cRcEzlGW8o\/\" target=\"_blank\">d&rsquo;un bracelet<\/a> que nous \u00e9tions en train de confectionner avec des amies. Et vous avez \u00e9t\u00e9 nombreuses \u00e0 me demander comment j&rsquo;avais fait cette petite merveille. Comme je suis sympa, je vous livre le tuto qui nous a inspir\u00e9e, et qui a \u00e9t\u00e9 r\u00e9alis\u00e9e par Erica de <a title=\"Honestly wtf\" href=\"http:\/\/honestlywtf.com\/diy\/diy-woven-chain-bracelet\/\" target=\"_blank\">Honestly, WTF<\/a> :<\/p>\n<p><a href=\"https:\/\/www.deedeeparis.com\/blog\/wp-content\/uploads\/2013\/07\/wovenbracelet2.jpg\"><img loading=\"lazy\" decoding=\"async\" class=\"alignnone size-medium wp-image-20553\" alt=\"wovenbracelet2\" src=\"https:\/\/www.deedeeparis.com\/blog\/wp-content\/uploads\/2013\/07\/wovenbracelet2-600x407.jpg\" width=\"600\" height=\"407\" srcset=\"https:\/\/www.deedeeparis.com\/blog\/wp-content\/uploads\/2013\/07\/wovenbracelet2-600x407.jpg 600w, https:\/\/www.deedeeparis.com\/blog\/wp-content\/uploads\/2013\/07\/wovenbracelet2.jpg 800w\" sizes=\"auto, (max-width: 600px) 100vw, 600px\" \/><\/a><\/p>\n<p><a href=\"https:\/\/www.deedeeparis.com\/blog\/wp-content\/uploads\/2013\/07\/wovenbracelet3-1024x375.jpg\"><img loading=\"lazy\" decoding=\"async\" alt=\"wovenbracelet3-1024x375\" src=\"https:\/\/www.deedeeparis.com\/blog\/wp-content\/uploads\/2013\/07\/wovenbracelet3-1024x375-600x219.jpg\" width=\"600\" height=\"219\" \/><\/a><\/p>\n<p><a href=\"https:\/\/www.deedeeparis.com\/blog\/wp-content\/uploads\/2013\/07\/wovenbracelet4-1024x377.jpg\"><img loading=\"lazy\" decoding=\"async\" class=\"alignnone size-medium wp-image-20555\" alt=\"wovenbracelet4-1024x377\" src=\"https:\/\/www.deedeeparis.com\/blog\/wp-content\/uploads\/2013\/07\/wovenbracelet4-1024x377-600x220.jpg\" width=\"600\" height=\"220\" srcset=\"https:\/\/www.deedeeparis.com\/blog\/wp-content\/uploads\/2013\/07\/wovenbracelet4-1024x377-600x220.jpg 600w, https:\/\/www.deedeeparis.com\/blog\/wp-content\/uploads\/2013\/07\/wovenbracelet4-1024x377.jpg 1024w\" sizes=\"auto, (max-width: 600px) 100vw, 600px\" \/><\/a><\/p>\n<p><a href=\"https:\/\/www.deedeeparis.com\/blog\/wp-content\/uploads\/2013\/07\/wovenbracelet5.jpg\"><img loading=\"lazy\" decoding=\"async\" alt=\"wovenbracelet5\" src=\"https:\/\/www.deedeeparis.com\/blog\/wp-content\/uploads\/2013\/07\/wovenbracelet5-600x438.jpg\" width=\"600\" height=\"438\" \/><\/a><\/p>\n<p><em>\u00a9Photo\u00a0<a title=\"Honestly wtf\" href=\"http:\/\/honestlywtf.com\/diy\/diy-woven-chain-bracelet\/\" target=\"_blank\">Honestly, WTF<\/a><\/em><\/p>\n<p><strong><strong><strong><strong><strong>\u2605\u00a0<\/strong><\/strong><\/strong><\/strong>La collection de ballerines Repetto x Mina Perhoden<\/strong><\/p>\n<p><a href=\"https:\/\/www.deedeeparis.com\/blog\/wp-content\/uploads\/2013\/07\/repetto-mina-perhoden.jpg\"><img loading=\"lazy\" decoding=\"async\" alt=\"repetto mina perhoden\" src=\"https:\/\/www.deedeeparis.com\/blog\/wp-content\/uploads\/2013\/07\/repetto-mina-perhoden.jpg\" width=\"520\" height=\"677\" \/><\/a><\/p>\n<p>Petite joie simple du quotidien : poster\u00a0<a title=\"Photo instagram\" href=\"http:\/\/instagram.com\/p\/cASreoGWw7\/\" target=\"_blank\">une photo<\/a>\u00a0sur Instagram, la taguer. Puis cliquer sur les tags de son choix pour se promener dans l&rsquo;univers du tag en question. En l&rsquo;occurrence, j&rsquo;ai cliqu\u00e9 sur Repetto, et je suis tomb\u00e9e (sans me faire mal, rassurez-vous) (ahah) sur cette sublime collection\u00a0<a title=\"Repetto Mina perhoden\" href=\"http:\/\/en.fashion-headline.com\/article\/img\/2013\/06\/20\/1118\/9468.html\" target=\"_blank\">Repetto x Mina Perhoden<\/a>. Je suis n\u00e9anmoins chagrin puisqu&rsquo;a priori, cette collection de 4 paires est uniquement disponible au Japon. OUIN.<\/p>\n<p>Voil\u00e0, c&rsquo;est tout pour aujourd&rsquo;hui. Joyeux lundi, oh oui !<\/p>\n","protected":false},"excerpt":{"rendered":"<p>Derni\u00e8re week-list avant de prendre un peu la quille. Non pas que je compte d\u00e9connecter totalement en vacances (j&rsquo;ai une th\u00e9orie sur la d\u00e9connexion, mais elle ne tient pas en deux lignes. Je vous l&rsquo;exposerai donc plus tard) (youpi !), mais il y a fort \u00e0 parier que je l\u00e8ve le pied, au moins un [&hellip;]<\/p>\n","protected":false},"author":2,"featured_media":20553,"comment_status":"open","ping_status":"open","sticky":false,"template":"","format":"standard","meta":{"_acf_changed":false,"footnotes":""},"categories":[8],"tags":[5757,5760,5759,5758,5743,5000,5322,5762,5761],"class_list":["post-20505","post","type-post","status-publish","format-standard","has-post-thumbnail","hentry","category-chroniques-de-paris","tag-artips","tag-bracelet-chaine","tag-diy-woven-chain-bracelet","tag-honestly-wtf","tag-repetto-x-mina-perhoden","tag-time-to-sign-off","tag-ttso","tag-tuto-bracelet","tag-tuto-bracelet-chaine"],"acf":[],"geo":null,"_links":{"self":[{"href":"https:\/\/www.deedeeparis.com\/blog\/wp-json\/wp\/v2\/posts\/20505","targetHints":{"allow":["GET"]}}],"collection":[{"href":"https:\/\/www.deedeeparis.com\/blog\/wp-json\/wp\/v2\/posts"}],"about":[{"href":"https:\/\/www.deedeeparis.com\/blog\/wp-json\/wp\/v2\/types\/post"}],"author":[{"embeddable":true,"href":"https:\/\/www.deedeeparis.com\/blog\/wp-json\/wp\/v2\/users\/2"}],"replies":[{"embeddable":true,"href":"https:\/\/www.deedeeparis.com\/blog\/wp-json\/wp\/v2\/comments?post=20505"}],"version-history":[{"count":5,"href":"https:\/\/www.deedeeparis.com\/blog\/wp-json\/wp\/v2\/posts\/20505\/revisions"}],"predecessor-version":[{"id":20542,"href":"https:\/\/www.deedeeparis.com\/blog\/wp-json\/wp\/v2\/posts\/20505\/revisions\/20542"}],"wp:featuredmedia":[{"embeddable":true,"href":"https:\/\/www.deedeeparis.com\/blog\/wp-json\/wp\/v2\/media\/20553"}],"wp:attachment":[{"href":"https:\/\/www.deedeeparis.com\/blog\/wp-json\/wp\/v2\/media?parent=20505"}],"wp:term":[{"taxonomy":"category","embeddable":true,"href":"https:\/\/www.deedeeparis.com\/blog\/wp-json\/wp\/v2\/categories?post=20505"},{"taxonomy":"post_tag","embeddable":true,"href":"https:\/\/www.deedeeparis.com\/blog\/wp-json\/wp\/v2\/tags?post=20505"}],"curies":[{"name":"wp","href":"https:\/\/api.w.org\/{rel}","templated":true}]}}