{"id":20579,"date":"2013-08-26T07:34:47","date_gmt":"2013-08-26T05:34:47","guid":{"rendered":"https:\/\/www.deedeeparis.com\/blog\/?p=20579"},"modified":"2013-08-26T20:47:14","modified_gmt":"2013-08-26T18:47:14","slug":"ma-week-list-46-2","status":"publish","type":"post","link":"https:\/\/www.deedeeparis.com\/blog\/ma-week-list-46-2","title":{"rendered":"Ma week list #47"},"content":{"rendered":"<p>Oui, si, voil\u00e0 : les vacances sont termin\u00e9es. Je pourrais vous raconter comment j&rsquo;ai d\u00e9prim\u00e9, hier, alors que la pluie martelait impitoyablement les carreaux, ruinant toute velleit\u00e9 que j&rsquo;avais de reprendre la course (on ne rit pas !) ou comment je me prends \u00e0 r\u00eaver de faire le boulot buissonnier aujourd&rsquo;hui, CHICHE ! (&#8230;), ou bien encore comment le sens de certaines choses me d\u00e9passe totalement.<\/p>\n<p>Au lieu de \u00e7a, j&rsquo;ai d\u00e9cid\u00e9 de chausser mon optimisme l\u00e9gendaire et de repartir -presque &#8211; comme en 40. Parce qu&rsquo;apr\u00e8s tout, comme le dit si justement C., retourner au travail, c&rsquo;est pouvoir cotiser pour ses prochaines vacances ! Et que si on n&rsquo;y met pas un peu du sien, quoi, voil\u00e0.<\/p>\n<p>Blague \u00e0 part, en cette jolie journ\u00e9e de reprise, voil\u00e0 quelques liens pour bien commencer la semaine ! Cette semaine, j&rsquo;aime :<\/p>\n<p><strong><b><strong><strong><strong><strong><strong>\u2605\u00a0<\/strong><\/strong><\/strong><\/strong><\/strong><\/b>Les <a title=\"Petit pan\" href=\"http:\/\/www.petitpan.com\/maison-l4\/1266-carnet-de-dessin-l.html\" target=\"_blank\">jolis carnets Petit Pan<\/a><\/strong><\/p>\n<p><a href=\"https:\/\/www.deedeeparis.com\/blog\/wp-content\/uploads\/2013\/08\/Jolis-carnets-petit-pan.jpg\"><img loading=\"lazy\" decoding=\"async\" class=\"alignnone size-medium wp-image-20770\" alt=\"Jolis carnets petit pan\" src=\"https:\/\/www.deedeeparis.com\/blog\/wp-content\/uploads\/2013\/08\/Jolis-carnets-petit-pan-600x601.jpg\" width=\"600\" height=\"601\" srcset=\"https:\/\/www.deedeeparis.com\/blog\/wp-content\/uploads\/2013\/08\/Jolis-carnets-petit-pan-600x601.jpg 600w, https:\/\/www.deedeeparis.com\/blog\/wp-content\/uploads\/2013\/08\/Jolis-carnets-petit-pan-150x150.jpg 150w, https:\/\/www.deedeeparis.com\/blog\/wp-content\/uploads\/2013\/08\/Jolis-carnets-petit-pan-160x160.jpg 160w, https:\/\/www.deedeeparis.com\/blog\/wp-content\/uploads\/2013\/08\/Jolis-carnets-petit-pan-155x155.jpg 155w, https:\/\/www.deedeeparis.com\/blog\/wp-content\/uploads\/2013\/08\/Jolis-carnets-petit-pan.jpg 958w\" sizes=\"auto, (max-width: 600px) 100vw, 600px\" \/><\/a><\/p>\n<p>Oui, bon, c&rsquo;est \u00e0 dire que j&rsquo;aime un peu tout chez Petit Pan.. Il n&rsquo;y avait donc aucune raison pour que ces jolis carnets d\u00e9rogent \u00e0 la r\u00e8gle. Frustr\u00e9e que je suis d&rsquo;\u00e9chapper au rituel des courses de rentr\u00e9e des classes, je me rattrape avec de nouveaux carnets et stylos pour la rentr\u00e9e, na ! (d&rsquo;abord).<\/p>\n<p><strong><b><strong><strong><strong><strong><strong>\u2605\u00a0<\/strong><\/strong><\/strong><\/strong><\/strong><\/b><a title=\"\" href=\"http:\/\/blended.fr\/art\/lis-tes-ratures\/\">Chefs-d\u2019\u0153uvres litt\u00e9raires<\/a>, le projet qui d\u00e9tourne les classiques de la litt\u00e9rature<\/strong><\/p>\n<p>Une bonne dose d&rsquo;humour et une belle ma\u00eetrise de Photoshop eh hop, <a title=\"Cl\u00e9mentine m\u00e9lois\" href=\"https:\/\/www.facebook.com\/Clementine.Melois\" target=\"_blank\">Cl\u00e9mentine M\u00e9lois<\/a> nous offre ces tranches de rire, mais pas que : toucher \u00e0 ces monuments litt\u00e9raires, c&rsquo;est prouver que l&rsquo;on peut prendre un peu de distance avec le s\u00e9rieux. Rien que pour \u00e7a, j&rsquo;aime. Extraits :<\/p>\n<p><a href=\"https:\/\/www.deedeeparis.com\/blog\/wp-content\/uploads\/2013\/08\/562.jpg\"><img loading=\"lazy\" decoding=\"async\" class=\"alignnone size-medium wp-image-20771\" alt=\"562\" src=\"https:\/\/www.deedeeparis.com\/blog\/wp-content\/uploads\/2013\/08\/562-600x858.jpg\" width=\"600\" height=\"858\" srcset=\"https:\/\/www.deedeeparis.com\/blog\/wp-content\/uploads\/2013\/08\/562-600x858.jpg 600w, https:\/\/www.deedeeparis.com\/blog\/wp-content\/uploads\/2013\/08\/562.jpg 671w\" sizes=\"auto, (max-width: 600px) 100vw, 600px\" \/><\/a><\/p>\n<p><a href=\"https:\/\/www.deedeeparis.com\/blog\/wp-content\/uploads\/2013\/08\/611.jpg\"><img loading=\"lazy\" decoding=\"async\" class=\"alignnone size-medium wp-image-20772\" alt=\"611\" src=\"https:\/\/www.deedeeparis.com\/blog\/wp-content\/uploads\/2013\/08\/611-600x827.jpg\" width=\"600\" height=\"827\" srcset=\"https:\/\/www.deedeeparis.com\/blog\/wp-content\/uploads\/2013\/08\/611-600x827.jpg 600w, https:\/\/www.deedeeparis.com\/blog\/wp-content\/uploads\/2013\/08\/611.jpg 696w\" sizes=\"auto, (max-width: 600px) 100vw, 600px\" \/><\/a><\/p>\n<p><a href=\"https:\/\/www.deedeeparis.com\/blog\/wp-content\/uploads\/2013\/08\/96.jpg\"><img loading=\"lazy\" decoding=\"async\" class=\"alignnone size-medium wp-image-20774\" alt=\"96\" src=\"https:\/\/www.deedeeparis.com\/blog\/wp-content\/uploads\/2013\/08\/96-600x825.jpg\" width=\"600\" height=\"825\" srcset=\"https:\/\/www.deedeeparis.com\/blog\/wp-content\/uploads\/2013\/08\/96-600x825.jpg 600w, https:\/\/www.deedeeparis.com\/blog\/wp-content\/uploads\/2013\/08\/96.jpg 698w\" sizes=\"auto, (max-width: 600px) 100vw, 600px\" \/><\/a><\/p>\n<p><a href=\"https:\/\/www.deedeeparis.com\/blog\/wp-content\/uploads\/2013\/08\/811.jpg\"><img loading=\"lazy\" decoding=\"async\" class=\"alignnone size-medium wp-image-20775\" alt=\"811\" src=\"https:\/\/www.deedeeparis.com\/blog\/wp-content\/uploads\/2013\/08\/811-600x801.jpg\" width=\"600\" height=\"801\" srcset=\"https:\/\/www.deedeeparis.com\/blog\/wp-content\/uploads\/2013\/08\/811-600x801.jpg 600w, https:\/\/www.deedeeparis.com\/blog\/wp-content\/uploads\/2013\/08\/811.jpg 719w\" sizes=\"auto, (max-width: 600px) 100vw, 600px\" \/><\/a><\/p>\n<p><a href=\"https:\/\/www.deedeeparis.com\/blog\/wp-content\/uploads\/2013\/08\/502.jpg\"><img loading=\"lazy\" decoding=\"async\" class=\"alignnone size-medium wp-image-20776\" alt=\"502\" src=\"https:\/\/www.deedeeparis.com\/blog\/wp-content\/uploads\/2013\/08\/502-600x800.jpg\" width=\"600\" height=\"800\" srcset=\"https:\/\/www.deedeeparis.com\/blog\/wp-content\/uploads\/2013\/08\/502-600x800.jpg 600w, https:\/\/www.deedeeparis.com\/blog\/wp-content\/uploads\/2013\/08\/502.jpg 720w\" sizes=\"auto, (max-width: 600px) 100vw, 600px\" \/><\/a><\/p>\n<p><strong><b><strong><strong><strong><strong><strong>\u2605\u00a0<\/strong><\/strong><\/strong><\/strong><\/strong><\/b>Le corner Urban Outfitters des Galeries Lafayette<\/strong><\/p>\n<p><a href=\"https:\/\/www.deedeeparis.com\/blog\/wp-content\/uploads\/2013\/08\/03_middle.gif\"><img loading=\"lazy\" decoding=\"async\" class=\"alignnone  wp-image-20787\" alt=\"03_middle\" src=\"https:\/\/www.deedeeparis.com\/blog\/wp-content\/uploads\/2013\/08\/03_middle.gif\" width=\"281\" height=\"211\" \/><\/a> <a href=\"https:\/\/www.deedeeparis.com\/blog\/wp-content\/uploads\/2013\/08\/02_left.gif\"><img loading=\"lazy\" decoding=\"async\" class=\"alignnone  wp-image-20788\" alt=\"02_left\" src=\"https:\/\/www.deedeeparis.com\/blog\/wp-content\/uploads\/2013\/08\/02_left.gif\" width=\"281\" height=\"211\" \/><\/a><\/p>\n<p>Oui, SI : le 2 septembre, Urban Outfitters sera ENFIN en France, aux Galeries Lafayette, donc, pour 5 mois ! Toutes les infos sur la page <a title=\"Urban outfitters en france\" href=\"http:\/\/www.urbanoutfitters.fr\/page\/galeries_lafayette\/&amp;cm_mmc=Twitter-_-uoparis-_-landingpage-_-tweet\" target=\"_blank\">Galeries Lafayette x Urban Outfitters<\/a>.<\/p>\n<p><strong><b><strong><strong><strong><strong><strong>\u2605\u00a0<\/strong><\/strong><\/strong><\/strong><\/strong><\/b>Le best of des Tomcasts\u00a0<\/strong><\/p>\n<p>Les Tomcasts, ce sont des interviews film\u00e9es et orchestr\u00e9es par le talentueux <a title=\"Thomas Cl\u00e9ment\" href=\"http:\/\/clement.blogs.com\/\" target=\"_blank\">Thomas Cl\u00e9ment<\/a>. Oui, bien s\u00fbr, j&rsquo;en vois ici qui s&rsquo;insurgent, arguant\u00a0que Thomas est parfois \u00e9nervant, parce qu&rsquo;un peu melonant. Moi, ce que je vois, c&rsquo;est que Thomas est ultra talentueux, donc, et qu&rsquo;il m\u00e8ne tambour battant ses Tomcasts depuis 2006, trouvant les bonnes personnes \u00e0 interviewer, posant les vraies questions qui f\u00e2chent, m\u00eame pas peur (\u00e0 Ardisson, par exemple :\u00a0\u00ab\u00a0Est-ce que c&rsquo;est parce que tu n&rsquo;as pas les couilles d&rsquo;affronter tes invit\u00e9s \u00e0 la loyale que tes \u00e9missions sont mont\u00e9es ?\u00a0\u00bb. Pan).<\/p>\n<p>Thomas, c&rsquo;est aussi celui qui m&rsquo;a propos\u00e9, un jour de 2006, de r\u00e9aliser les <a title=\"deedeecast\" href=\"https:\/\/www.deedeeparis.com\/blog\/category\/les-deedeecast\" target=\"_blank\">deedeecasts<\/a>. Pour toutes ces raisons, on peut dire que Thomas est un vrai pionner du far web !<\/p>\n<p>Pour f\u00eater les 7 ans des Tomcasts, Thomas nous a concoct\u00e9 un best of aux petits oignons :<\/p>\n<p><iframe loading=\"lazy\" src=\"\/\/www.youtube.com\/embed\/-OOYCBkAl-I\" height=\"338\" width=\"600\" allowfullscreen=\"\" frameborder=\"0\"><\/iframe><\/p>\n<p><strong><strong>\u2605\u00a0<\/strong>Le Grand Journal version Antoine de Caunes<\/strong><\/p>\n<p><a href=\"https:\/\/www.deedeeparis.com\/blog\/wp-content\/uploads\/2013\/08\/Antoine-de-Caunes.jpg\"><img loading=\"lazy\" decoding=\"async\" class=\"alignnone size-full wp-image-20793\" alt=\"Antoine-de-Caunes\" src=\"https:\/\/www.deedeeparis.com\/blog\/wp-content\/uploads\/2013\/08\/Antoine-de-Caunes.jpg\" width=\"600\" height=\"395\" \/><\/a><\/p>\n<p>Je n&rsquo;ai pas la t\u00e9l\u00e9. Enfin si, mais je ne la regarde plus depuis longtemps. Pas que je d\u00e9daigne m&rsquo;abrutir \u00e0 l&rsquo;aide d&rsquo;une bonne petite \u00e9mission navrante que nos cha\u00eenes nationales diffusent \u00e0 l&rsquo;envi, mais je manque un peu de temps pour ce faire, je le confesse. A la place, je m&rsquo;abrutis avec les internets mondiaux. Eux au moins me donnent l&rsquo;impression de choisir la m\u00e9diocrit\u00e9 plus que de le subir (ahahah).<\/p>\n<p>Or donc, si je ne regarde plus la t\u00e9l\u00e9vision que de tr\u00e8s loin, je nourris le secret espoir que le Grand Journal anim\u00e9 par Antoine de Caunes renouera avec les p\u00e9pites d&rsquo;antan. Les <a title=\"Teaser grand journal antoine de caunes\" href=\"http:\/\/www.konbini.com\/fr\/3-0\/antoine-de-caunes-grand-journal-canal-plus\/\" target=\"_blank\">teasers diffus\u00e9s par la chaine<\/a> ne sont h\u00e9las pas tr\u00e8s engageants. Mais cette phrase de l&rsquo;acteur \/ pr\u00e9sentateur nourrit mes espoirs les plus fous : \u00ab\u00a0<em>J\u2018ai surtout envie que \u00e7a brasse, que \u00e7a vive, que la parole circule, qu\u2019on s\u2019amuse, que Le Grand Journal, ce soit un peu le bordel [&#8230;]. Souvent, \u00e0 la t\u00e9l\u00e9vision, on p\u00eache par arrogance. On ne se rend plus compte du monde dans lequel on vit. Le Grand Journal doit \u00eatre l\u2019\u00e9cho de ce que vivent les gens au quotidien<\/em>\u00ab\u00a0. Antoine, je suis <em>ready<\/em>, <em>surprise me<\/em>.<\/p>\n<p>Voil\u00e0, c&rsquo;est tout. Joyeux lundi, bon courage pour ceux qui, comme moi, reprennent le chemin du travail ce matin, et bonnes vacances pour les veinards qui y go\u00fbtent encore !<\/p>\n","protected":false},"excerpt":{"rendered":"<p>Oui, si, voil\u00e0 : les vacances sont termin\u00e9es. Je pourrais vous raconter comment j&rsquo;ai d\u00e9prim\u00e9, hier, alors que la pluie martelait impitoyablement les carreaux, ruinant toute velleit\u00e9 que j&rsquo;avais de reprendre la course (on ne rit pas !) ou comment je me prends \u00e0 r\u00eaver de faire le boulot buissonnier aujourd&rsquo;hui, CHICHE ! (&#8230;), ou [&hellip;]<\/p>\n","protected":false},"author":2,"featured_media":20775,"comment_status":"open","ping_status":"open","sticky":false,"template":"","format":"standard","meta":{"_acf_changed":false,"footnotes":""},"categories":[8],"tags":[5800,5802,5801,5803,47,5805,5630,944,945,5804],"class_list":["post-20579","post","type-post","status-publish","format-standard","has-post-thumbnail","hentry","category-chroniques-de-paris","tag-carnets-petit-pan","tag-chefs-doeuvres-litteraires","tag-clementine-melois","tag-couvertures-livres-detournees","tag-deedeecast","tag-grand-journal-antoine-de-caunes","tag-petit-pan","tag-thomas-clement","tag-tomcasts","tag-urban-outfitters-en-france"],"acf":[],"geo":null,"_links":{"self":[{"href":"https:\/\/www.deedeeparis.com\/blog\/wp-json\/wp\/v2\/posts\/20579","targetHints":{"allow":["GET"]}}],"collection":[{"href":"https:\/\/www.deedeeparis.com\/blog\/wp-json\/wp\/v2\/posts"}],"about":[{"href":"https:\/\/www.deedeeparis.com\/blog\/wp-json\/wp\/v2\/types\/post"}],"author":[{"embeddable":true,"href":"https:\/\/www.deedeeparis.com\/blog\/wp-json\/wp\/v2\/users\/2"}],"replies":[{"embeddable":true,"href":"https:\/\/www.deedeeparis.com\/blog\/wp-json\/wp\/v2\/comments?post=20579"}],"version-history":[{"count":5,"href":"https:\/\/www.deedeeparis.com\/blog\/wp-json\/wp\/v2\/posts\/20579\/revisions"}],"predecessor-version":[{"id":20778,"href":"https:\/\/www.deedeeparis.com\/blog\/wp-json\/wp\/v2\/posts\/20579\/revisions\/20778"}],"wp:featuredmedia":[{"embeddable":true,"href":"https:\/\/www.deedeeparis.com\/blog\/wp-json\/wp\/v2\/media\/20775"}],"wp:attachment":[{"href":"https:\/\/www.deedeeparis.com\/blog\/wp-json\/wp\/v2\/media?parent=20579"}],"wp:term":[{"taxonomy":"category","embeddable":true,"href":"https:\/\/www.deedeeparis.com\/blog\/wp-json\/wp\/v2\/categories?post=20579"},{"taxonomy":"post_tag","embeddable":true,"href":"https:\/\/www.deedeeparis.com\/blog\/wp-json\/wp\/v2\/tags?post=20579"}],"curies":[{"name":"wp","href":"https:\/\/api.w.org\/{rel}","templated":true}]}}