{"id":21489,"date":"2013-09-30T07:54:45","date_gmt":"2013-09-30T05:54:45","guid":{"rendered":"https:\/\/www.deedeeparis.com\/blog\/?p=21489"},"modified":"2014-02-16T21:09:15","modified_gmt":"2014-02-16T20:09:15","slug":"ma-week-list-51","status":"publish","type":"post","link":"https:\/\/www.deedeeparis.com\/blog\/ma-week-list-51","title":{"rendered":"Ma week list #51"},"content":{"rendered":"<p>Nouvelle semaine, nouveaux coups de coeur !\u00a0Cette semaine, j&rsquo;aime :<\/p>\n<p><strong><strong><strong><strong><strong><strong>\u2605<\/strong><\/strong><\/strong><\/strong><\/strong><strong><strong><strong><strong><strong>\u00a0<\/strong><\/strong><\/strong><\/strong><\/strong>Les transferts thermocollants de La Pi\u00e8ce\u00a0<\/strong><\/p>\n<p><a href=\"https:\/\/www.deedeeparis.com\/blog\/wp-content\/uploads\/2013\/09\/ADIEU.gif\"><img loading=\"lazy\" decoding=\"async\" class=\"alignnone size-full wp-image-21505\" alt=\"ADIEU\" src=\"https:\/\/www.deedeeparis.com\/blog\/wp-content\/uploads\/2013\/09\/ADIEU.gif\" width=\"561\" height=\"561\" \/><\/a><\/p>\n<p>Une phrase bien sentie, un fer \u00e0 repasser eh hop, \u00e0 nous le Tee ou le sweat \u00e0 message !\u00a0Je suis archi fan du concept, \u00e9videmment, et encore plus des cr\u00e9as propos\u00e9es par <a title=\"La piece\" href=\"http:\/\/lapiece-vintage.com\/\" target=\"_blank\">La Pi\u00e8ce<\/a>, en collaboration avec \u00ab\u00a0Adieu et \u00e0 demain\u00a0\u00bb par Benjamin Isidore Juveneton. Cerise sur le g\u00e2teau, le prix : 9,90 euros le transfert&#8230; qui dit mieux ?!<\/p>\n<p><strong><strong><strong><strong><strong><strong>\u2605\u00a0<\/strong><\/strong><\/strong><\/strong><\/strong>Mon <a title=\"Foulards epice\" href=\"http:\/\/www.epice.com\/fr\/boutique.html\" target=\"_blank\">foulard Epice<\/a><\/strong><\/p>\n<p><a href=\"https:\/\/www.deedeeparis.com\/blog\/wp-content\/uploads\/2013\/09\/foulard-epice.png\"><img loading=\"lazy\" decoding=\"async\" class=\"alignnone size-medium wp-image-21500\" alt=\"foulard epice\" src=\"https:\/\/www.deedeeparis.com\/blog\/wp-content\/uploads\/2013\/09\/foulard-epice-600x600.png\" width=\"600\" height=\"600\" srcset=\"https:\/\/www.deedeeparis.com\/blog\/wp-content\/uploads\/2013\/09\/foulard-epice-600x600.png 600w, https:\/\/www.deedeeparis.com\/blog\/wp-content\/uploads\/2013\/09\/foulard-epice-150x150.png 150w, https:\/\/www.deedeeparis.com\/blog\/wp-content\/uploads\/2013\/09\/foulard-epice-1024x1024.png 1024w, https:\/\/www.deedeeparis.com\/blog\/wp-content\/uploads\/2013\/09\/foulard-epice-160x160.png 160w, https:\/\/www.deedeeparis.com\/blog\/wp-content\/uploads\/2013\/09\/foulard-epice-155x155.png 155w, https:\/\/www.deedeeparis.com\/blog\/wp-content\/uploads\/2013\/09\/foulard-epice-500x500.png 500w, https:\/\/www.deedeeparis.com\/blog\/wp-content\/uploads\/2013\/09\/foulard-epice.png 1280w\" sizes=\"auto, (max-width: 600px) 100vw, 600px\" \/><\/a><\/p>\n<p>Depuis des ann\u00e9es, je suis amoureuse de cette marque de foulards danoise. Des foulards confectionn\u00e9s dans les plus belles mati\u00e8res et avec un style incroyable. Le petit dernier de ma collec, le voici&#8230; avant que je vous le montre sur un look !<\/p>\n<p><strong><strong><strong><strong><strong><strong>\u2605\u00a0<\/strong><\/strong><\/strong><\/strong><\/strong>Les bijoux cr\u00e9es par <a title=\"Shourouk swarovski\" href=\"http:\/\/www.swarovski.com\/Web_FR\/fr\/search?search_query_keyword=shourouk&amp;x=10&amp;y=10\" target=\"_blank\">Shourouk pour Swarovski<\/a><\/strong><\/p>\n<p><a href=\"https:\/\/www.deedeeparis.com\/blog\/wp-content\/uploads\/2013\/09\/Swarovski-shourouk.jpg\"><img loading=\"lazy\" decoding=\"async\" class=\"alignnone size-medium wp-image-21497\" alt=\"Swarovski-shourouk\" src=\"https:\/\/www.deedeeparis.com\/blog\/wp-content\/uploads\/2013\/09\/Swarovski-shourouk.jpg\" width=\"600\" height=\"524\" srcset=\"https:\/\/www.deedeeparis.com\/blog\/wp-content\/uploads\/2013\/09\/Swarovski-shourouk.jpg 600w, https:\/\/www.deedeeparis.com\/blog\/wp-content\/uploads\/2013\/09\/Swarovski-shourouk-500x436.jpg 500w\" sizes=\"auto, (max-width: 600px) 100vw, 600px\" \/><\/a><\/p>\n<p>Or donc, vous connaissez ma passion pour les\u00a0<a title=\"Shourouk\" href=\"https:\/\/www.deedeeparis.com\/blog\/?s=shourouk\" target=\"_blank\">bijoux Shourouk<\/a>. Quelle ne fut donc pas ma tr\u00e8s grande joie d&rsquo;apprendre que Shourouk avait cr\u00e9e une dizaine de pi\u00e8ces pour &#8211; et avec &#8211;\u00a0Swarovski\u00a0: colliers, bracelets, bagues, boucles d&rsquo;oreille et m\u00eame, une broche, ce sont 14 p\u00e9pites en tout qui ont \u00e9t\u00e9 r\u00e9alis\u00e9es. Le tout est propos\u00e9 \u00e0 partir de 99 euros. Une collection qui envoie de la paillette, WANT !<\/p>\n<p><a href=\"https:\/\/www.deedeeparis.com\/blog\/wp-content\/uploads\/2013\/09\/Swarovski-shourouk-2.jpg\"><img loading=\"lazy\" decoding=\"async\" class=\"alignnone size-medium wp-image-21498\" alt=\"Swarovski-shourouk-2\" src=\"https:\/\/www.deedeeparis.com\/blog\/wp-content\/uploads\/2013\/09\/Swarovski-shourouk-2.jpg\" width=\"600\" height=\"505\" srcset=\"https:\/\/www.deedeeparis.com\/blog\/wp-content\/uploads\/2013\/09\/Swarovski-shourouk-2.jpg 600w, https:\/\/www.deedeeparis.com\/blog\/wp-content\/uploads\/2013\/09\/Swarovski-shourouk-2-500x420.jpg 500w\" sizes=\"auto, (max-width: 600px) 100vw, 600px\" \/><\/a><\/p>\n<p><a href=\"https:\/\/www.deedeeparis.com\/blog\/wp-content\/uploads\/2013\/09\/Swarovski-shourouk-1.jpg\"><img loading=\"lazy\" decoding=\"async\" class=\"alignnone size-full wp-image-21496\" alt=\"Swarovski-shourouk-1\" src=\"https:\/\/www.deedeeparis.com\/blog\/wp-content\/uploads\/2013\/09\/Swarovski-shourouk-1.jpg\" width=\"600\" height=\"282\" srcset=\"https:\/\/www.deedeeparis.com\/blog\/wp-content\/uploads\/2013\/09\/Swarovski-shourouk-1.jpg 600w, https:\/\/www.deedeeparis.com\/blog\/wp-content\/uploads\/2013\/09\/Swarovski-shourouk-1-598x282.jpg 598w, https:\/\/www.deedeeparis.com\/blog\/wp-content\/uploads\/2013\/09\/Swarovski-shourouk-1-500x235.jpg 500w\" sizes=\"auto, (max-width: 600px) 100vw, 600px\" \/><\/a><\/p>\n<p><strong><strong><strong><strong><strong><strong>\u2605<\/strong><\/strong><\/strong><\/strong><\/strong>\u00a0\u00ab\u00a0Psycho du g\u00e2teau\u00a0\u00bb, le livre le plus dr\u00f4le de la rentr\u00e9e<\/strong><\/p>\n<p><a href=\"https:\/\/www.deedeeparis.com\/blog\/wp-content\/uploads\/2013\/09\/psycho-du-gateau1.jpg\"><img loading=\"lazy\" decoding=\"async\" class=\"alignnone size-medium wp-image-21511\" alt=\"psycho-du-gateau\" src=\"https:\/\/www.deedeeparis.com\/blog\/wp-content\/uploads\/2013\/09\/psycho-du-gateau1-600x600.jpg\" width=\"600\" height=\"600\" srcset=\"https:\/\/www.deedeeparis.com\/blog\/wp-content\/uploads\/2013\/09\/psycho-du-gateau1-600x600.jpg 600w, https:\/\/www.deedeeparis.com\/blog\/wp-content\/uploads\/2013\/09\/psycho-du-gateau1-150x150.jpg 150w, https:\/\/www.deedeeparis.com\/blog\/wp-content\/uploads\/2013\/09\/psycho-du-gateau1-160x160.jpg 160w, https:\/\/www.deedeeparis.com\/blog\/wp-content\/uploads\/2013\/09\/psycho-du-gateau1-155x155.jpg 155w, https:\/\/www.deedeeparis.com\/blog\/wp-content\/uploads\/2013\/09\/psycho-du-gateau1-500x500.jpg 500w, https:\/\/www.deedeeparis.com\/blog\/wp-content\/uploads\/2013\/09\/psycho-du-gateau1.jpg 640w\" sizes=\"auto, (max-width: 600px) 100vw, 600px\" \/><\/a><\/p>\n<p>\u00ab\u00a0<em>Dis moi quel g\u00e2teau tu aimes et je te dirai qui tu es<\/em>\u00a0\u00bb : voil\u00e0 assur\u00e9ment le livre le plus dr\u00f4le de la rentr\u00e9e ! Issu de la plume jubilatoire d&rsquo;Alice Mitterrand et richement illustr\u00e9 par les illustrations et les photomontages de Carlotta et Marion Dubier-Clark, on vient y lire quel est notre profil en fonction de la p\u00e2tisserie que l&rsquo;on pr\u00e9f\u00e8re. Si on prend le flan, au hasard, voil\u00e0 ce que l&rsquo;on peut lire :<\/p>\n<p>\u00ab\u00a0<em>Nooon ! Tu plaisantes ?! Le flan\u00a0p\u00e2tissier\u00a0est vraiment ton g\u00e2teau pr\u00e9f\u00e9r\u00e9 ? Impossible. Tu veux dire que si tu entrais dans une p\u00e2tisserie regorgeant de tous les plus merveilleux desserts au monde, les plus color\u00e9s, les plus fruit\u00e9s, les plus ornement\u00e9s, toi, tu choisirais&#8230; le flan ?! (&#8230;) Si tu adules ce g\u00e2teau insipide, informe et insignifiant, c&rsquo;est que tu as une tr\u00e8s forte personnalit\u00e9. Tu es m\u00eame hyper charismatique ! En effet, il faut \u00eatre sacr\u00e9ment ind\u00e9pendant d&rsquo;esprit et iconoclaste pour oser revendiquer un go\u00fbt aussi d\u00e9nu\u00e9 de raffinement et de subtilit\u00e9. Tu n&rsquo;es rien \u00e0 prouver \u00e0 la soci\u00e9t\u00e9, tu es un \u00eatre libre ! (&#8230;) Toi, tu assumes ton choix (&#8230;). Ah, quel temp\u00e9rament ! Tu m&rsquo;en mets plein la vue, flanchement&#8230;<\/em>\u00a0\u00bb<\/p>\n<p>Ce sont en tout une trentaines de p\u00e2tisseries qui sont pass\u00e9es au crible. Je serais presque tent\u00e9e de dire \u00ab\u00a0Delicious\u00a0\u00bb, si vous voyez ce que je veux dire&#8230; !<\/p>\n<p><strong><strong><strong><strong><strong><strong>\u2605 La b<\/strong><\/strong><\/strong><\/strong><\/strong>ande son pour accompagner ces br\u00e8ves :\u00a0<em>Changing of the Seasons<\/em>, le nouveau clip de Two Doors Cinema Club\u00a0<\/strong><\/p>\n<p><iframe loading=\"lazy\" src=\"\/\/www.youtube.com\/embed\/ovnCXhogusc\" height=\"450\" width=\"600\" allowfullscreen=\"\" frameborder=\"0\"><\/iframe><\/p>\n<p>Pour accompagner la sortie du nouvel EP du groupe, ce clip qu&rsquo;il est bien et qu&rsquo;il met la p\u00eache en ce lundi matin !<\/p>\n<p>Joyeux lundi (oh oui).<\/p>\n","protected":false},"excerpt":{"rendered":"<p>Nouvelle semaine, nouveaux coups de coeur !\u00a0Cette semaine, j&rsquo;aime : \u2605\u00a0Les transferts thermocollants de La Pi\u00e8ce\u00a0 Une phrase bien sentie, un fer \u00e0 repasser eh hop, \u00e0 nous le Tee ou le sweat \u00e0 message !\u00a0Je suis archi fan du concept, \u00e9videmment, et encore plus des cr\u00e9as propos\u00e9es par La Pi\u00e8ce, en collaboration avec \u00ab\u00a0Adieu [&hellip;]<\/p>\n","protected":false},"author":2,"featured_media":21514,"comment_status":"open","ping_status":"open","sticky":false,"template":"","format":"standard","meta":{"_acf_changed":false,"footnotes":""},"categories":[8],"tags":[3012,3732,6332,6073,5904,1566,5903,5902],"class_list":["post-21489","post","type-post","status-publish","format-standard","has-post-thumbnail","hentry","category-chroniques-de-paris","tag-bijoux-shourouk","tag-foulards-epice","tag-la-piece","tag-la-piece-x-adieu-et-a-demain","tag-psycho-du-gateau","tag-shourouk","tag-shourouk-petit-prix","tag-shourouk-swarovski"],"acf":[],"geo":null,"_links":{"self":[{"href":"https:\/\/www.deedeeparis.com\/blog\/wp-json\/wp\/v2\/posts\/21489","targetHints":{"allow":["GET"]}}],"collection":[{"href":"https:\/\/www.deedeeparis.com\/blog\/wp-json\/wp\/v2\/posts"}],"about":[{"href":"https:\/\/www.deedeeparis.com\/blog\/wp-json\/wp\/v2\/types\/post"}],"author":[{"embeddable":true,"href":"https:\/\/www.deedeeparis.com\/blog\/wp-json\/wp\/v2\/users\/2"}],"replies":[{"embeddable":true,"href":"https:\/\/www.deedeeparis.com\/blog\/wp-json\/wp\/v2\/comments?post=21489"}],"version-history":[{"count":5,"href":"https:\/\/www.deedeeparis.com\/blog\/wp-json\/wp\/v2\/posts\/21489\/revisions"}],"predecessor-version":[{"id":21495,"href":"https:\/\/www.deedeeparis.com\/blog\/wp-json\/wp\/v2\/posts\/21489\/revisions\/21495"}],"wp:featuredmedia":[{"embeddable":true,"href":"https:\/\/www.deedeeparis.com\/blog\/wp-json\/wp\/v2\/media\/21514"}],"wp:attachment":[{"href":"https:\/\/www.deedeeparis.com\/blog\/wp-json\/wp\/v2\/media?parent=21489"}],"wp:term":[{"taxonomy":"category","embeddable":true,"href":"https:\/\/www.deedeeparis.com\/blog\/wp-json\/wp\/v2\/categories?post=21489"},{"taxonomy":"post_tag","embeddable":true,"href":"https:\/\/www.deedeeparis.com\/blog\/wp-json\/wp\/v2\/tags?post=21489"}],"curies":[{"name":"wp","href":"https:\/\/api.w.org\/{rel}","templated":true}]}}