{"id":21647,"date":"2013-10-14T07:07:57","date_gmt":"2013-10-14T05:07:57","guid":{"rendered":"https:\/\/www.deedeeparis.com\/blog\/?p=21647"},"modified":"2013-10-13T21:14:49","modified_gmt":"2013-10-13T19:14:49","slug":"ma-week-list-53","status":"publish","type":"post","link":"https:\/\/www.deedeeparis.com\/blog\/ma-week-list-53","title":{"rendered":"Ma week list #53"},"content":{"rendered":"<p>Nouvelle semaine&#8230; Nouveaux coups de coeur ! Cette semaine, j&rsquo;aime :<\/p>\n<p><strong><strong><strong><strong><strong><strong><strong><strong>\u2605<\/strong><\/strong><\/strong><\/strong><\/strong><\/strong><\/strong><strong>\u00a0<\/strong>L&rsquo;oeil du Pigeon\u00a0<\/strong><\/p>\n<p><a href=\"https:\/\/www.deedeeparis.com\/blog\/wp-content\/uploads\/2013\/10\/acc1.jpg\"><img loading=\"lazy\" decoding=\"async\" class=\"alignnone size-medium wp-image-21661\" alt=\"acc1\" src=\"https:\/\/www.deedeeparis.com\/blog\/wp-content\/uploads\/2013\/10\/acc1-600x174.jpg\" width=\"600\" height=\"174\" srcset=\"https:\/\/www.deedeeparis.com\/blog\/wp-content\/uploads\/2013\/10\/acc1-600x174.jpg 600w, https:\/\/www.deedeeparis.com\/blog\/wp-content\/uploads\/2013\/10\/acc1-1024x297.jpg 1024w, https:\/\/www.deedeeparis.com\/blog\/wp-content\/uploads\/2013\/10\/acc1-500x145.jpg 500w, https:\/\/www.deedeeparis.com\/blog\/wp-content\/uploads\/2013\/10\/acc1.jpg 1250w\" sizes=\"auto, (max-width: 600px) 100vw, 600px\" \/><\/a><\/p>\n<p>Un arrondissement, un quartier, une esquisse&#8230; Je suis ARCHI FAN de ces balades de croquis, intitul\u00e9es \u00ab\u00a0<a title=\"L'oeil du pigeon\" href=\"http:\/\/www.loeildupigeon.com\/\" target=\"_blank\">L&rsquo;oeil du Pigeon<\/a>\u00a0\u00bb croqu\u00e9es par Patrice Rambaud. Id\u00e9al pour s&rsquo;aventurer dans une rue que l&rsquo;on connait moins bien et pour d\u00e9couvrir Paris sous un autre jour !<\/p>\n<p>Pour le moment, 5 arrondissements sont disponibles. Retrouvez toutes les infos de ces carnets \u00e0 croquer sur\u00a0<a title=\"l'oeil du pigeon\" href=\"http:\/\/www.loeildupigeon.com\/\" target=\"_blank\">www.loeildupigeon.com<\/a><\/p>\n<p><a href=\"https:\/\/www.deedeeparis.com\/blog\/wp-content\/uploads\/2013\/10\/10b.jpg\"><img loading=\"lazy\" decoding=\"async\" class=\"alignnone size-medium wp-image-21662\" alt=\"10b\" src=\"https:\/\/www.deedeeparis.com\/blog\/wp-content\/uploads\/2013\/10\/10b.jpg\" width=\"600\" height=\"424\" srcset=\"https:\/\/www.deedeeparis.com\/blog\/wp-content\/uploads\/2013\/10\/10b.jpg 600w, https:\/\/www.deedeeparis.com\/blog\/wp-content\/uploads\/2013\/10\/10b-500x353.jpg 500w\" sizes=\"auto, (max-width: 600px) 100vw, 600px\" \/><\/a> <a href=\"https:\/\/www.deedeeparis.com\/blog\/wp-content\/uploads\/2013\/10\/11a.jpg\"><img loading=\"lazy\" decoding=\"async\" class=\"alignnone size-medium wp-image-21663\" alt=\"11a\" src=\"https:\/\/www.deedeeparis.com\/blog\/wp-content\/uploads\/2013\/10\/11a.jpg\" width=\"600\" height=\"424\" srcset=\"https:\/\/www.deedeeparis.com\/blog\/wp-content\/uploads\/2013\/10\/11a.jpg 600w, https:\/\/www.deedeeparis.com\/blog\/wp-content\/uploads\/2013\/10\/11a-500x353.jpg 500w\" sizes=\"auto, (max-width: 600px) 100vw, 600px\" \/><\/a> <a href=\"https:\/\/www.deedeeparis.com\/blog\/wp-content\/uploads\/2013\/10\/19d.jpg\"><img loading=\"lazy\" decoding=\"async\" class=\"alignnone size-medium wp-image-21664\" alt=\"19d\" src=\"https:\/\/www.deedeeparis.com\/blog\/wp-content\/uploads\/2013\/10\/19d.jpg\" width=\"600\" height=\"424\" srcset=\"https:\/\/www.deedeeparis.com\/blog\/wp-content\/uploads\/2013\/10\/19d.jpg 600w, https:\/\/www.deedeeparis.com\/blog\/wp-content\/uploads\/2013\/10\/19d-500x353.jpg 500w\" sizes=\"auto, (max-width: 600px) 100vw, 600px\" \/><\/a> <a href=\"https:\/\/www.deedeeparis.com\/blog\/wp-content\/uploads\/2013\/10\/19b.jpg\"><img loading=\"lazy\" decoding=\"async\" class=\"alignnone size-medium wp-image-21665\" alt=\"19b\" src=\"https:\/\/www.deedeeparis.com\/blog\/wp-content\/uploads\/2013\/10\/19b.jpg\" width=\"600\" height=\"424\" srcset=\"https:\/\/www.deedeeparis.com\/blog\/wp-content\/uploads\/2013\/10\/19b.jpg 600w, https:\/\/www.deedeeparis.com\/blog\/wp-content\/uploads\/2013\/10\/19b-500x353.jpg 500w\" sizes=\"auto, (max-width: 600px) 100vw, 600px\" \/><\/a>\u00a0\u00a0<a href=\"https:\/\/www.deedeeparis.com\/blog\/wp-content\/uploads\/2013\/10\/20c.jpg\"><img loading=\"lazy\" decoding=\"async\" class=\"alignnone size-medium wp-image-21667\" alt=\"20c\" src=\"https:\/\/www.deedeeparis.com\/blog\/wp-content\/uploads\/2013\/10\/20c.jpg\" width=\"600\" height=\"424\" srcset=\"https:\/\/www.deedeeparis.com\/blog\/wp-content\/uploads\/2013\/10\/20c.jpg 600w, https:\/\/www.deedeeparis.com\/blog\/wp-content\/uploads\/2013\/10\/20c-500x353.jpg 500w\" sizes=\"auto, (max-width: 600px) 100vw, 600px\" \/><\/a><\/p>\n<p><strong><strong><strong><strong><strong><strong><strong><strong>\u2605<\/strong><\/strong><\/strong><\/strong><\/strong><\/strong><\/strong><strong>\u00a0<\/strong>La collection Gat Rimon pour Monoprix<\/strong><\/p>\n<p><a href=\"https:\/\/www.deedeeparis.com\/blog\/wp-content\/uploads\/2013\/10\/Foulard-en-soie-imprim\u00e9-graphique-noir-gris-bleu_45_.jpg\"><img loading=\"lazy\" decoding=\"async\" class=\"alignnone size-medium wp-image-21658\" alt=\"esa le bourget 22 06 2013\" src=\"https:\/\/www.deedeeparis.com\/blog\/wp-content\/uploads\/2013\/10\/Foulard-en-soie-imprim\u00e9-graphique-noir-gris-bleu_45_-600x929.jpg\" width=\"600\" height=\"929\" srcset=\"https:\/\/www.deedeeparis.com\/blog\/wp-content\/uploads\/2013\/10\/Foulard-en-soie-imprim\u00e9-graphique-noir-gris-bleu_45_-600x929.jpg 600w, https:\/\/www.deedeeparis.com\/blog\/wp-content\/uploads\/2013\/10\/Foulard-en-soie-imprim\u00e9-graphique-noir-gris-bleu_45_-500x774.jpg 500w, https:\/\/www.deedeeparis.com\/blog\/wp-content\/uploads\/2013\/10\/Foulard-en-soie-imprim\u00e9-graphique-noir-gris-bleu_45_.jpg 1291w\" sizes=\"auto, (max-width: 600px) 100vw, 600px\" \/><\/a><\/p>\n<p>Bon, pas tout. Mais au moins le foulard en soie, 45 euros, et ce manteau, l\u00e0, \u00e0 130 euros. Le reste me laisse un peu plus perplexe. Rendez-vous d\u00e8s mercredi pour les trouver chez Monoprix !<\/p>\n<p><a href=\"https:\/\/www.deedeeparis.com\/blog\/wp-content\/uploads\/2013\/10\/GAT-RIMON-POUR-MONORPIX-Manteau-en-laine-et-polyester-imprim\u00e9-l\u00e9opard-d\u00e9grad\u00e9-gris-et-noir_130-.jpg\"><img loading=\"lazy\" decoding=\"async\" class=\"alignnone size-medium wp-image-21659\" alt=\"esa le bourget 22 06 2013\" src=\"https:\/\/www.deedeeparis.com\/blog\/wp-content\/uploads\/2013\/10\/GAT-RIMON-POUR-MONORPIX-Manteau-en-laine-et-polyester-imprim\u00e9-l\u00e9opard-d\u00e9grad\u00e9-gris-et-noir_130--600x677.jpg\" width=\"600\" height=\"677\" srcset=\"https:\/\/www.deedeeparis.com\/blog\/wp-content\/uploads\/2013\/10\/GAT-RIMON-POUR-MONORPIX-Manteau-en-laine-et-polyester-imprim\u00e9-l\u00e9opard-d\u00e9grad\u00e9-gris-et-noir_130--600x677.jpg 600w, https:\/\/www.deedeeparis.com\/blog\/wp-content\/uploads\/2013\/10\/GAT-RIMON-POUR-MONORPIX-Manteau-en-laine-et-polyester-imprim\u00e9-l\u00e9opard-d\u00e9grad\u00e9-gris-et-noir_130--906x1024.jpg 906w, https:\/\/www.deedeeparis.com\/blog\/wp-content\/uploads\/2013\/10\/GAT-RIMON-POUR-MONORPIX-Manteau-en-laine-et-polyester-imprim\u00e9-l\u00e9opard-d\u00e9grad\u00e9-gris-et-noir_130--500x564.jpg 500w, https:\/\/www.deedeeparis.com\/blog\/wp-content\/uploads\/2013\/10\/GAT-RIMON-POUR-MONORPIX-Manteau-en-laine-et-polyester-imprim\u00e9-l\u00e9opard-d\u00e9grad\u00e9-gris-et-noir_130-.jpg 1770w\" sizes=\"auto, (max-width: 600px) 100vw, 600px\" \/><\/a><\/p>\n<p><strong><strong><strong><strong><strong><strong><strong><strong>\u2605<\/strong><\/strong><\/strong><\/strong><\/strong><\/strong><\/strong><strong>\u00a0<\/strong>\u00ab\u00a0Notre Toyota \u00e9tait fantastique\u00a0\u00bb<\/strong><\/p>\n<p><a href=\"https:\/\/www.deedeeparis.com\/blog\/wp-content\/uploads\/2013\/10\/ToyoGIF01.gif\"><img loading=\"lazy\" decoding=\"async\" class=\"alignnone size-medium wp-image-21671\" alt=\"ToyoGIF01\" src=\"https:\/\/www.deedeeparis.com\/blog\/wp-content\/uploads\/2013\/10\/ToyoGIF01-600x294.gif\" width=\"600\" height=\"294\" srcset=\"https:\/\/www.deedeeparis.com\/blog\/wp-content\/uploads\/2013\/10\/ToyoGIF01-600x294.gif 600w, https:\/\/www.deedeeparis.com\/blog\/wp-content\/uploads\/2013\/10\/ToyoGIF01-500x245.gif 500w\" sizes=\"auto, (max-width: 600px) 100vw, 600px\" \/><\/a><\/p>\n<p>C&rsquo;est sur ces mots que commence cette planche de <a title=\"Boulet Corp\" href=\"http:\/\/www.bouletcorp.com\/blog\/2013\/10\/08\/notre-toyota-etait-fantastique\/\">Boulet Corp<\/a>.<\/p>\n<p>Elle a d\u00e9j\u00e0 pas mal tourn\u00e9 sur les internets, mais au cas o\u00f9 vous ne l&rsquo;auriez pas encore vue, foncez, c&rsquo;est beau. Et tr\u00e8s \u00e9mouvant, aussi. M\u00eame quand on avait une Opel Omega en vu et su de la Toyota^^<\/p>\n<p><strong><strong><strong><strong><strong><strong><strong><strong>\u2605<\/strong><\/strong><\/strong><\/strong><\/strong><\/strong><\/strong><strong>\u00a0<\/strong>La typologie des barbus de Paris<\/strong><\/p>\n<p><a href=\"https:\/\/www.deedeeparis.com\/blog\/wp-content\/uploads\/2013\/10\/d8a7325574eb41a037bb4ac86a678b4d.jpg\"><img loading=\"lazy\" decoding=\"async\" class=\"alignnone size-medium wp-image-21675\" alt=\"d8a7325574eb41a037bb4ac86a678b4d\" src=\"https:\/\/www.deedeeparis.com\/blog\/wp-content\/uploads\/2013\/10\/d8a7325574eb41a037bb4ac86a678b4d-600x848.jpg\" width=\"600\" height=\"848\" srcset=\"https:\/\/www.deedeeparis.com\/blog\/wp-content\/uploads\/2013\/10\/d8a7325574eb41a037bb4ac86a678b4d-600x848.jpg 600w, https:\/\/www.deedeeparis.com\/blog\/wp-content\/uploads\/2013\/10\/d8a7325574eb41a037bb4ac86a678b4d-500x707.jpg 500w, https:\/\/www.deedeeparis.com\/blog\/wp-content\/uploads\/2013\/10\/d8a7325574eb41a037bb4ac86a678b4d.jpg 724w\" sizes=\"auto, (max-width: 600px) 100vw, 600px\" \/><\/a><\/p>\n<p>Parce que bien s\u00fbr, la barbe, c&rsquo;est trop de la hype&#8230; Mais pas que, lisez cette excellente <a title=\"Typologie de la barbe \u00e0 Paris\" href=\"http:\/\/www.lefigaro.fr\/sortir-paris\/2013\/10\/08\/30004-20131008ARTFIG00450-les-barbus-de-paris.php\" target=\"_blank\">typologie de la barbe \u00e0 Paris<\/a> paru dans le Figaro.<\/p>\n<p style=\"text-align: left;\"><strong><strong><strong><strong><strong><strong><strong><strong>\u2605<\/strong><\/strong><\/strong><\/strong><\/strong><\/strong><\/strong><strong>\u00a0<\/strong>Ce <a title=\"Tuto pompon\" href=\"http:\/\/vividplease.blogspot.fr\/2012\/01\/diy-how-to-make-tiny-pom-poms-with-fork.html\" target=\"_blank\">tuto<\/a> rudement malin pour fabriquer des mini pompons<\/strong><\/p>\n<p><a href=\"https:\/\/www.deedeeparis.com\/blog\/wp-content\/uploads\/2013\/10\/tuto-pompon.jpg\"><img loading=\"lazy\" decoding=\"async\" class=\"alignnone size-medium wp-image-21681\" alt=\"tuto-pompon\" src=\"https:\/\/www.deedeeparis.com\/blog\/wp-content\/uploads\/2013\/10\/tuto-pompon-600x1381.jpg\" width=\"600\" height=\"1381\" srcset=\"https:\/\/www.deedeeparis.com\/blog\/wp-content\/uploads\/2013\/10\/tuto-pompon-600x1381.jpg 600w, https:\/\/www.deedeeparis.com\/blog\/wp-content\/uploads\/2013\/10\/tuto-pompon-500x1151.jpg 500w, https:\/\/www.deedeeparis.com\/blog\/wp-content\/uploads\/2013\/10\/tuto-pompon.jpg 695w\" sizes=\"auto, (max-width: 600px) 100vw, 600px\" \/><\/a><\/p>\n<p>Chiche ?<\/p>\n<p><strong><strong><strong><strong><strong><strong><strong><strong>\u2605<\/strong><\/strong><\/strong><\/strong><\/strong><\/strong><\/strong><strong>\u00a0<\/strong>Les deux ans de <a title=\"Minimall\" href=\"http:\/\/www.minimall.fr\/\" target=\"_blank\">Minimall\u00a0<\/a><\/strong><\/p>\n<p><a href=\"https:\/\/www.deedeeparis.com\/blog\/wp-content\/uploads\/2013\/10\/Capture-d\u2019\u00e9cran-2013-10-13-\u00e0-21.11.10.png\"><img loading=\"lazy\" decoding=\"async\" class=\"alignnone size-medium wp-image-21683\" alt=\"Capture d\u2019\u00e9cran 2013-10-13 \u00e0 21.11.10\" src=\"https:\/\/www.deedeeparis.com\/blog\/wp-content\/uploads\/2013\/10\/Capture-d\u2019\u00e9cran-2013-10-13-\u00e0-21.11.10-600x356.png\" width=\"600\" height=\"356\" srcset=\"https:\/\/www.deedeeparis.com\/blog\/wp-content\/uploads\/2013\/10\/Capture-d\u2019\u00e9cran-2013-10-13-\u00e0-21.11.10-600x356.png 600w, https:\/\/www.deedeeparis.com\/blog\/wp-content\/uploads\/2013\/10\/Capture-d\u2019\u00e9cran-2013-10-13-\u00e0-21.11.10-1024x608.png 1024w, https:\/\/www.deedeeparis.com\/blog\/wp-content\/uploads\/2013\/10\/Capture-d\u2019\u00e9cran-2013-10-13-\u00e0-21.11.10-500x297.png 500w, https:\/\/www.deedeeparis.com\/blog\/wp-content\/uploads\/2013\/10\/Capture-d\u2019\u00e9cran-2013-10-13-\u00e0-21.11.10.png 1038w\" sizes=\"auto, (max-width: 600px) 100vw, 600px\" \/><\/a><\/p>\n<p>On souhaite un joyeux anniversaire \u00e0 Minimall qui f\u00eate ses deux ans ! Un \u00a0site qu&rsquo;il est vraiment bien et sur lequel vous pourrez d\u00e9nicher tout plein de petites choses tout \u00e0 fait app\u00e9tissantes&#8230; Si vous craquez, Minimall vous offre 20% de r\u00e9duction avec le code DEUXANS. Enjoy^^<\/p>\n<p><strong><strong><strong><strong><strong><strong><strong><strong>\u2605<\/strong><\/strong><\/strong><\/strong><\/strong><\/strong><\/strong><strong>\u00a0<\/strong>Les post-it pour smartphone<\/strong><\/p>\n<p><a href=\"https:\/\/www.deedeeparis.com\/blog\/wp-content\/uploads\/2013\/10\/paperback-desk.jpg\"><img loading=\"lazy\" decoding=\"async\" class=\"alignnone size-medium wp-image-21686\" alt=\"paperback-desk\" src=\"https:\/\/www.deedeeparis.com\/blog\/wp-content\/uploads\/2013\/10\/paperback-desk-600x450.jpg\" width=\"600\" height=\"450\" srcset=\"https:\/\/www.deedeeparis.com\/blog\/wp-content\/uploads\/2013\/10\/paperback-desk-600x450.jpg 600w, https:\/\/www.deedeeparis.com\/blog\/wp-content\/uploads\/2013\/10\/paperback-desk-500x375.jpg 500w, https:\/\/www.deedeeparis.com\/blog\/wp-content\/uploads\/2013\/10\/paperback-desk.jpg 690w\" sizes=\"auto, (max-width: 600px) 100vw, 600px\" \/><\/a><\/p>\n<p>Oui, je sais : on peut noter ses listes dans tout un tas d&rsquo;applis pr\u00e9vues \u00e0 cet effet, \u00e0 commencer par Notes sur l&rsquo;iPhone. Sauf que : si j&rsquo;ai laiss\u00e9 tomber l&rsquo;agenda papier depuis quelques mois maintenant, je n&rsquo;arrive pas encore \u00e0 me passer de ces petites notes que je griffonne \u00e7a et l\u00e0.\u00a0Rudement pratique, du coup, le bloc de post-it greff\u00e9 \u00e0 l&rsquo;iPhone&#8230; ! A shopper sur le site de <a title=\"La d\u00e9nicheuse\" href=\"http:\/\/www.denicheuse.com\/francais\/paperback.html\" target=\"_blank\">La D\u00e9nicheuse<\/a>. Merci <a title=\"Be Snob\" href=\"http:\/\/www.besnob.fr\/\" target=\"_blank\">Be Snob<\/a> pour l&rsquo;info.<\/p>\n<p><a href=\"https:\/\/www.deedeeparis.com\/blog\/wp-content\/uploads\/2013\/10\/paperback-package.jpg\"><img loading=\"lazy\" decoding=\"async\" alt=\"paperback-package\" src=\"https:\/\/www.deedeeparis.com\/blog\/wp-content\/uploads\/2013\/10\/paperback-package-600x592.jpg\" width=\"600\" height=\"592\" \/><\/a><\/p>\n<p>Joyeux lundi !<\/p>\n","protected":false},"excerpt":{"rendered":"<p>Nouvelle semaine&#8230; Nouveaux coups de coeur ! Cette semaine, j&rsquo;aime : \u2605\u00a0L&rsquo;oeil du Pigeon\u00a0 Un arrondissement, un quartier, une esquisse&#8230; Je suis ARCHI FAN de ces balades de croquis, intitul\u00e9es \u00ab\u00a0L&rsquo;oeil du Pigeon\u00a0\u00bb croqu\u00e9es par Patrice Rambaud. Id\u00e9al pour s&rsquo;aventurer dans une rue que l&rsquo;on connait moins bien et pour d\u00e9couvrir Paris sous un autre [&hellip;]<\/p>\n","protected":false},"author":2,"featured_media":21662,"comment_status":"open","ping_status":"open","sticky":false,"template":"","format":"standard","meta":{"_acf_changed":false,"footnotes":""},"categories":[8],"tags":[5946,5943,2953,5941,5944,5945,5942],"class_list":["post-21647","post","type-post","status-publish","format-standard","has-post-thumbnail","hentry","category-chroniques-de-paris","tag-comment-faire-un-pompon","tag-diy-lampe-origami","tag-guide-paris","tag-loeil-du-pigeon","tag-paperback-post-it-iphone","tag-tuto-pompon","tag-typologie-de-la-barbe-a-paris"],"acf":[],"geo":null,"_links":{"self":[{"href":"https:\/\/www.deedeeparis.com\/blog\/wp-json\/wp\/v2\/posts\/21647","targetHints":{"allow":["GET"]}}],"collection":[{"href":"https:\/\/www.deedeeparis.com\/blog\/wp-json\/wp\/v2\/posts"}],"about":[{"href":"https:\/\/www.deedeeparis.com\/blog\/wp-json\/wp\/v2\/types\/post"}],"author":[{"embeddable":true,"href":"https:\/\/www.deedeeparis.com\/blog\/wp-json\/wp\/v2\/users\/2"}],"replies":[{"embeddable":true,"href":"https:\/\/www.deedeeparis.com\/blog\/wp-json\/wp\/v2\/comments?post=21647"}],"version-history":[{"count":5,"href":"https:\/\/www.deedeeparis.com\/blog\/wp-json\/wp\/v2\/posts\/21647\/revisions"}],"predecessor-version":[{"id":21670,"href":"https:\/\/www.deedeeparis.com\/blog\/wp-json\/wp\/v2\/posts\/21647\/revisions\/21670"}],"wp:featuredmedia":[{"embeddable":true,"href":"https:\/\/www.deedeeparis.com\/blog\/wp-json\/wp\/v2\/media\/21662"}],"wp:attachment":[{"href":"https:\/\/www.deedeeparis.com\/blog\/wp-json\/wp\/v2\/media?parent=21647"}],"wp:term":[{"taxonomy":"category","embeddable":true,"href":"https:\/\/www.deedeeparis.com\/blog\/wp-json\/wp\/v2\/categories?post=21647"},{"taxonomy":"post_tag","embeddable":true,"href":"https:\/\/www.deedeeparis.com\/blog\/wp-json\/wp\/v2\/tags?post=21647"}],"curies":[{"name":"wp","href":"https:\/\/api.w.org\/{rel}","templated":true}]}}