{"id":22008,"date":"2013-11-11T07:59:59","date_gmt":"2013-11-11T06:59:59","guid":{"rendered":"https:\/\/www.deedeeparis.com\/blog\/?p=22008"},"modified":"2013-12-22T18:38:45","modified_gmt":"2013-12-22T17:38:45","slug":"ma-week-list-57","status":"publish","type":"post","link":"https:\/\/www.deedeeparis.com\/blog\/ma-week-list-57","title":{"rendered":"Ma week list #57"},"content":{"rendered":"<p>\u00c7a n&rsquo;est pas parce que je suis dans l&rsquo;avion du retour (enfin je l&rsquo;esp\u00e8re !), ni parce que ce lundi est ch\u00f4m\u00e9 que vous serez priv\u00e9s de liens, ah \u00e7a non \u00a0! Nouvelle semaine, donc, nouveaux coups de coeur. Cette semaine, j&rsquo;aime&#8230;<\/p>\n<p><strong><strong>\u2605\u00a0<\/strong>La premi\u00e8re collection \u00ab\u00a0maison\u00a0\u00bb d&rsquo;Adeline Affre<\/strong><\/p>\n<p><a href=\"https:\/\/www.deedeeparis.com\/blog\/wp-content\/uploads\/2013\/11\/IMG_5625_-.jpg\"><img loading=\"lazy\" decoding=\"async\" alt=\"IMG_5625_-\" src=\"https:\/\/www.deedeeparis.com\/blog\/wp-content\/uploads\/2013\/11\/IMG_5625_-.jpg\" width=\"600\" height=\"917\" \/><\/a><\/p>\n<p>Coussins et plaids r\u00e9alis\u00e9s dans de forts jolis tissus : gros coup de coeur pour cette premi\u00e8re collection maison que lance la cr\u00e9atrice de bijoux, Adeline Affre. A shopper directement sur <a title=\"Adeline Affre\" href=\"http:\/\/adelineaffreshop.bigcartel.com\/\" target=\"_blank\">son site<\/a>.<\/p>\n<p><a href=\"https:\/\/www.deedeeparis.com\/blog\/wp-content\/uploads\/2013\/11\/IMG_5819_-.jpg\"><img loading=\"lazy\" decoding=\"async\" alt=\"IMG_5819_-\" src=\"https:\/\/www.deedeeparis.com\/blog\/wp-content\/uploads\/2013\/11\/IMG_5819_-.jpg\" width=\"600\" height=\"600\" \/><\/a><\/p>\n<p><a href=\"https:\/\/www.deedeeparis.com\/blog\/wp-content\/uploads\/2013\/11\/IMG_5633_-.jpg\"><img loading=\"lazy\" decoding=\"async\" class=\"alignnone size-medium wp-image-22068\" alt=\"IMG_5633_-\" src=\"https:\/\/www.deedeeparis.com\/blog\/wp-content\/uploads\/2013\/11\/IMG_5633_-.jpg\" width=\"600\" height=\"891\" srcset=\"https:\/\/www.deedeeparis.com\/blog\/wp-content\/uploads\/2013\/11\/IMG_5633_-.jpg 600w, https:\/\/www.deedeeparis.com\/blog\/wp-content\/uploads\/2013\/11\/IMG_5633_--500x742.jpg 500w\" sizes=\"auto, (max-width: 600px) 100vw, 600px\" \/><\/a><\/p>\n<p><a href=\"https:\/\/www.deedeeparis.com\/blog\/wp-content\/uploads\/2013\/11\/IMG_5572-.jpg\"><img loading=\"lazy\" decoding=\"async\" class=\"alignnone size-medium wp-image-22069\" alt=\"IMG_5572-\" src=\"https:\/\/www.deedeeparis.com\/blog\/wp-content\/uploads\/2013\/11\/IMG_5572--600x600.jpg\" width=\"600\" height=\"600\" srcset=\"https:\/\/www.deedeeparis.com\/blog\/wp-content\/uploads\/2013\/11\/IMG_5572--600x600.jpg 600w, https:\/\/www.deedeeparis.com\/blog\/wp-content\/uploads\/2013\/11\/IMG_5572--150x150.jpg 150w, https:\/\/www.deedeeparis.com\/blog\/wp-content\/uploads\/2013\/11\/IMG_5572--160x160.jpg 160w, https:\/\/www.deedeeparis.com\/blog\/wp-content\/uploads\/2013\/11\/IMG_5572--155x155.jpg 155w, https:\/\/www.deedeeparis.com\/blog\/wp-content\/uploads\/2013\/11\/IMG_5572--500x500.jpg 500w, https:\/\/www.deedeeparis.com\/blog\/wp-content\/uploads\/2013\/11\/IMG_5572-.jpg 1000w\" sizes=\"auto, (max-width: 600px) 100vw, 600px\" \/><\/a><\/p>\n<p><a href=\"https:\/\/www.deedeeparis.com\/blog\/wp-content\/uploads\/2013\/11\/IMG_5569-.jpg\"><img loading=\"lazy\" decoding=\"async\" class=\"alignnone size-medium wp-image-22070\" alt=\"IMG_5569-\" src=\"https:\/\/www.deedeeparis.com\/blog\/wp-content\/uploads\/2013\/11\/IMG_5569--600x600.jpg\" width=\"600\" height=\"600\" srcset=\"https:\/\/www.deedeeparis.com\/blog\/wp-content\/uploads\/2013\/11\/IMG_5569--600x600.jpg 600w, https:\/\/www.deedeeparis.com\/blog\/wp-content\/uploads\/2013\/11\/IMG_5569--150x150.jpg 150w, https:\/\/www.deedeeparis.com\/blog\/wp-content\/uploads\/2013\/11\/IMG_5569--160x160.jpg 160w, https:\/\/www.deedeeparis.com\/blog\/wp-content\/uploads\/2013\/11\/IMG_5569--155x155.jpg 155w, https:\/\/www.deedeeparis.com\/blog\/wp-content\/uploads\/2013\/11\/IMG_5569--500x500.jpg 500w, https:\/\/www.deedeeparis.com\/blog\/wp-content\/uploads\/2013\/11\/IMG_5569-.jpg 1000w\" sizes=\"auto, (max-width: 600px) 100vw, 600px\" \/><\/a><\/p>\n<p>&nbsp;<\/p>\n<p><strong>\u2605\u00a0Le virage mode amorc\u00e9 par C&amp;A<\/strong><\/p>\n<p>Je vous en parlais il y a quelques semaines : <a title=\"C&amp;A\" href=\"https:\/\/www.deedeeparis.com\/blog\/ca-on-the-move\" target=\"_blank\">C&amp;A op\u00e8re un v\u00e9ritable tournant<\/a> et propose des v\u00eatements aux mati\u00e8res et aux coupes soign\u00e9es. Pour pr\u00e9senter ces nouveaut\u00e9s, la marque a ouvert un showroom g\u00e9ant en plein coeur de Beaubourg. Au programme, la pr\u00e9sentation des collections, mais aussi un atelier custo, des chemises et tee shirt \u00e0 gagner. Je m&rsquo;y suis rendue le 9 octobre dernier, voil\u00e0 un petit compte rendu en images, s&rsquo;il vous plait, de ces 10 jours d&rsquo;animation, staring <a title=\"Adenorah\" href=\"http:\/\/www.adenorah.com\/\" target=\"_blank\">Anne-Laure<\/a>\u00a0et\u00a0\u00a0<a title=\"The brunette\" href=\"http:\/\/www.thebrunette.fr\/\" target=\"_blank\">Emilie<\/a>\u00a0:<\/p>\n<p><iframe loading=\"lazy\" src=\"\/\/www.youtube.com\/embed\/UdjoeNlkxZI\" height=\"338\" width=\"600\" allowfullscreen=\"\" frameborder=\"0\"><\/iframe><\/p>\n<p>Il se murmure \u00e9galement qu&rsquo;un C&amp;A \u00e9norme devrait bient\u00f4t voir le jour en plein coeur de Paris, avec une majorit\u00e9 de pi\u00e8ces de la ligne \u00ab\u00a0Clockhouse\u00a0\u00bb, la plus tendance de la marque&#8230; Stay tuned !<\/p>\n<p>&nbsp;<\/p>\n<p><strong><strong>\u2605\u00a0<\/strong>La collection de No\u00ebl de l&rsquo;Atelier des Dames<\/strong><\/p>\n<p><a href=\"https:\/\/www.deedeeparis.com\/blog\/wp-content\/uploads\/2013\/11\/HanaleiADD4@C\u00e9line-Hamelin.jpg\"><img loading=\"lazy\" decoding=\"async\" alt=\"Hanalei&amp;ADD4@C\u00e9line Hamelin\" src=\"https:\/\/www.deedeeparis.com\/blog\/wp-content\/uploads\/2013\/11\/HanaleiADD4@C\u00e9line-Hamelin-600x400.jpg\" width=\"600\" height=\"400\" \/><\/a><\/p>\n<p><em>\u00a9Photos C\u00e9line Hamelin<\/em><\/p>\n<p>Des headbands, \u00e9videmment, mais aussi de bien jolis colliers et bracelets. A retrouver sur\u00a0<a title=\"Atelier des dames\" href=\"http:\/\/www.latelierdesdames.fr\/\" target=\"_blank\">www.latelierdesdames.fr<\/a><\/p>\n<p><a href=\"https:\/\/www.deedeeparis.com\/blog\/wp-content\/uploads\/2013\/11\/HanaleiADD3@C\u00e9line-Hamelin.jpg\"><img loading=\"lazy\" decoding=\"async\" alt=\"Hanalei&amp;ADD3@C\u00e9line Hamelin\" src=\"https:\/\/www.deedeeparis.com\/blog\/wp-content\/uploads\/2013\/11\/HanaleiADD3@C\u00e9line-Hamelin.jpg\" width=\"600\" height=\"900\" \/><\/a><\/p>\n<p><a href=\"https:\/\/www.deedeeparis.com\/blog\/wp-content\/uploads\/2013\/11\/HanaleiADD2@C\u00e9line-Hamelin.jpg\"><img loading=\"lazy\" decoding=\"async\" alt=\"Hanalei&amp;ADD2@C\u00e9line Hamelin\" src=\"https:\/\/www.deedeeparis.com\/blog\/wp-content\/uploads\/2013\/11\/HanaleiADD2@C\u00e9line-Hamelin-600x399.jpg\" width=\"600\" height=\"399\" \/><\/a><\/p>\n<p><strong>\u00a0<strong>\u2605\u00a0<\/strong>Ce feu de camp d&rsquo;appartement\u00a0<\/strong><\/p>\n<p><a href=\"https:\/\/www.deedeeparis.com\/blog\/wp-content\/uploads\/2013\/11\/f2100771abdc108185bada253421810f.jpg\"><img loading=\"lazy\" decoding=\"async\" class=\"alignnone size-full wp-image-22080\" alt=\"f2100771abdc108185bada253421810f\" src=\"https:\/\/www.deedeeparis.com\/blog\/wp-content\/uploads\/2013\/11\/f2100771abdc108185bada253421810f.jpg\" width=\"580\" height=\"870\" srcset=\"https:\/\/www.deedeeparis.com\/blog\/wp-content\/uploads\/2013\/11\/f2100771abdc108185bada253421810f.jpg 580w, https:\/\/www.deedeeparis.com\/blog\/wp-content\/uploads\/2013\/11\/f2100771abdc108185bada253421810f-500x750.jpg 500w\" sizes=\"auto, (max-width: 580px) 100vw, 580px\" \/><\/a><\/p>\n<p><em>\u00a9Photo <a title=\"photo\" href=\"http:\/\/www.pinterest.com\/pin\/528680443727984149\/\" target=\"_blank\">inconnu<\/a><\/em><\/p>\n<p>Facile \u00e0 r\u00e9aliser et ultra po\u00e9tique, j&rsquo;aime, non, J&rsquo;AIME !<\/p>\n<p><strong><strong>\u2605\u00a0<\/strong>L&rsquo;op\u00e9ration \u00ab\u00a0toutes en robes\u00a0\u00bb de chez Naf Naf<\/strong><\/p>\n<p><a href=\"https:\/\/www.deedeeparis.com\/blog\/wp-content\/uploads\/2013\/11\/PUB-NAFNAF-AH13-tutu-SP.jpg.jpg\"><img loading=\"lazy\" decoding=\"async\" class=\"alignnone size-medium wp-image-22073\" alt=\"PUB NAFNAF AH13 tutu SP.jpg\" src=\"https:\/\/www.deedeeparis.com\/blog\/wp-content\/uploads\/2013\/11\/PUB-NAFNAF-AH13-tutu-SP.jpg-600x790.jpg\" width=\"600\" height=\"790\" srcset=\"https:\/\/www.deedeeparis.com\/blog\/wp-content\/uploads\/2013\/11\/PUB-NAFNAF-AH13-tutu-SP.jpg-600x790.jpg 600w, https:\/\/www.deedeeparis.com\/blog\/wp-content\/uploads\/2013\/11\/PUB-NAFNAF-AH13-tutu-SP.jpg-777x1024.jpg 777w, https:\/\/www.deedeeparis.com\/blog\/wp-content\/uploads\/2013\/11\/PUB-NAFNAF-AH13-tutu-SP.jpg-500x658.jpg 500w, https:\/\/www.deedeeparis.com\/blog\/wp-content\/uploads\/2013\/11\/PUB-NAFNAF-AH13-tutu-SP.jpg.jpg 1000w\" sizes=\"auto, (max-width: 600px) 100vw, 600px\" \/><\/a><\/p>\n<p>Tous les jeudis \u00e0 partir de 17h, il vous suffit de vous pr\u00e9senter en boutique pour obtenir 30% de r\u00e9duction sur votre article pr\u00e9f\u00e9r\u00e9. La bonne nouvelle, c&rsquo;est que pour les flemmardes ou pour celles qui cultivent le calme d&rsquo;une retraite au vert, \u00e7a marche aussi <a title=\"Naf Naf\" href=\"http:\/\/www.nafnaf.com\/\" target=\"_blank\">sur le site<\/a> !<\/p>\n<p><strong><strong>\u2605\u00a0<\/strong><a title=\"I look like other people\" href=\"http:\/\/ilikelookinglikeotherpeople.tumblr.com\/\" target=\"_blank\">I look like other people<\/a><\/strong><\/p>\n<p><a href=\"https:\/\/www.deedeeparis.com\/blog\/wp-content\/uploads\/2013\/11\/twins.jpg\"><img loading=\"lazy\" decoding=\"async\" class=\"alignnone size-medium wp-image-22077\" alt=\"twins\" src=\"https:\/\/www.deedeeparis.com\/blog\/wp-content\/uploads\/2013\/11\/twins-600x600.jpg\" width=\"600\" height=\"600\" srcset=\"https:\/\/www.deedeeparis.com\/blog\/wp-content\/uploads\/2013\/11\/twins-600x600.jpg 600w, https:\/\/www.deedeeparis.com\/blog\/wp-content\/uploads\/2013\/11\/twins-150x150.jpg 150w, https:\/\/www.deedeeparis.com\/blog\/wp-content\/uploads\/2013\/11\/twins-160x160.jpg 160w, https:\/\/www.deedeeparis.com\/blog\/wp-content\/uploads\/2013\/11\/twins-155x155.jpg 155w, https:\/\/www.deedeeparis.com\/blog\/wp-content\/uploads\/2013\/11\/twins-500x500.jpg 500w, https:\/\/www.deedeeparis.com\/blog\/wp-content\/uploads\/2013\/11\/twins.jpg 640w\" sizes=\"auto, (max-width: 600px) 100vw, 600px\" \/><\/a><\/p>\n<p>C&rsquo;est \u00e0 dire que je ne compte plus le nombre de fois o\u00f9 je me suis retrouv\u00e9e habill\u00e9e de pied en cap exactement pareil que ma coll\u00e8gue, G. pour ne pas la nommer. Forc\u00e9ment, je me suis sentie moins seule avec ce TumblR qui recense ce genre de m\u00e9saventures (bien s\u00fbr que c&rsquo;en est une !). Merci Mayouu pour la d\u00e9couverte !<\/p>\n<p><strong><strong>\u2605\u00a0<\/strong>L&rsquo;op\u00e9ration caritative men\u00e9e par Uniqlo\u00a0<\/strong><\/p>\n<p>Pour finir, une bien belle initiative : my beloved ligne Heattech d&rsquo;Uniqlo (OUI, les tee shirts tout fins qui tiennent super chaud !) est associ\u00e9e \u00e0 une op\u00e9ration caritative sur Twitter. Il suffit de retweeter le message du Samu Social de Paris pour qu&rsquo;en \u00e9change, un Tee Shirt Heattech soit offert aux b\u00e9n\u00e9ficiaires du Samu Social. Exemple :<\/p>\n<blockquote class=\"twitter-tweet\"><p>1 RT pour ce message = 1 tshirt <a href=\"https:\/\/twitter.com\/search?q=%23Heattech&amp;src=hash\">#Heattech<\/a> pour les b\u00e9n\u00e9ficiaires du <a href=\"https:\/\/twitter.com\/SamusocialParis\">@samusocialparis<\/a> <a href=\"https:\/\/twitter.com\/search?q=%23sourcedechaleur&amp;src=hash\">#sourcedechaleur<\/a> <a href=\"https:\/\/twitter.com\/search?q=%23uniqlo&amp;src=hash\">#uniqlo<\/a> <a href=\"http:\/\/t.co\/dWFdZsXkHL\">http:\/\/t.co\/dWFdZsXkHL<\/a> &lt;3<\/p>\n<p>\u2014 deedeeparis \u2605 (@deedeeparis) <a href=\"https:\/\/twitter.com\/deedeeparis\/statuses\/398210741380972544\">November 6, 2013<\/a><\/p><\/blockquote>\n<p>&nbsp;<\/p>\n<p>Voil\u00e0, c&rsquo;est tout pour le moment. Soyez sages et profitez bien de votre jour f\u00e9ri\u00e9 !<\/p>\n<p>Ah, et avant que j&rsquo;oublie : un ENORME merci pour l&rsquo;accueil que vous avez r\u00e9serv\u00e9 \u00e0 <a title=\"Montre deedee\" href=\"https:\/\/www.deedeeparis.com\/blog\/montre-deedee-rich-gone-broke\" target=\"_blank\">ma montre<\/a>. Je suis touch\u00e9e, vraiment !<\/p>\n","protected":false},"excerpt":{"rendered":"<p>\u00c7a n&rsquo;est pas parce que je suis dans l&rsquo;avion du retour (enfin je l&rsquo;esp\u00e8re !), ni parce que ce lundi est ch\u00f4m\u00e9 que vous serez priv\u00e9s de liens, ah \u00e7a non \u00a0! Nouvelle semaine, donc, nouveaux coups de coeur. Cette semaine, j&rsquo;aime&#8230; \u2605\u00a0La premi\u00e8re collection \u00ab\u00a0maison\u00a0\u00bb d&rsquo;Adeline Affre Coussins et plaids r\u00e9alis\u00e9s dans de forts [&hellip;]<\/p>\n","protected":false},"author":2,"featured_media":22091,"comment_status":"open","ping_status":"open","sticky":false,"template":"","format":"standard","meta":{"_acf_changed":false,"footnotes":""},"categories":[8],"tags":[4748,1267,5922,5923,6138,6009],"class_list":["post-22008","post","type-post","status-publish","format-standard","has-post-thumbnail","hentry","category-chroniques-de-paris","tag-adeline-affre","tag-bon-plan-shopping","tag-ca","tag-ca-on-the-move","tag-collection-maison-adeline-affre","tag-montre-deedee"],"acf":[],"geo":null,"_links":{"self":[{"href":"https:\/\/www.deedeeparis.com\/blog\/wp-json\/wp\/v2\/posts\/22008","targetHints":{"allow":["GET"]}}],"collection":[{"href":"https:\/\/www.deedeeparis.com\/blog\/wp-json\/wp\/v2\/posts"}],"about":[{"href":"https:\/\/www.deedeeparis.com\/blog\/wp-json\/wp\/v2\/types\/post"}],"author":[{"embeddable":true,"href":"https:\/\/www.deedeeparis.com\/blog\/wp-json\/wp\/v2\/users\/2"}],"replies":[{"embeddable":true,"href":"https:\/\/www.deedeeparis.com\/blog\/wp-json\/wp\/v2\/comments?post=22008"}],"version-history":[{"count":5,"href":"https:\/\/www.deedeeparis.com\/blog\/wp-json\/wp\/v2\/posts\/22008\/revisions"}],"predecessor-version":[{"id":22086,"href":"https:\/\/www.deedeeparis.com\/blog\/wp-json\/wp\/v2\/posts\/22008\/revisions\/22086"}],"wp:featuredmedia":[{"embeddable":true,"href":"https:\/\/www.deedeeparis.com\/blog\/wp-json\/wp\/v2\/media\/22091"}],"wp:attachment":[{"href":"https:\/\/www.deedeeparis.com\/blog\/wp-json\/wp\/v2\/media?parent=22008"}],"wp:term":[{"taxonomy":"category","embeddable":true,"href":"https:\/\/www.deedeeparis.com\/blog\/wp-json\/wp\/v2\/categories?post=22008"},{"taxonomy":"post_tag","embeddable":true,"href":"https:\/\/www.deedeeparis.com\/blog\/wp-json\/wp\/v2\/tags?post=22008"}],"curies":[{"name":"wp","href":"https:\/\/api.w.org\/{rel}","templated":true}]}}