{"id":22176,"date":"2013-11-25T07:47:04","date_gmt":"2013-11-25T06:47:04","guid":{"rendered":"https:\/\/www.deedeeparis.com\/blog\/?p=22176"},"modified":"2013-11-24T22:51:30","modified_gmt":"2013-11-24T21:51:30","slug":"ma-week-list-59","status":"publish","type":"post","link":"https:\/\/www.deedeeparis.com\/blog\/ma-week-list-59","title":{"rendered":"Ma week list #59"},"content":{"rendered":"<p>Alors que revoil\u00e0 une nouvelle semaine, quelques coups de coeur pour faire chanter votre lundi !<\/p>\n<p>Cette semaine, j&rsquo;aime :<\/p>\n<p><strong><strong><strong>\u2605\u00a0<\/strong><\/strong>Le tout nouveau, tout beau <a title=\"Eshop Alphabeta\" href=\"http:\/\/alphabeta.bigcartel.com\/\" target=\"_blank\">eshop<\/a> de my beloved <a title=\"Alphabeta\" href=\"http:\/\/www.alphabeta.fr\/\" target=\"_blank\">AlphaBeta\u00a0<\/a><\/strong><\/p>\n<p><a href=\"https:\/\/www.deedeeparis.com\/blog\/wp-content\/uploads\/2013\/11\/Pax_Me_ring_anchor.jpg\"><img loading=\"lazy\" decoding=\"async\" class=\"alignnone size-medium wp-image-22304\" alt=\"Pax_Me_ring_anchor\" src=\"https:\/\/www.deedeeparis.com\/blog\/wp-content\/uploads\/2013\/11\/Pax_Me_ring_anchor-600x445.jpg\" width=\"600\" height=\"445\" srcset=\"https:\/\/www.deedeeparis.com\/blog\/wp-content\/uploads\/2013\/11\/Pax_Me_ring_anchor-600x445.jpg 600w, https:\/\/www.deedeeparis.com\/blog\/wp-content\/uploads\/2013\/11\/Pax_Me_ring_anchor-500x371.jpg 500w, https:\/\/www.deedeeparis.com\/blog\/wp-content\/uploads\/2013\/11\/Pax_Me_ring_anchor.jpg 1000w\" sizes=\"auto, (max-width: 600px) 100vw, 600px\" \/><\/a><\/p>\n<p>Voil\u00e0 un moment que je ne vous en ai pas parl\u00e9, et pourtant : j&rsquo;aime toujours autant les tr\u00e8s jolis bijoux sign\u00e9s AlphaBeta. Simplicit\u00e9, fun et petit prix et maintenant \u00e0 port\u00e9e de clic&#8230; Je serai assez tent\u00e9e de dire gniiiii !<\/p>\n<p><a href=\"https:\/\/www.deedeeparis.com\/blog\/wp-content\/uploads\/2013\/11\/Cocotte_Me_bracelet_cordon.jpg\"><img loading=\"lazy\" decoding=\"async\" class=\"alignnone size-medium wp-image-22305\" alt=\"Cocotte_Me_bracelet_cordon\" src=\"https:\/\/www.deedeeparis.com\/blog\/wp-content\/uploads\/2013\/11\/Cocotte_Me_bracelet_cordon-600x462.jpg\" width=\"600\" height=\"462\" srcset=\"https:\/\/www.deedeeparis.com\/blog\/wp-content\/uploads\/2013\/11\/Cocotte_Me_bracelet_cordon-600x462.jpg 600w, https:\/\/www.deedeeparis.com\/blog\/wp-content\/uploads\/2013\/11\/Cocotte_Me_bracelet_cordon-500x385.jpg 500w, https:\/\/www.deedeeparis.com\/blog\/wp-content\/uploads\/2013\/11\/Cocotte_Me_bracelet_cordon.jpg 1000w\" sizes=\"auto, (max-width: 600px) 100vw, 600px\" \/><\/a> <a href=\"https:\/\/www.deedeeparis.com\/blog\/wp-content\/uploads\/2013\/11\/pochette_diam_S.jpg\"><img loading=\"lazy\" decoding=\"async\" class=\"alignnone size-medium wp-image-22307\" alt=\"pochette_diam_S\" src=\"https:\/\/www.deedeeparis.com\/blog\/wp-content\/uploads\/2013\/11\/pochette_diam_S-600x393.jpg\" width=\"600\" height=\"393\" srcset=\"https:\/\/www.deedeeparis.com\/blog\/wp-content\/uploads\/2013\/11\/pochette_diam_S-600x393.jpg 600w, https:\/\/www.deedeeparis.com\/blog\/wp-content\/uploads\/2013\/11\/pochette_diam_S-500x327.jpg 500w, https:\/\/www.deedeeparis.com\/blog\/wp-content\/uploads\/2013\/11\/pochette_diam_S.jpg 1000w\" sizes=\"auto, (max-width: 600px) 100vw, 600px\" \/><\/a><\/p>\n<p><strong><strong><strong>\u2605\u00a0<\/strong><\/strong>Le documentaire <a title=\"Fabulous Fashionistas\" href=\"http:\/\/www.channel4.com\/programmes\/fabulous-fashionistas\/\" target=\"_blank\">Fabulous Fashionistas<\/a>\u00a0<\/strong><\/p>\n<p><iframe loading=\"lazy\" src=\"\/\/www.youtube.com\/embed\/Pb1YI2CKSyo\" height=\"338\" width=\"600\" allowfullscreen=\"\" frameborder=\"0\"><\/iframe><\/p>\n<p>C&rsquo;est l&rsquo;histoire de 6 vieilles dames incroyables et qui ont d\u00e9cid\u00e9 que l&rsquo;\u00e2ge ne sonnerait ni le glas de leur \u00e9nergie et de leur joie de vivre, ni celui de leur style. D\u00e9couvert ce week-end gr\u00e2ce \u00e0 G\u00e9raldine de <a title=\"G\u00e9raldine Caf\u00e9 Mode\" href=\"http:\/\/blogs.lexpress.fr\/styles\/cafe-mode\/2013\/11\/23\/la-joie-de-vivre-des-fabulous-fashionistas\/\" target=\"_blank\">Caf\u00e9 Mode<\/a>, j&rsquo;ai ador\u00e9 passer ces 47 minutes \u00e0 leur c\u00f4t\u00e9 gr\u00e2ce au documentaire qui leur est consacr\u00e9.<\/p>\n<p>Il y a Sue, 73 ans, une vieille dame excentrique et qui privil\u00e9gie le confort avant tout (je crois que c&rsquo;est la\u00a0 premi\u00e8re personne que je vois avec des Crocs sans hurler), Gillian, 87 ans, ancienne danseuse et chor\u00e9graphe qui continue \u00e0 donner des cours\u2026 Il faut la voir se plier en quatre et encha\u00eener les mouvements ! On y fait \u00e9galement la connaissance de Lady Trumpington, 91 ans, doyenne de la chambre des Lords, Bridget, 75 ans, adepte des Charity Shops, Jean, 71 ans, option Doc Martens incluse et Daphn\u00e9, 85 ans, mannequin.<\/p>\n<p>Au-del\u00e0 de cette belle d\u00e9monstration qu&rsquo;elles m\u00e8nent tambour battant, j&rsquo;ai \u00e9t\u00e9 tr\u00e8s \u00e9mue de les voir livrer leur vision du style, mais aussi celui de la vie. D\u00e9passer les \u00e9preuves, avancer, ne pas faire de compromis\u2026 Je suis de celles qui n&rsquo;aiment pas vieillir et pour qui avancer dans l&rsquo;\u00e2ge signifie peu ou prou pourrir. Fabulous Fashionistas m&rsquo;a \u00e9mue, oui, et il m&rsquo;a souvent fait sourire, aussi. A voir absolument !<\/p>\n<p><strong><strong><strong>\u2605\u00a0<\/strong><\/strong>Le calendrier de l&rsquo;avent de <a title=\"Lisa Make my lemonade\" href=\"http:\/\/makemylemonade.com\/\" target=\"_blank\">Lisa de Make my Lemonade<\/a><\/strong><\/p>\n<p><a href=\"https:\/\/www.deedeeparis.com\/blog\/wp-content\/uploads\/2013\/11\/make-my-lemonade-calendrier-de-lavent.jpg\"><img loading=\"lazy\" decoding=\"async\" class=\"alignnone size-medium wp-image-22310\" alt=\"make-my-lemonade-calendrier-de-lavent\" src=\"https:\/\/www.deedeeparis.com\/blog\/wp-content\/uploads\/2013\/11\/make-my-lemonade-calendrier-de-lavent-600x399.jpg\" width=\"600\" height=\"399\" srcset=\"https:\/\/www.deedeeparis.com\/blog\/wp-content\/uploads\/2013\/11\/make-my-lemonade-calendrier-de-lavent-600x399.jpg 600w, https:\/\/www.deedeeparis.com\/blog\/wp-content\/uploads\/2013\/11\/make-my-lemonade-calendrier-de-lavent-500x333.jpg 500w, https:\/\/www.deedeeparis.com\/blog\/wp-content\/uploads\/2013\/11\/make-my-lemonade-calendrier-de-lavent.jpg 740w\" sizes=\"auto, (max-width: 600px) 100vw, 600px\" \/><\/a><\/p>\n<p><em>\u00a9Photo Make my Lemonade<\/em><\/p>\n<p>Lisa a cr\u00e9e un <a title=\"Kit calendrier de l'avent\" href=\"http:\/\/makemylemonade.com\/diy-calendrier-de-lavent\/\" target=\"_blank\">kit de 24 bo\u00eetes<\/a> \u00e0 tomber (pour changer ! ) pour le site <a title=\"Aphinitea\" href=\"http:\/\/aphinitea.tictail.com\/\" target=\"_blank\">Aphinitea<\/a>.\u00a0Outre le tr\u00e8s joli calendrier de l&rsquo;avent que vous pourrez confectionner en deux temps, trois mouvements, vous ferez une bonne action en l&rsquo;achetant : Lisa a d\u00e9cid\u00e9 de reverser le b\u00e9n\u00e9fice des ventes de son calendrier \u00e0 la Croix Rouge pour aider les victimes du typhon Haiyan qui a balay\u00e9 les Philippines, pays o\u00f9 se trouve Aphinitea. J&rsquo;ai le droit de dire que je suis amoureuse de cette fille ou c&rsquo;est vraiment trop bizarre ?!<\/p>\n<p><strong><strong><strong>\u2605\u00a0<\/strong><\/strong>L&rsquo;<a title=\"Eshop Balzac Paris\" href=\"http:\/\/www.balzac-paris.fr\/eshop\/\" target=\"_blank\">eshop Balzac Paris<\/a><\/strong><\/p>\n<p><a href=\"https:\/\/www.deedeeparis.com\/blog\/wp-content\/uploads\/2013\/11\/balzac-paris.jpg\"><img loading=\"lazy\" decoding=\"async\" class=\"alignnone size-medium wp-image-22327\" alt=\"balzac paris\" src=\"https:\/\/www.deedeeparis.com\/blog\/wp-content\/uploads\/2013\/11\/balzac-paris-600x400.jpg\" width=\"600\" height=\"400\" srcset=\"https:\/\/www.deedeeparis.com\/blog\/wp-content\/uploads\/2013\/11\/balzac-paris-600x400.jpg 600w, https:\/\/www.deedeeparis.com\/blog\/wp-content\/uploads\/2013\/11\/balzac-paris-500x333.jpg 500w, https:\/\/www.deedeeparis.com\/blog\/wp-content\/uploads\/2013\/11\/balzac-paris.jpg 960w\" sizes=\"auto, (max-width: 600px) 100vw, 600px\" \/><\/a><\/p>\n<p>Vous vous souvenez de cette marque de noeuds papillons et cols claudine \u00e0 tomber ? Voil\u00e0, eh bien c&rsquo;est fait : Balzac Paris lance son <a title=\"Eshop Balzac Paris\" href=\"http:\/\/www.balzac-paris.fr\/eshop\/\" target=\"_blank\">eshop<\/a>. M\u00eame qu&rsquo;il est dr\u00f4lement beau. Vous pourrez y retrouver les pi\u00e8ces qui font le succ\u00e8s de la marque, bien s\u00fbr, mais aussi faire r\u00e9aliser sur mesure votre propre noeud ou col. Surlike !<\/p>\n<p><a href=\"https:\/\/www.deedeeparis.com\/blog\/wp-content\/uploads\/2013\/11\/balzac-paris-3.jpg\"><img loading=\"lazy\" decoding=\"async\" alt=\"balzac paris 3\" src=\"https:\/\/www.deedeeparis.com\/blog\/wp-content\/uploads\/2013\/11\/balzac-paris-3-600x400.jpg\" width=\"600\" height=\"400\" \/><\/a><\/p>\n<p><a href=\"https:\/\/www.deedeeparis.com\/blog\/wp-content\/uploads\/2013\/11\/balzac-paris-2.jpg\"><img loading=\"lazy\" decoding=\"async\" alt=\"balzac paris 2\" src=\"https:\/\/www.deedeeparis.com\/blog\/wp-content\/uploads\/2013\/11\/balzac-paris-2-600x400.jpg\" width=\"600\" height=\"400\" \/><\/a><\/p>\n<p><a href=\"https:\/\/www.deedeeparis.com\/blog\/wp-content\/uploads\/2013\/11\/balzac-paris-1.jpg\"><img loading=\"lazy\" decoding=\"async\" alt=\"balzac paris 1\" src=\"https:\/\/www.deedeeparis.com\/blog\/wp-content\/uploads\/2013\/11\/balzac-paris-1-600x400.jpg\" width=\"600\" height=\"400\" \/><\/a><\/p>\n<p><strong><strong><strong>\u2605\u00a0<\/strong><\/strong>La ligne de chaussures sign\u00e9e <a title=\"Centre commercial\" href=\"http:\/\/www.centrecommercial.cc\/\" target=\"_blank\">Centre Commercial<\/a> x Roseanna<\/strong><\/p>\n<p><a href=\"https:\/\/www.deedeeparis.com\/blog\/wp-content\/uploads\/2013\/11\/Boots_Centre_Commercial_Roseanna-.jpg\"><img loading=\"lazy\" decoding=\"async\" class=\"alignnone size-medium wp-image-22312\" alt=\"Boots_Centre_Commercial_Roseanna\" src=\"https:\/\/www.deedeeparis.com\/blog\/wp-content\/uploads\/2013\/11\/Boots_Centre_Commercial_Roseanna--600x400.jpg\" width=\"600\" height=\"400\" srcset=\"https:\/\/www.deedeeparis.com\/blog\/wp-content\/uploads\/2013\/11\/Boots_Centre_Commercial_Roseanna--600x400.jpg 600w, https:\/\/www.deedeeparis.com\/blog\/wp-content\/uploads\/2013\/11\/Boots_Centre_Commercial_Roseanna--1024x682.jpg 1024w, https:\/\/www.deedeeparis.com\/blog\/wp-content\/uploads\/2013\/11\/Boots_Centre_Commercial_Roseanna--500x333.jpg 500w, https:\/\/www.deedeeparis.com\/blog\/wp-content\/uploads\/2013\/11\/Boots_Centre_Commercial_Roseanna-.jpg 1500w\" sizes=\"auto, (max-width: 600px) 100vw, 600px\" \/><\/a><\/p>\n<p>Le bien chouette shop Centre Commercial lance une ligne de chaussures en partenariat avec Roseanna. Derbie, richelieus, comment vous dire\u2026 Je suis raide DINGUE de ces mod\u00e8les inspir\u00e9s des souliers traditionnels anglo-saxons ! En particulier des ces bottines, l\u00e0, sur la photo. Ne pas craquer, ne pas craquer, ne pas craquer. Rhaaa !<\/p>\n<p><a href=\"https:\/\/www.deedeeparis.com\/blog\/wp-content\/uploads\/2013\/11\/Derbies_Femme_-Centre_-Commercial.jpg\"><img loading=\"lazy\" decoding=\"async\" alt=\"Derbies_Femme_ Centre_ Commercial\" src=\"https:\/\/www.deedeeparis.com\/blog\/wp-content\/uploads\/2013\/11\/Derbies_Femme_-Centre_-Commercial-600x900.jpg\" width=\"600\" height=\"900\" \/><\/a><\/p>\n<p><strong><strong>\u2605\u00a0<\/strong>Des super h\u00e9ros pour aider les enfants handicap\u00e9s\u00a0<\/strong><\/p>\n<p><a href=\"https:\/\/www.deedeeparis.com\/blog\/wp-content\/uploads\/2013\/11\/LouisDechamps_Vanessa-David.jpg\"><img loading=\"lazy\" decoding=\"async\" class=\"alignnone size-medium wp-image-22334\" alt=\"LouisDechamps_Vanessa David\" src=\"https:\/\/www.deedeeparis.com\/blog\/wp-content\/uploads\/2013\/11\/LouisDechamps_Vanessa-David-600x768.jpg\" width=\"600\" height=\"768\" srcset=\"https:\/\/www.deedeeparis.com\/blog\/wp-content\/uploads\/2013\/11\/LouisDechamps_Vanessa-David-600x768.jpg 600w, https:\/\/www.deedeeparis.com\/blog\/wp-content\/uploads\/2013\/11\/LouisDechamps_Vanessa-David-799x1024.jpg 799w, https:\/\/www.deedeeparis.com\/blog\/wp-content\/uploads\/2013\/11\/LouisDechamps_Vanessa-David-500x640.jpg 500w, https:\/\/www.deedeeparis.com\/blog\/wp-content\/uploads\/2013\/11\/LouisDechamps_Vanessa-David.jpg 2000w\" sizes=\"auto, (max-width: 600px) 100vw, 600px\" \/><\/a><\/p>\n<p><em>\u00a9Photo Louis D\u00e9camps<\/em><\/p>\n<p>Des super h\u00e9ros pour soutenir l&rsquo;enseignement des arts plastiques pour les enfants touch\u00e9s par un handicap : c&rsquo;est l&rsquo;op\u00e9ration men\u00e9e par l&rsquo;association\u00a0<a title=\"6 pots bleus\" href=\"http:\/\/les6potsbleus.wix.com\/lesite\" target=\"_blank\">les 6 pots bleu<\/a>s. Derri\u00e8re les caps, les marques et les \u00e9p\u00e9es de nos super h\u00e9ros, on retrouve une dizaine de personnalit\u00e9s, parmi lesquelles Alice Bela\u00efdi, S\u00e9verine Ferrer, Emma de Caunes, David Abiker, Guy Birenbaum ou bien encore A\u00efssa Ma\u00efga. Le message ? La diff\u00e9rence est source d&rsquo;enrichissement. A m\u00e9diter.<\/p>\n<p>Derri\u00e8re leurs masques et grimages, saurez-vous les reconnaitre ?<\/p>\n<p><a href=\"https:\/\/www.deedeeparis.com\/blog\/wp-content\/uploads\/2013\/11\/LouisDechamps_Laurence-Arn\u00e9.jpg\"><img loading=\"lazy\" decoding=\"async\" class=\"alignnone size-medium wp-image-22336\" alt=\"LouisDechamps_Laurence Arn\u00e9\" src=\"https:\/\/www.deedeeparis.com\/blog\/wp-content\/uploads\/2013\/11\/LouisDechamps_Laurence-Arn\u00e9-600x768.jpg\" width=\"600\" height=\"768\" srcset=\"https:\/\/www.deedeeparis.com\/blog\/wp-content\/uploads\/2013\/11\/LouisDechamps_Laurence-Arn\u00e9-600x768.jpg 600w, https:\/\/www.deedeeparis.com\/blog\/wp-content\/uploads\/2013\/11\/LouisDechamps_Laurence-Arn\u00e9-799x1024.jpg 799w, https:\/\/www.deedeeparis.com\/blog\/wp-content\/uploads\/2013\/11\/LouisDechamps_Laurence-Arn\u00e9-500x640.jpg 500w, https:\/\/www.deedeeparis.com\/blog\/wp-content\/uploads\/2013\/11\/LouisDechamps_Laurence-Arn\u00e9.jpg 2000w\" sizes=\"auto, (max-width: 600px) 100vw, 600px\" \/><\/a><\/p>\n<p><em>\u00a9Photo Louis D\u00e9camps<\/em><\/p>\n<p><a href=\"https:\/\/www.deedeeparis.com\/blog\/wp-content\/uploads\/2013\/11\/LouisDechamps_David-Abiker.jpg\"><img loading=\"lazy\" decoding=\"async\" alt=\"LouisDechamps_David Abiker\" src=\"https:\/\/www.deedeeparis.com\/blog\/wp-content\/uploads\/2013\/11\/LouisDechamps_David-Abiker-600x768.jpg\" width=\"600\" height=\"768\" \/><\/a><\/p>\n<p><em>\u00a9Photo Louis D\u00e9camps<\/em><\/p>\n<p><a href=\"https:\/\/www.deedeeparis.com\/blog\/wp-content\/uploads\/2013\/11\/LouisDechamps_Hamou-Bouakkaz.jpg\"><img loading=\"lazy\" decoding=\"async\" class=\"alignnone size-medium wp-image-22338\" alt=\"LouisDechamps_Hamou Bouakkaz\" src=\"https:\/\/www.deedeeparis.com\/blog\/wp-content\/uploads\/2013\/11\/LouisDechamps_Hamou-Bouakkaz-600x768.jpg\" width=\"600\" height=\"768\" srcset=\"https:\/\/www.deedeeparis.com\/blog\/wp-content\/uploads\/2013\/11\/LouisDechamps_Hamou-Bouakkaz-600x768.jpg 600w, https:\/\/www.deedeeparis.com\/blog\/wp-content\/uploads\/2013\/11\/LouisDechamps_Hamou-Bouakkaz-799x1024.jpg 799w, https:\/\/www.deedeeparis.com\/blog\/wp-content\/uploads\/2013\/11\/LouisDechamps_Hamou-Bouakkaz-500x640.jpg 500w, https:\/\/www.deedeeparis.com\/blog\/wp-content\/uploads\/2013\/11\/LouisDechamps_Hamou-Bouakkaz.jpg 2000w\" sizes=\"auto, (max-width: 600px) 100vw, 600px\" \/><\/a><\/p>\n<p><em>\u00a9Photo Louis D\u00e9camps<\/em><\/p>\n<p><strong><strong><strong>\u2605\u00a0<\/strong><\/strong><a title=\"Wonderflu\" href=\"http:\/\/www.wonderflu.com\/\" target=\"_blank\">Wonderflu\u00a0<\/a><\/strong><\/p>\n<p>Le bon son de la semaine, c&rsquo;est Wonderflu, un groupe de rock ind\u00e9pendant fran\u00e7ais qui envoie du lourd et que j&rsquo;ai d\u00e9couvert dans le dernier <a title=\"Surexposer\" href=\"http:\/\/surexposer.fr\/\" target=\"_blank\">Surexposer<\/a>. De quoi bien commencer cette semaine, avec un coup de coeur issu de leur album,\u00a0<em>No end in sight <\/em>(allez directement \u00e0 la piste n\u00b04, Power of Time)<\/p>\n<p><iframe loading=\"lazy\" style=\"border: 0; width: 600px; height: 120px;\" src=\"http:\/\/bandcamp.com\/EmbeddedPlayer\/album=3947410353\/size=medium\/bgcol=ffffff\/linkcol=0687f5\/transparent=true\/\" height=\"240\" width=\"320\" seamless=\"\"><\/iframe><\/p>\n<p>Joyeux lundi !<\/p>\n","protected":false},"excerpt":{"rendered":"<p>Alors que revoil\u00e0 une nouvelle semaine, quelques coups de coeur pour faire chanter votre lundi ! Cette semaine, j&rsquo;aime : \u2605\u00a0Le tout nouveau, tout beau eshop de my beloved AlphaBeta\u00a0 Voil\u00e0 un moment que je ne vous en ai pas parl\u00e9, et pourtant : j&rsquo;aime toujours autant les tr\u00e8s jolis bijoux sign\u00e9s AlphaBeta. Simplicit\u00e9, fun [&hellip;]<\/p>\n","protected":false},"author":2,"featured_media":22326,"comment_status":"open","ping_status":"open","sticky":false,"template":"","format":"standard","meta":{"_acf_changed":false,"footnotes":""},"categories":[8],"tags":[6037,2438,2437,6036,6038,6039,6040,6041,6043,5592,1885,5510,6042],"class_list":["post-22176","post","type-post","status-publish","format-standard","has-post-thumbnail","hentry","category-chroniques-de-paris","tag-alexis-mabille","tag-alphabeta","tag-bijoux-alphabeta","tag-centre-commercial-x-roseanna","tag-eshop-alexis-mabille","tag-eshop-bijoux","tag-eshop-bijoux-alphabeta","tag-fabulous-fashionistas","tag-magazine-surexposer","tag-make-my-lemonade","tag-roseanna","tag-surexposer","tag-wonderflu"],"acf":[],"geo":null,"_links":{"self":[{"href":"https:\/\/www.deedeeparis.com\/blog\/wp-json\/wp\/v2\/posts\/22176","targetHints":{"allow":["GET"]}}],"collection":[{"href":"https:\/\/www.deedeeparis.com\/blog\/wp-json\/wp\/v2\/posts"}],"about":[{"href":"https:\/\/www.deedeeparis.com\/blog\/wp-json\/wp\/v2\/types\/post"}],"author":[{"embeddable":true,"href":"https:\/\/www.deedeeparis.com\/blog\/wp-json\/wp\/v2\/users\/2"}],"replies":[{"embeddable":true,"href":"https:\/\/www.deedeeparis.com\/blog\/wp-json\/wp\/v2\/comments?post=22176"}],"version-history":[{"count":5,"href":"https:\/\/www.deedeeparis.com\/blog\/wp-json\/wp\/v2\/posts\/22176\/revisions"}],"predecessor-version":[{"id":22299,"href":"https:\/\/www.deedeeparis.com\/blog\/wp-json\/wp\/v2\/posts\/22176\/revisions\/22299"}],"wp:featuredmedia":[{"embeddable":true,"href":"https:\/\/www.deedeeparis.com\/blog\/wp-json\/wp\/v2\/media\/22326"}],"wp:attachment":[{"href":"https:\/\/www.deedeeparis.com\/blog\/wp-json\/wp\/v2\/media?parent=22176"}],"wp:term":[{"taxonomy":"category","embeddable":true,"href":"https:\/\/www.deedeeparis.com\/blog\/wp-json\/wp\/v2\/categories?post=22176"},{"taxonomy":"post_tag","embeddable":true,"href":"https:\/\/www.deedeeparis.com\/blog\/wp-json\/wp\/v2\/tags?post=22176"}],"curies":[{"name":"wp","href":"https:\/\/api.w.org\/{rel}","templated":true}]}}