{"id":22526,"date":"2013-11-28T12:35:11","date_gmt":"2013-11-28T11:35:11","guid":{"rendered":"https:\/\/www.deedeeparis.com\/blog\/?p=22526"},"modified":"2013-11-28T14:49:14","modified_gmt":"2013-11-28T13:49:14","slug":"deux-fois-plus-belle-what-else","status":"publish","type":"post","link":"https:\/\/www.deedeeparis.com\/blog\/deux-fois-plus-belle-what-else","title":{"rendered":"Deux fois plus belle, what else\u2026 !"},"content":{"rendered":"<p><a href=\"https:\/\/www.deedeeparis.com\/blog\/wp-content\/uploads\/2013\/11\/shooting-une-1.jpg\"><img loading=\"lazy\" decoding=\"async\" class=\"alignnone size-full wp-image-22528\" alt=\"shooting une 1\" src=\"https:\/\/www.deedeeparis.com\/blog\/wp-content\/uploads\/2013\/11\/shooting-une-1.jpg\" width=\"600\" height=\"600\" srcset=\"https:\/\/www.deedeeparis.com\/blog\/wp-content\/uploads\/2013\/11\/shooting-une-1.jpg 600w, https:\/\/www.deedeeparis.com\/blog\/wp-content\/uploads\/2013\/11\/shooting-une-1-150x150.jpg 150w, https:\/\/www.deedeeparis.com\/blog\/wp-content\/uploads\/2013\/11\/shooting-une-1-160x160.jpg 160w, https:\/\/www.deedeeparis.com\/blog\/wp-content\/uploads\/2013\/11\/shooting-une-1-155x155.jpg 155w, https:\/\/www.deedeeparis.com\/blog\/wp-content\/uploads\/2013\/11\/shooting-une-1-500x500.jpg 500w\" sizes=\"auto, (max-width: 600px) 100vw, 600px\" \/><\/a><\/p>\n<p><em>Coucou ! \u00a9Photo Chlo\u00e9 Bonnard<\/em><\/p>\n<p>(Attention, billet \u00e0 haute teneur en 3615 MaVie !)<\/p>\n<p>Il y a quelques semaines, la marque de cosm\u00e9tique <a title=\"Une beauty\" href=\"http:\/\/www.unebeauty.com\/fr\/\" target=\"_blank\">UNE Beauty<\/a> m&rsquo;a propos\u00e9 de participer un shooting pour la sortie de son nouveau fond de teint Skin Ideal \u00e0 l&rsquo;acide Hyaluronique (traduire, bon pour les rides). J&rsquo;ai beau ne pas aimer franchement voir ma tronche en 4&#215;3 (\u00e9videmment, qu&rsquo;il s&rsquo;agit d&rsquo;un euph\u00e9misme !), j&rsquo;ai accept\u00e9. Pour deux raisons. D&rsquo;abord, parce que j&rsquo;adh\u00e8re \u00e0 2000% \u00e0 la philosophie de la marque, qui pr\u00eache en gros que \u00ab\u00a0less is more\u00a0\u00bb, que rien ne vaut une beaut\u00e9 naturelle et sublim\u00e9e, et non une beaut\u00e9 masqu\u00e9e \u00e0 coup de truelle (les mannequins des campagnes ne sont pas retouch\u00e9es, par exemple). Et ensuite, parce que la photographe en charge de ce shooting n&rsquo;\u00e9tait autre que Chlo\u00e9 Bonnard, la photographe des g\u00e9niallissimes &#8211; je p\u00e8se mes mots ! &#8211; <a title=\"Nanas de paname\" href=\"https:\/\/www.facebook.com\/pages\/Les-Nanas-dPaname\/112540785502045\" target=\"_blank\">Nanas de Paname<\/a>.<\/p>\n<p>L&rsquo;id\u00e9e \u00e9tait donc nous maquiller avec ce fond de teint, bien s\u00fbr, et d&rsquo;apporter une photo de nous plus jeune. Deux fois plus jeune. Pour prouver ainsi que oui, nous \u00e9tions toujours ces gamines \u00e0 la pommette insolente et au contour de l&rsquo;oeil lississime, MEME PAS MAL.<\/p>\n<p><a href=\"https:\/\/www.deedeeparis.com\/blog\/wp-content\/uploads\/2013\/11\/shooting-une.jpg\"><img loading=\"lazy\" decoding=\"async\" alt=\"shooting une\" src=\"https:\/\/www.deedeeparis.com\/blog\/wp-content\/uploads\/2013\/11\/shooting-une.jpg\" width=\"600\" height=\"600\" \/><\/a><\/p>\n<p><em>\u00a9Photo Chlo\u00e9 Bonnard<\/em><\/p>\n<p>Je dois avouer que \u00e7a m&rsquo;a fait un petit choc, d&rsquo;exhumer cette photo de moi, \u00e0 17 ans. Un choc plut\u00f4t positif : si je n&rsquo;aime pas vieillir (comment \u00e7a, je radote !), je sais appr\u00e9cier ce que l&rsquo;\u00e2ge m&rsquo;apporte aussi. Non, pas les rides, n&rsquo;insistez pas. En revanche, j&rsquo;appr\u00e9cie que le doute prenne un peu la tangente. Pas que je ne sois que certitudes, ce serait trop simple. Non. Mais je n&rsquo;ai vraiment pas aim\u00e9 la vingtaine. Quand j&rsquo;en entends qui la porte aux nues, cette dizaine, \u00e7a me laisse toujours un brin perplexe. Etre \u00e9tudiante, bien s\u00fbr, c&rsquo;est super. Sauf que c&rsquo;est dr\u00f4le 5 minutes d&rsquo;\u00eatre perp\u00e9tuellement sans le sou. Naviguer \u00e0 l&rsquo;aveugle, attendre, ne pas savoir exactement de quoi demain sera fait, s&rsquo;interroger, encha\u00eener les stages et les exp\u00e9riences professionnelles parfois douteuses, se planter, se prendre des murs. Bien s\u00fbr, tout cela fait partie de la vie. Mais voil\u00e0, \u00e0 mesure que je vieillis, j&rsquo;appr\u00e9cie de voir un peu mieux qui je suis, o\u00f9 je vais, Et comment je m&rsquo;y rends.<\/p>\n<p><a href=\"https:\/\/www.deedeeparis.com\/blog\/wp-content\/uploads\/2013\/11\/shooting-une-2.jpg\"><img loading=\"lazy\" decoding=\"async\" class=\"alignnone size-full wp-image-22527\" alt=\"shooting une 2\" src=\"https:\/\/www.deedeeparis.com\/blog\/wp-content\/uploads\/2013\/11\/shooting-une-2.jpg\" width=\"600\" height=\"600\" srcset=\"https:\/\/www.deedeeparis.com\/blog\/wp-content\/uploads\/2013\/11\/shooting-une-2.jpg 600w, https:\/\/www.deedeeparis.com\/blog\/wp-content\/uploads\/2013\/11\/shooting-une-2-150x150.jpg 150w, https:\/\/www.deedeeparis.com\/blog\/wp-content\/uploads\/2013\/11\/shooting-une-2-160x160.jpg 160w, https:\/\/www.deedeeparis.com\/blog\/wp-content\/uploads\/2013\/11\/shooting-une-2-155x155.jpg 155w, https:\/\/www.deedeeparis.com\/blog\/wp-content\/uploads\/2013\/11\/shooting-une-2-500x500.jpg 500w\" sizes=\"auto, (max-width: 600px) 100vw, 600px\" \/><\/a><\/p>\n<p><em>\u00a9Photo Chlo\u00e9 Bonnard<\/em><\/p>\n<p>Le rapport avec UNE ? C&rsquo;est que ce constat s&rsquo;applique aussi au maquillage : on est toutes pass\u00e9es par l&rsquo;\u00e9tape camion vol\u00e9 (ah non ?), par cette phase de recherche de soi, justement, de vas-y je vais mettre du bleu \u00e9lectrique sur les paupi\u00e8res \u00e7a sera trop joli avec mes yeux marrons, et je vais bien couvrir mon visage avec ce fond de teint orange, et je terminerai par un gloss \u00e0 la framboise qui ne colle pas du tout, du tout. Bon, j&rsquo;exag\u00e8re mais parfois, \u00e7a n&rsquo;\u00e9tait pas joli joli, j&rsquo;peux vous dire. Et donc, aujourd&rsquo;hui, je sais ce qui me va, \u00e0 peu pr\u00e8s, que ce soit en terme de v\u00eatements ou de maquillage. Et qu&rsquo;en la mati\u00e8re, je joue sur quelques fondamentaux : un trait de liner, un rouge qui claque de temps en temps et un fond de teint qui unifie sans camoufler. Et puis c&rsquo;est tout.<\/p>\n<p>Merci aux \u00e9quipes de UNE, merci Chlo\u00e9 et merci <a title=\"Ism\u00e9rie\" href=\"https:\/\/www.deedeeparis.com\/blog\/ismerie-coiffure-paris\" target=\"_blank\">Ism\u00e9rie<\/a> pour la coiffure !<\/p>\n<p>Vous pouvez retrouver les produits qui ont \u00e9t\u00e9 utilis\u00e9s pour ce maquillage <a title=\"Une Beauty\" href=\"http:\/\/a-la-une.unebeauty.com\/delphine-deux-fois-plus-sure-delle\/\" target=\"_blank\">ici<\/a>, et aussi <a title=\"Interviews beaut\u00e9\" href=\"http:\/\/www.unebeauty.com\/fr\/natural-blogueuses.html\" target=\"_blank\">les interviews<\/a> de <a title=\"Violette\" href=\"http:\/\/soisbelleetparle.fr\/\" target=\"_blank\">Violette<\/a>, <a href=\"http:\/\/www.thebeautyandthegeek.fr\/\" target=\"_blank\">C\u00e9cile<\/a>, <a href=\"http:\/\/ladefraichie.com\/\" target=\"_blank\">Alphonse<\/a> et <a href=\"http:\/\/www.leblogdebigbeauty.com\/\" target=\"_blank\">St\u00e9phanie<\/a>.<\/p>\n<p>C&rsquo;est tout, bisous !<\/p>\n","protected":false},"excerpt":{"rendered":"<p>Coucou ! \u00a9Photo Chlo\u00e9 Bonnard (Attention, billet \u00e0 haute teneur en 3615 MaVie !) Il y a quelques semaines, la marque de cosm\u00e9tique UNE Beauty m&rsquo;a propos\u00e9 de participer un shooting pour la sortie de son nouveau fond de teint Skin Ideal \u00e0 l&rsquo;acide Hyaluronique (traduire, bon pour les rides). J&rsquo;ai beau ne pas aimer [&hellip;]<\/p>\n","protected":false},"author":2,"featured_media":22529,"comment_status":"open","ping_status":"open","sticky":false,"template":"","format":"standard","meta":{"_acf_changed":false,"footnotes":""},"categories":[12],"tags":[1382,1486,6055,6054,6057,5867,6058,6053,6056],"class_list":["post-22526","post","type-post","status-publish","format-standard","has-post-thumbnail","hentry","category-beaute","tag-beaute-a-paris","tag-coiffeur-a-paris","tag-conseils-maquillage","tag-fond-de-teint-anti-age","tag-interviews-beaute","tag-ismerie","tag-nanas-de-paname","tag-une-beaute","tag-une-beauty"],"acf":[],"geo":null,"_links":{"self":[{"href":"https:\/\/www.deedeeparis.com\/blog\/wp-json\/wp\/v2\/posts\/22526","targetHints":{"allow":["GET"]}}],"collection":[{"href":"https:\/\/www.deedeeparis.com\/blog\/wp-json\/wp\/v2\/posts"}],"about":[{"href":"https:\/\/www.deedeeparis.com\/blog\/wp-json\/wp\/v2\/types\/post"}],"author":[{"embeddable":true,"href":"https:\/\/www.deedeeparis.com\/blog\/wp-json\/wp\/v2\/users\/2"}],"replies":[{"embeddable":true,"href":"https:\/\/www.deedeeparis.com\/blog\/wp-json\/wp\/v2\/comments?post=22526"}],"version-history":[{"count":4,"href":"https:\/\/www.deedeeparis.com\/blog\/wp-json\/wp\/v2\/posts\/22526\/revisions"}],"predecessor-version":[{"id":22532,"href":"https:\/\/www.deedeeparis.com\/blog\/wp-json\/wp\/v2\/posts\/22526\/revisions\/22532"}],"wp:featuredmedia":[{"embeddable":true,"href":"https:\/\/www.deedeeparis.com\/blog\/wp-json\/wp\/v2\/media\/22529"}],"wp:attachment":[{"href":"https:\/\/www.deedeeparis.com\/blog\/wp-json\/wp\/v2\/media?parent=22526"}],"wp:term":[{"taxonomy":"category","embeddable":true,"href":"https:\/\/www.deedeeparis.com\/blog\/wp-json\/wp\/v2\/categories?post=22526"},{"taxonomy":"post_tag","embeddable":true,"href":"https:\/\/www.deedeeparis.com\/blog\/wp-json\/wp\/v2\/tags?post=22526"}],"curies":[{"name":"wp","href":"https:\/\/api.w.org\/{rel}","templated":true}]}}