{"id":24106,"date":"2014-02-24T07:51:00","date_gmt":"2014-02-24T06:51:00","guid":{"rendered":"https:\/\/www.deedeeparis.com\/blog\/?p=24106"},"modified":"2014-02-23T22:14:17","modified_gmt":"2014-02-23T21:14:17","slug":"ma-week-list-71","status":"publish","type":"post","link":"https:\/\/www.deedeeparis.com\/blog\/ma-week-list-71","title":{"rendered":"Ma Week List #71"},"content":{"rendered":"<p>Nouvelle semaine, nouveaux coups de coeur ! Cette semaine, j&rsquo;aime :<\/p>\n<p><strong><strong>\u2605\u00a0<\/strong><a title=\"Meet the artist\" href=\"http:\/\/www.meet-the-artist.org\/\" target=\"_blank\">Meet The Artist<\/a>, LE site pour trouver de jolis tirages en \u00e9dition limit\u00e9e<\/strong><\/p>\n<p><a href=\"https:\/\/www.deedeeparis.com\/blog\/wp-content\/uploads\/2014\/02\/les-chaises-musicales-.jpg\"><img loading=\"lazy\" decoding=\"async\" class=\"alignnone size-medium wp-image-24218\" alt=\"les-chaises-musicales-\" src=\"https:\/\/www.deedeeparis.com\/blog\/wp-content\/uploads\/2014\/02\/les-chaises-musicales--600x396.jpg\" width=\"600\" height=\"396\" srcset=\"https:\/\/www.deedeeparis.com\/blog\/wp-content\/uploads\/2014\/02\/les-chaises-musicales--600x396.jpg 600w, https:\/\/www.deedeeparis.com\/blog\/wp-content\/uploads\/2014\/02\/les-chaises-musicales--500x330.jpg 500w, https:\/\/www.deedeeparis.com\/blog\/wp-content\/uploads\/2014\/02\/les-chaises-musicales-.jpg 1000w\" sizes=\"auto, (max-width: 600px) 100vw, 600px\" \/><\/a><\/p>\n<p><em>\u00a9Photo <a title=\"ALice Laval\" href=\"http:\/\/www.meet-the-artist.org\/urbain\/306-16.html\" target=\"_blank\">Alice Laval<\/a><\/em><\/p>\n<p>Des tirages num\u00e9rot\u00e9s d&rsquo;artistes \u00e0 des prix accessibles, c&rsquo;est ce que propose l&rsquo;excellent Meet The Artist ! On choisit son tirage, le format, l&rsquo;encadrement. Eh hop, on re\u00e7oit entre 3 \u00e0 6 jours son petit bout d&rsquo;oeuvre d&rsquo;art. Id\u00e9al pour abandonner, ENFIN, ce poster de de New York sign\u00e9 Ikea que vous trainez depuis des ann\u00e9es (toute ressemblance avec la r\u00e9alit\u00e9 etc.!).<\/p>\n<p><a href=\"https:\/\/www.deedeeparis.com\/blog\/wp-content\/uploads\/2014\/02\/16.jpg\"><img loading=\"lazy\" decoding=\"async\" class=\"alignnone size-medium wp-image-24221\" alt=\"16\" src=\"https:\/\/www.deedeeparis.com\/blog\/wp-content\/uploads\/2014\/02\/16-600x396.jpg\" width=\"600\" height=\"396\" srcset=\"https:\/\/www.deedeeparis.com\/blog\/wp-content\/uploads\/2014\/02\/16-600x396.jpg 600w, https:\/\/www.deedeeparis.com\/blog\/wp-content\/uploads\/2014\/02\/16-500x330.jpg 500w, https:\/\/www.deedeeparis.com\/blog\/wp-content\/uploads\/2014\/02\/16.jpg 1000w\" sizes=\"auto, (max-width: 600px) 100vw, 600px\" \/><\/a><\/p>\n<p><em>\u00a9Photo <a title=\"Anthony li\u00e8ge\" href=\"http:\/\/www.meet-the-artist.org\/paysage\/414-16.html\" target=\"_blank\">Anthony Li\u00e8ge<\/a><\/em><\/p>\n<p><a href=\"https:\/\/www.deedeeparis.com\/blog\/wp-content\/uploads\/2014\/02\/16-2.jpg\"><img loading=\"lazy\" decoding=\"async\" class=\"alignnone size-medium wp-image-24219\" alt=\"16 (2)\" src=\"https:\/\/www.deedeeparis.com\/blog\/wp-content\/uploads\/2014\/02\/16-2-600x396.jpg\" width=\"600\" height=\"396\" srcset=\"https:\/\/www.deedeeparis.com\/blog\/wp-content\/uploads\/2014\/02\/16-2-600x396.jpg 600w, https:\/\/www.deedeeparis.com\/blog\/wp-content\/uploads\/2014\/02\/16-2-500x330.jpg 500w, https:\/\/www.deedeeparis.com\/blog\/wp-content\/uploads\/2014\/02\/16-2.jpg 1000w\" sizes=\"auto, (max-width: 600px) 100vw, 600px\" \/><\/a><\/p>\n<p><em>\u00a9Photo\u00a0<a title=\"ALice Laval\" href=\"http:\/\/www.meet-the-artist.org\/urbain\/306-16.html\" target=\"_blank\">Alice Laval<\/a><\/em><\/p>\n<p><a href=\"https:\/\/www.deedeeparis.com\/blog\/wp-content\/uploads\/2014\/02\/l-oranger-parisien.jpg\"><img loading=\"lazy\" decoding=\"async\" class=\"alignnone size-medium wp-image-24217\" alt=\"l-oranger-parisien\" src=\"https:\/\/www.deedeeparis.com\/blog\/wp-content\/uploads\/2014\/02\/l-oranger-parisien-600x396.jpg\" width=\"600\" height=\"396\" srcset=\"https:\/\/www.deedeeparis.com\/blog\/wp-content\/uploads\/2014\/02\/l-oranger-parisien-600x396.jpg 600w, https:\/\/www.deedeeparis.com\/blog\/wp-content\/uploads\/2014\/02\/l-oranger-parisien-500x330.jpg 500w, https:\/\/www.deedeeparis.com\/blog\/wp-content\/uploads\/2014\/02\/l-oranger-parisien.jpg 1000w\" sizes=\"auto, (max-width: 600px) 100vw, 600px\" \/><\/a><\/p>\n<p><em>\u00a9Photo <a title=\"Piergab\" href=\"http:\/\/www.meet-the-artist.org\/urbain\/23-l-oranger-parisien.html\" target=\"_blank\">Piergab<\/a><\/em><\/p>\n<p><a href=\"https:\/\/www.deedeeparis.com\/blog\/wp-content\/uploads\/2014\/02\/16-1.jpg\"><img loading=\"lazy\" decoding=\"async\" class=\"alignnone size-medium wp-image-24220\" alt=\"16 (1)\" src=\"https:\/\/www.deedeeparis.com\/blog\/wp-content\/uploads\/2014\/02\/16-1-600x396.jpg\" width=\"600\" height=\"396\" srcset=\"https:\/\/www.deedeeparis.com\/blog\/wp-content\/uploads\/2014\/02\/16-1-600x396.jpg 600w, https:\/\/www.deedeeparis.com\/blog\/wp-content\/uploads\/2014\/02\/16-1-500x330.jpg 500w, https:\/\/www.deedeeparis.com\/blog\/wp-content\/uploads\/2014\/02\/16-1.jpg 1000w\" sizes=\"auto, (max-width: 600px) 100vw, 600px\" \/><\/a><\/p>\n<p><em>\u00a9Photo <a title=\"Antoine Fourreaux\" href=\"http:\/\/www.meet-the-artist.org\/urbain\/390-16.html\" target=\"_blank\">Antoine Fourreaux<\/a><\/em><\/p>\n<p><strong>\u2605\u00a0Mademoiselle Agn\u00e8s pour Leonor Greyl\u00a0<\/strong><\/p>\n<p><a title=\"Leonor Gret\" href=\"https:\/\/www.facebook.com\/155504411174115\/photos\/a.156102297780993.33593.155504411174115\/653690804688804\/?type=1&amp;stream_ref=10\">La semaine derni\u00e8r<\/a>e, je recevais un mot de la magicienne du cheveu, Caroline Greyl, m&rsquo;expliquant que \u00ab\u00a0Aujourd&rsquo;hui est un jour glamour\u00a0\u00bb\u2026 Et pour cause : la marque a r\u00e9alis\u00e9 une vid\u00e9o sur les trois \u00e9tapes pour avoir de beaux cheveux. Essentiel et plut\u00f4t simple (pour une fois qu&rsquo;on n&rsquo;essaye pas de nous coller 40 produits diff\u00e9rents \u00e0 utiliser\u2026!). Surtout, c&rsquo;est Mademoiselle Agn\u00e8s qui pr\u00eate sa voix au tuto\u2026 Plus glamour, effectivement, tu meurs !<\/p>\n<p><iframe loading=\"lazy\" src=\"\/\/www.youtube.com\/embed\/hTGG9Gaa-nc\" height=\"338\" width=\"600\" allowfullscreen=\"\" frameborder=\"0\"><\/iframe><\/p>\n<p><strong><strong>\u2605\u00a0Revue #2 de Centre Commercial<\/strong><\/strong><\/p>\n<p><a href=\"https:\/\/www.deedeeparis.com\/blog\/wp-content\/uploads\/2014\/02\/revue-centre-commercial.jpg\"><img loading=\"lazy\" decoding=\"async\" class=\"alignnone size-medium wp-image-24205\" alt=\"revue-centre-commercial\" src=\"https:\/\/www.deedeeparis.com\/blog\/wp-content\/uploads\/2014\/02\/revue-centre-commercial-600x509.jpg\" width=\"600\" height=\"509\" srcset=\"https:\/\/www.deedeeparis.com\/blog\/wp-content\/uploads\/2014\/02\/revue-centre-commercial-600x509.jpg 600w, https:\/\/www.deedeeparis.com\/blog\/wp-content\/uploads\/2014\/02\/revue-centre-commercial-500x424.jpg 500w, https:\/\/www.deedeeparis.com\/blog\/wp-content\/uploads\/2014\/02\/revue-centre-commercial.jpg 1000w\" sizes=\"auto, (max-width: 600px) 100vw, 600px\" \/><\/a><\/p>\n<p>Vous souvenez de <a title=\"Revue Centre commercial\" href=\"https:\/\/www.deedeeparis.com\/blog\/centre-commercial-la-revue\" target=\"_blank\">cet article<\/a> dans lequel je vous parlais de l&rsquo;excellente revue \u00e9dit\u00e9e par Centre Commercial ? Et bien voil\u00e0, la marque vient de sortir <a title=\"revue centre commercial\" href=\"http:\/\/www.centrecommercial.cc\/fr\/product\/lifestyle\/culture\/magazine%252Frevue+5.5%2525\/magazinecc2,,revue+centre+commercial+n%C2%B02.html\" target=\"_blank\">le second num\u00e9ro<\/a> de cette revue. Je suis JOIE, \u00e7a n&rsquo;est rien de le dire, tant j&rsquo;aime son contenu. Le second num\u00e9ro est aussi d\u00e9lectable que le premier : 200 pages de sujets ultra int\u00e9ressants, au rang desquels notamment un tr\u00e8s bon papier de Vincent Glad (tiens tiens) sur le made in France. A lire absolument !<\/p>\n<p><strong>\u2605\u00a0Les lunettes Bois 2\u00a0<\/strong><\/p>\n<p><a href=\"https:\/\/www.deedeeparis.com\/blog\/wp-content\/uploads\/2014\/02\/lunettes-bois-2.jpg\"><img loading=\"lazy\" decoding=\"async\" class=\"alignnone size-medium wp-image-24197\" alt=\"lunettes-bois-2\" src=\"https:\/\/www.deedeeparis.com\/blog\/wp-content\/uploads\/2014\/02\/lunettes-bois-2-600x357.jpg\" width=\"600\" height=\"357\" srcset=\"https:\/\/www.deedeeparis.com\/blog\/wp-content\/uploads\/2014\/02\/lunettes-bois-2-600x357.jpg 600w, https:\/\/www.deedeeparis.com\/blog\/wp-content\/uploads\/2014\/02\/lunettes-bois-2-1024x609.jpg 1024w, https:\/\/www.deedeeparis.com\/blog\/wp-content\/uploads\/2014\/02\/lunettes-bois-2-500x297.jpg 500w, https:\/\/www.deedeeparis.com\/blog\/wp-content\/uploads\/2014\/02\/lunettes-bois-2.jpg 2000w\" sizes=\"auto, (max-width: 600px) 100vw, 600px\" \/><\/a><\/p>\n<p>Vous vous souvenez des p\u00e9pites de lunettes en bois sign\u00e9es <a title=\"Waiting for the sun\" href=\"https:\/\/www.deedeeparis.com\/blog\/ma-week-list-45\" target=\"_blank\">Waiting for the Sun<\/a> ? Julien et Antoine lancent une nouvelle marque de lunettes. Bois 2, donc (prononcer bois carr\u00e9). Elles sont r\u00e9alis\u00e9es \u00e0 partir d&rsquo;un alliage de bois recycl\u00e9 et d&rsquo;ac\u00e9tate bio, 100% recyclable et biod\u00e9gradable. Tout est produit en France, dans des ateliers proches afin de r\u00e9duire en plus l&#8217;empreinte \u00e9cologique de la marque (ah ben non, rien n&rsquo;est laiss\u00e9 au hasard !). Il y a une dizaine de mod\u00e8les en tout, que ce soit version lunettes de vue ou lunettes de soleil. Elles sont belles, elles font sens&#8230; Un bien joli produit !<\/p>\n<p><a href=\"https:\/\/www.deedeeparis.com\/blog\/wp-content\/uploads\/2014\/02\/lunettes-bois-2-2.jpg\"><img loading=\"lazy\" decoding=\"async\" class=\"alignnone size-medium wp-image-24195\" alt=\"lunettes-bois-2-2\" src=\"https:\/\/www.deedeeparis.com\/blog\/wp-content\/uploads\/2014\/02\/lunettes-bois-2-2-600x355.jpg\" width=\"600\" height=\"355\" srcset=\"https:\/\/www.deedeeparis.com\/blog\/wp-content\/uploads\/2014\/02\/lunettes-bois-2-2-600x355.jpg 600w, https:\/\/www.deedeeparis.com\/blog\/wp-content\/uploads\/2014\/02\/lunettes-bois-2-2-1024x606.jpg 1024w, https:\/\/www.deedeeparis.com\/blog\/wp-content\/uploads\/2014\/02\/lunettes-bois-2-2-500x296.jpg 500w, https:\/\/www.deedeeparis.com\/blog\/wp-content\/uploads\/2014\/02\/lunettes-bois-2-2.jpg 2000w\" sizes=\"auto, (max-width: 600px) 100vw, 600px\" \/><\/a> <a href=\"https:\/\/www.deedeeparis.com\/blog\/wp-content\/uploads\/2014\/02\/lunettes-bois-2-1.jpg\"><img loading=\"lazy\" decoding=\"async\" class=\"alignnone size-medium wp-image-24196\" alt=\"lunettes-bois-2-1\" src=\"https:\/\/www.deedeeparis.com\/blog\/wp-content\/uploads\/2014\/02\/lunettes-bois-2-1-600x329.jpg\" width=\"600\" height=\"329\" srcset=\"https:\/\/www.deedeeparis.com\/blog\/wp-content\/uploads\/2014\/02\/lunettes-bois-2-1-600x329.jpg 600w, https:\/\/www.deedeeparis.com\/blog\/wp-content\/uploads\/2014\/02\/lunettes-bois-2-1-1024x561.jpg 1024w, https:\/\/www.deedeeparis.com\/blog\/wp-content\/uploads\/2014\/02\/lunettes-bois-2-1-500x274.jpg 500w, https:\/\/www.deedeeparis.com\/blog\/wp-content\/uploads\/2014\/02\/lunettes-bois-2-1.jpg 2000w\" sizes=\"auto, (max-width: 600px) 100vw, 600px\" \/><\/a><\/p>\n<p>Pour plus d&rsquo;infos, vous pouvez vous rendre sur <a title=\"Bois 2\" href=\"http:\/\/boiscarre.com\/\" target=\"_blank\">boiscarre.com<\/a> ou regarder ce chouette making of :<\/p>\n<p><iframe loading=\"lazy\" src=\"\/\/www.youtube.com\/embed\/5gz1nFM_0h4\" height=\"338\" width=\"600\" allowfullscreen=\"\" frameborder=\"0\"><\/iframe><\/p>\n<p><strong><strong>\u2605 Le retour du Mimosa\u00a0<\/strong><\/strong><\/p>\n<p style=\"text-align: center;\"><a href=\"https:\/\/www.deedeeparis.com\/blog\/wp-content\/uploads\/2014\/02\/Mimosa.png\"><img loading=\"lazy\" decoding=\"async\" class=\"size-full wp-image-24208 aligncenter\" alt=\"Mimosa\" src=\"https:\/\/www.deedeeparis.com\/blog\/wp-content\/uploads\/2014\/02\/Mimosa.png\" width=\"547\" height=\"548\" srcset=\"https:\/\/www.deedeeparis.com\/blog\/wp-content\/uploads\/2014\/02\/Mimosa.png 547w, https:\/\/www.deedeeparis.com\/blog\/wp-content\/uploads\/2014\/02\/Mimosa-150x150.png 150w, https:\/\/www.deedeeparis.com\/blog\/wp-content\/uploads\/2014\/02\/Mimosa-160x160.png 160w, https:\/\/www.deedeeparis.com\/blog\/wp-content\/uploads\/2014\/02\/Mimosa-155x155.png 155w, https:\/\/www.deedeeparis.com\/blog\/wp-content\/uploads\/2014\/02\/Mimosa-500x500.png 500w\" sizes=\"auto, (max-width: 547px) 100vw, 547px\" \/><\/a><\/p>\n<p>Je pourrais sniffer du Mimosa non stop tous les jours du reste de ma vie, tant j&rsquo;aime son odeur&#8230; Dimanche, en passant devant le fleuriste en bas de chez moi, j&rsquo;ai rep\u00e9r\u00e9 les petites boules jaunes. Une botte plus tard, je suis au paradis !<\/p>\n<p>\u2605<strong> <a href=\"http:\/\/www.lesoucidudetail.com\" target=\"_blank\">Le souci du d\u00e9tail<\/a><\/strong><\/p>\n<p><a href=\"https:\/\/www.deedeeparis.com\/blog\/wp-content\/uploads\/2014\/02\/trio-de-vases-pastel.jpg\"><img loading=\"lazy\" decoding=\"async\" class=\"alignnone size-medium wp-image-24083\" alt=\"trio-de-vases-pastel\" src=\"https:\/\/www.deedeeparis.com\/blog\/wp-content\/uploads\/2014\/02\/trio-de-vases-pastel-600x639.jpg\" width=\"600\" height=\"639\" srcset=\"https:\/\/www.deedeeparis.com\/blog\/wp-content\/uploads\/2014\/02\/trio-de-vases-pastel-600x639.jpg 600w, https:\/\/www.deedeeparis.com\/blog\/wp-content\/uploads\/2014\/02\/trio-de-vases-pastel-500x532.jpg 500w, https:\/\/www.deedeeparis.com\/blog\/wp-content\/uploads\/2014\/02\/trio-de-vases-pastel.jpg 900w\" sizes=\"auto, (max-width: 600px) 100vw, 600px\" \/><\/a><\/p>\n<p>Des petits bijoux, de jolis objets de d\u00e9cos, des livres, des tatouages \u00e9ph\u00e9m\u00e8res, quelques cosm\u00e9tiques, du masking tape, des pompons, des pailles\u2026 C&rsquo;est tout cela que vous pourrez trouver sur <a href=\"http:\/\/www.lesoucidudetail.com\" target=\"_blank\">Le souci du d\u00e9tail<\/a>, un bien joli site qui donne corps \u00e0 nos envies !<\/p>\n<p><strong>\u2605\u00a0L&rsquo;expo consacr\u00e9e aux Prairies de Paris chez Merci<\/strong><\/p>\n<p style=\"text-align: center;\"><a href=\"https:\/\/www.deedeeparis.com\/blog\/wp-content\/uploads\/2014\/02\/Capture-d\u2019\u00e9cran-2014-02-23-\u00e0-22.04.20.png\"><img loading=\"lazy\" decoding=\"async\" class=\"size-medium wp-image-24213 aligncenter\" alt=\"Capture d\u2019\u00e9cran 2014-02-23 \u00e0 22.04.20\" src=\"https:\/\/www.deedeeparis.com\/blog\/wp-content\/uploads\/2014\/02\/Capture-d\u2019\u00e9cran-2014-02-23-\u00e0-22.04.20-600x407.png\" width=\"600\" height=\"407\" srcset=\"https:\/\/www.deedeeparis.com\/blog\/wp-content\/uploads\/2014\/02\/Capture-d\u2019\u00e9cran-2014-02-23-\u00e0-22.04.20-600x407.png 600w, https:\/\/www.deedeeparis.com\/blog\/wp-content\/uploads\/2014\/02\/Capture-d\u2019\u00e9cran-2014-02-23-\u00e0-22.04.20-500x339.png 500w, https:\/\/www.deedeeparis.com\/blog\/wp-content\/uploads\/2014\/02\/Capture-d\u2019\u00e9cran-2014-02-23-\u00e0-22.04.20.png 740w\" sizes=\"auto, (max-width: 600px) 100vw, 600px\" \/><\/a><\/p>\n<p>Du 26 f\u00e9vrier au 14 mars,\u00a0Merci invite les Prairies de Paris pour une exposition sur le th\u00e8me du cirque. L&rsquo;occasion de d\u00e9couvrir la premi\u00e8re collection historique de la marque, qui r\u00e9interpr\u00e8te les pi\u00e8ces qui ont fait son succ\u00e8s dans de nouvelles mati\u00e8res<\/p>\n<p style=\"text-align: center;\"><a href=\"https:\/\/www.deedeeparis.com\/blog\/wp-content\/uploads\/2014\/02\/Capture-d\u2019\u00e9cran-2014-02-23-\u00e0-22.04.11.png\"><img loading=\"lazy\" decoding=\"async\" class=\"size-medium wp-image-24214 aligncenter\" alt=\"Capture d\u2019\u00e9cran 2014-02-23 \u00e0 22.04.11\" src=\"https:\/\/www.deedeeparis.com\/blog\/wp-content\/uploads\/2014\/02\/Capture-d\u2019\u00e9cran-2014-02-23-\u00e0-22.04.11-600x405.png\" width=\"600\" height=\"405\" srcset=\"https:\/\/www.deedeeparis.com\/blog\/wp-content\/uploads\/2014\/02\/Capture-d\u2019\u00e9cran-2014-02-23-\u00e0-22.04.11-600x405.png 600w, https:\/\/www.deedeeparis.com\/blog\/wp-content\/uploads\/2014\/02\/Capture-d\u2019\u00e9cran-2014-02-23-\u00e0-22.04.11-500x337.png 500w, https:\/\/www.deedeeparis.com\/blog\/wp-content\/uploads\/2014\/02\/Capture-d\u2019\u00e9cran-2014-02-23-\u00e0-22.04.11.png 740w\" sizes=\"auto, (max-width: 600px) 100vw, 600px\" \/><\/a><\/p>\n<p><a href=\"https:\/\/www.deedeeparis.com\/blog\/wp-content\/uploads\/2014\/02\/Capture-d\u2019\u00e9cran-2014-02-23-\u00e0-22.04.28.png\"><img loading=\"lazy\" decoding=\"async\" class=\"size-full wp-image-24212 aligncenter\" alt=\"Capture d\u2019\u00e9cran 2014-02-23 \u00e0 22.04.28\" src=\"https:\/\/www.deedeeparis.com\/blog\/wp-content\/uploads\/2014\/02\/Capture-d\u2019\u00e9cran-2014-02-23-\u00e0-22.04.28.png\" width=\"324\" height=\"471\" \/><\/a><\/p>\n<p><a href=\"https:\/\/www.deedeeparis.com\/blog\/wp-content\/uploads\/2014\/02\/Capture-d\u2019\u00e9cran-2014-02-23-\u00e0-22.04.00.png\"><img loading=\"lazy\" decoding=\"async\" class=\"size-medium wp-image-24215 aligncenter\" alt=\"Capture d\u2019\u00e9cran 2014-02-23 \u00e0 22.04.00\" src=\"https:\/\/www.deedeeparis.com\/blog\/wp-content\/uploads\/2014\/02\/Capture-d\u2019\u00e9cran-2014-02-23-\u00e0-22.04.00-600x393.png\" width=\"600\" height=\"393\" srcset=\"https:\/\/www.deedeeparis.com\/blog\/wp-content\/uploads\/2014\/02\/Capture-d\u2019\u00e9cran-2014-02-23-\u00e0-22.04.00-600x393.png 600w, https:\/\/www.deedeeparis.com\/blog\/wp-content\/uploads\/2014\/02\/Capture-d\u2019\u00e9cran-2014-02-23-\u00e0-22.04.00-500x328.png 500w, https:\/\/www.deedeeparis.com\/blog\/wp-content\/uploads\/2014\/02\/Capture-d\u2019\u00e9cran-2014-02-23-\u00e0-22.04.00.png 730w\" sizes=\"auto, (max-width: 600px) 100vw, 600px\" \/><\/a><\/p>\n<p><strong><strong>\u2605\u00a0Rorschach\u00a0<\/strong>de Girls in Hawaii<\/strong><\/p>\n<p>Je vous ai d\u00e9j\u00e0 dit que j&rsquo;\u00e9tais un peu compulsive, dans le genre m\u00e9lomane ? C&rsquo;est-\u00e0-dire que quand une musique me plait, je l&rsquo;\u00e9coute, encore, et encore, et encore. Quitte \u00e0 rendre fou mon entourage&#8230; Mais avouez qu&rsquo;avec la p\u00e9pite qui suit, j&rsquo;ai des escuses : si \u00e7a n&rsquo;est pas de la BOMBE !<\/p>\n<p><iframe loading=\"lazy\" src=\"http:\/\/cache.vevo.com\/m\/html\/embed.html?video=BE7911400001\" height=\"338\" width=\"600\" allowfullscreen=\"\" frameborder=\"0\"><\/iframe><\/p>\n<p>Joyeux lundi !<\/p>\n","protected":false},"excerpt":{"rendered":"<p>Nouvelle semaine, nouveaux coups de coeur ! Cette semaine, j&rsquo;aime : \u2605\u00a0Meet The Artist, LE site pour trouver de jolis tirages en \u00e9dition limit\u00e9e \u00a9Photo Alice Laval Des tirages num\u00e9rot\u00e9s d&rsquo;artistes \u00e0 des prix accessibles, c&rsquo;est ce que propose l&rsquo;excellent Meet The Artist ! On choisit son tirage, le format, l&rsquo;encadrement. Eh hop, on re\u00e7oit [&hellip;]<\/p>\n","protected":false},"author":2,"featured_media":24218,"comment_status":"open","ping_status":"open","sticky":false,"template":"","format":"standard","meta":{"_acf_changed":false,"footnotes":""},"categories":[8],"tags":[6354,5755,5051,777,6355,4634,6357,6358,5752,6356],"class_list":["post-24106","post","type-post","status-publish","format-standard","has-post-thumbnail","hentry","category-chroniques-de-paris","tag-bois-2","tag-consommation-responsable","tag-deco-a-paris","tag-les-prairies-de-paris","tag-lunettes-bois-2","tag-made-in-france","tag-meet-the-artist","tag-poster","tag-revue-centre-commercial","tag-rorschach-girls-in-hawaii"],"acf":[],"geo":null,"_links":{"self":[{"href":"https:\/\/www.deedeeparis.com\/blog\/wp-json\/wp\/v2\/posts\/24106","targetHints":{"allow":["GET"]}}],"collection":[{"href":"https:\/\/www.deedeeparis.com\/blog\/wp-json\/wp\/v2\/posts"}],"about":[{"href":"https:\/\/www.deedeeparis.com\/blog\/wp-json\/wp\/v2\/types\/post"}],"author":[{"embeddable":true,"href":"https:\/\/www.deedeeparis.com\/blog\/wp-json\/wp\/v2\/users\/2"}],"replies":[{"embeddable":true,"href":"https:\/\/www.deedeeparis.com\/blog\/wp-json\/wp\/v2\/comments?post=24106"}],"version-history":[{"count":5,"href":"https:\/\/www.deedeeparis.com\/blog\/wp-json\/wp\/v2\/posts\/24106\/revisions"}],"predecessor-version":[{"id":24194,"href":"https:\/\/www.deedeeparis.com\/blog\/wp-json\/wp\/v2\/posts\/24106\/revisions\/24194"}],"wp:featuredmedia":[{"embeddable":true,"href":"https:\/\/www.deedeeparis.com\/blog\/wp-json\/wp\/v2\/media\/24218"}],"wp:attachment":[{"href":"https:\/\/www.deedeeparis.com\/blog\/wp-json\/wp\/v2\/media?parent=24106"}],"wp:term":[{"taxonomy":"category","embeddable":true,"href":"https:\/\/www.deedeeparis.com\/blog\/wp-json\/wp\/v2\/categories?post=24106"},{"taxonomy":"post_tag","embeddable":true,"href":"https:\/\/www.deedeeparis.com\/blog\/wp-json\/wp\/v2\/tags?post=24106"}],"curies":[{"name":"wp","href":"https:\/\/api.w.org\/{rel}","templated":true}]}}