{"id":24720,"date":"2014-03-31T07:04:15","date_gmt":"2014-03-31T05:04:15","guid":{"rendered":"https:\/\/www.deedeeparis.com\/blog\/?p=24720"},"modified":"2014-03-31T09:47:26","modified_gmt":"2014-03-31T07:47:26","slug":"ma-week-list-76","status":"publish","type":"post","link":"https:\/\/www.deedeeparis.com\/blog\/ma-week-list-76","title":{"rendered":"Ma Week List #76"},"content":{"rendered":"<p>Nouvelle semaine, nouveaux coups de coeur ! Cette semaine, j&rsquo;aime :<\/p>\n<p><strong>\u2605\u00a0La nouvelle collection de my beloved <a title=\"Pas Chass\u00e9\" href=\"http:\/\/paschasse.fr\/\" target=\"_blank\">Pas Chass\u00e9\u00a0<\/a><\/strong><\/p>\n<p><a href=\"https:\/\/www.deedeeparis.com\/blog\/wp-content\/uploads\/2014\/03\/pas-chasse-1.jpg\"><img loading=\"lazy\" decoding=\"async\" class=\"alignnone size-medium wp-image-24807\" alt=\"pas-chasse-1\" src=\"https:\/\/www.deedeeparis.com\/blog\/wp-content\/uploads\/2014\/03\/pas-chasse-1-600x446.jpg\" width=\"600\" height=\"446\" srcset=\"https:\/\/www.deedeeparis.com\/blog\/wp-content\/uploads\/2014\/03\/pas-chasse-1-600x446.jpg 600w, https:\/\/www.deedeeparis.com\/blog\/wp-content\/uploads\/2014\/03\/pas-chasse-1-500x371.jpg 500w, https:\/\/www.deedeeparis.com\/blog\/wp-content\/uploads\/2014\/03\/pas-chasse-1.jpg 714w\" sizes=\"auto, (max-width: 600px) 100vw, 600px\" \/><\/a><\/p>\n<p>Cet hiver, je voulais vous concocter un article sur toutes ces pistes qui existent pour trouver de jolies chaussettes. Pour changer, le temps m&rsquo;a manqu\u00e9&#8230; et si j&rsquo;ai <a title=\"Chaussettes pas chass\u00e9\" href=\"https:\/\/www.deedeeparis.com\/blog\/tag\/chaussettes-pas-chasse\" target=\"_blank\">cit\u00e9 plusieurs fois<\/a> cette jolie marque que j&rsquo;aime d&rsquo;amour, je ne vous en ai pas dit beaucoup plus. Puisque c&rsquo;est comme \u00e7a, je pr\u00e9pare un article chaussettes de printemps, et puis c&rsquo;est marre !<\/p>\n<p>Pour l&rsquo;heure, vous pouvez d\u00e9j\u00e0 jeter un oeil sur la nouvelle collection de Pas Chass\u00e9 : jolies couleurs qui claquent, univers d\u00e9cal\u00e9\u00a0et fa\u00e7on d&rsquo;excellence, le cocktail gagnant pour des chaussettes qui font WOW !<\/p>\n<p><a href=\"https:\/\/www.deedeeparis.com\/blog\/wp-content\/uploads\/2014\/03\/pas-chasse.jpg\"><img loading=\"lazy\" decoding=\"async\" class=\"alignnone size-medium wp-image-24808\" alt=\"pas-chasse\" src=\"https:\/\/www.deedeeparis.com\/blog\/wp-content\/uploads\/2014\/03\/pas-chasse-600x445.jpg\" width=\"600\" height=\"445\" srcset=\"https:\/\/www.deedeeparis.com\/blog\/wp-content\/uploads\/2014\/03\/pas-chasse-600x445.jpg 600w, https:\/\/www.deedeeparis.com\/blog\/wp-content\/uploads\/2014\/03\/pas-chasse-500x371.jpg 500w, https:\/\/www.deedeeparis.com\/blog\/wp-content\/uploads\/2014\/03\/pas-chasse.jpg 716w\" sizes=\"auto, (max-width: 600px) 100vw, 600px\" \/><\/a><\/p>\n<p><a href=\"https:\/\/www.deedeeparis.com\/blog\/wp-content\/uploads\/2014\/03\/pas-chasse-2.jpg\"><img loading=\"lazy\" decoding=\"async\" class=\"alignnone size-medium wp-image-24806\" alt=\"pas-chasse-2\" src=\"https:\/\/www.deedeeparis.com\/blog\/wp-content\/uploads\/2014\/03\/pas-chasse-2-600x450.jpg\" width=\"600\" height=\"450\" srcset=\"https:\/\/www.deedeeparis.com\/blog\/wp-content\/uploads\/2014\/03\/pas-chasse-2-600x450.jpg 600w, https:\/\/www.deedeeparis.com\/blog\/wp-content\/uploads\/2014\/03\/pas-chasse-2-500x375.jpg 500w, https:\/\/www.deedeeparis.com\/blog\/wp-content\/uploads\/2014\/03\/pas-chasse-2.jpg 714w\" sizes=\"auto, (max-width: 600px) 100vw, 600px\" \/><\/a><\/p>\n<p><a href=\"https:\/\/www.deedeeparis.com\/blog\/wp-content\/uploads\/2014\/03\/pas-chasse-3.jpg\"><img loading=\"lazy\" decoding=\"async\" class=\"alignnone size-medium wp-image-24805\" alt=\"pas-chasse-3\" src=\"https:\/\/www.deedeeparis.com\/blog\/wp-content\/uploads\/2014\/03\/pas-chasse-3-600x447.jpg\" width=\"600\" height=\"447\" srcset=\"https:\/\/www.deedeeparis.com\/blog\/wp-content\/uploads\/2014\/03\/pas-chasse-3-600x447.jpg 600w, https:\/\/www.deedeeparis.com\/blog\/wp-content\/uploads\/2014\/03\/pas-chasse-3-500x372.jpg 500w, https:\/\/www.deedeeparis.com\/blog\/wp-content\/uploads\/2014\/03\/pas-chasse-3.jpg 708w\" sizes=\"auto, (max-width: 600px) 100vw, 600px\" \/><\/a><\/p>\n<p><strong>\u2605\u00a0<a title=\"mon jardin ma terrasse\" href=\"http:\/\/www.monjardin-materrasse.com\/\" target=\"_blank\">Mon Jardin ma Terrasse<\/a><\/strong><\/p>\n<p><a href=\"https:\/\/www.deedeeparis.com\/blog\/wp-content\/uploads\/2013\/08\/perchoir-paris-1.jpg\"><img loading=\"lazy\" decoding=\"async\" class=\"alignnone size-medium wp-image-20597\" alt=\"perchoir-paris-1\" src=\"https:\/\/www.deedeeparis.com\/blog\/wp-content\/uploads\/2013\/08\/perchoir-paris-1-600x582.jpg\" width=\"600\" height=\"582\" srcset=\"https:\/\/www.deedeeparis.com\/blog\/wp-content\/uploads\/2013\/08\/perchoir-paris-1-600x582.jpg 600w, https:\/\/www.deedeeparis.com\/blog\/wp-content\/uploads\/2013\/08\/perchoir-paris-1-1024x994.jpg 1024w, https:\/\/www.deedeeparis.com\/blog\/wp-content\/uploads\/2013\/08\/perchoir-paris-1.jpg 2000w\" sizes=\"auto, (max-width: 600px) 100vw, 600px\" \/><\/a><\/p>\n<p><em>(Oui, j&rsquo;ai r\u00e9utilis\u00e9 une vieille photo du <a title=\"Perchoir\" href=\"https:\/\/www.deedeeparis.com\/blog\/le-perchoir\" target=\"_blank\">Perchoir<\/a> pour illustrer ce qui suis)\u00a0<\/em><\/p>\n<p>D&rsquo;accord, nous autres parisiens n&rsquo;avons pas tous la joie de jouir d&rsquo;un petit espace priv\u00e9 o\u00f9 se dorer la couenne. D&rsquo;accord d&rsquo;accord,on peut m\u00eame dire que les rares parisiens qui sont pourvus d&rsquo;un balcon ou d&rsquo;une terrasse sont aussi vernis qu&rsquo;ils sont rares !<\/p>\n<p>N&#8217;emp\u00eache, un chouette projet vient de voir le jour pour ceux-l\u00e0, et pour tout ceux qui ne vivent pas \u00e0 Paris et qui veulent am\u00e9nager leurs terrasses et jardins : <a title=\"Mon jardin ma terrasse\" href=\"http:\/\/www.monjardin-materrasse.com\/\" target=\"_blank\">Mon Jardin ma Terrasse<\/a>, le premier logiciel paysagiste qui prend en compte votre espace \u00e0 vous pour cr\u00e9er un espace sur mesure. C&rsquo;est simple, malin et ultra rapide !<\/p>\n<p>Concr\u00e8tement, on entre une photo de l&rsquo;espace que l&rsquo;on veut am\u00e9nager, on choisit les plantes que l&rsquo;on veut y mettre en fonction de plein de param\u00e8tres bien pens\u00e9s (est-ce que l&rsquo;espace est ensoleill\u00e9, combien de temps on veut consacrer \u00e0 l&rsquo;entretien de son jardin, quel budget on veut mettre&#8230;) et en deux clics, on obtient une vision assez claire de ce qu&rsquo;on pourrait avoir. On repart avec la liste des courses et un paquet de conseils. Et m\u00eame, les coordonn\u00e9es de Nicolas le jardinier si on ne se sent pas de mettre la main \u00e0 la p\u00e2te. Dr\u00f4lement bien !<\/p>\n<p><strong><strong>\u2605\u00a0<\/strong>Comment survivre dans les transports en commun\u00a0<\/strong><\/p>\n<p><a href=\"https:\/\/www.deedeeparis.com\/blog\/wp-content\/uploads\/2014\/03\/photo-24.png\"><img loading=\"lazy\" decoding=\"async\" class=\"alignnone size-medium wp-image-24816\" alt=\"photo (24)\" src=\"https:\/\/www.deedeeparis.com\/blog\/wp-content\/uploads\/2014\/03\/photo-24-600x600.png\" width=\"600\" height=\"600\" srcset=\"https:\/\/www.deedeeparis.com\/blog\/wp-content\/uploads\/2014\/03\/photo-24-600x600.png 600w, https:\/\/www.deedeeparis.com\/blog\/wp-content\/uploads\/2014\/03\/photo-24-150x150.png 150w, https:\/\/www.deedeeparis.com\/blog\/wp-content\/uploads\/2014\/03\/photo-24-1024x1024.png 1024w, https:\/\/www.deedeeparis.com\/blog\/wp-content\/uploads\/2014\/03\/photo-24-160x160.png 160w, https:\/\/www.deedeeparis.com\/blog\/wp-content\/uploads\/2014\/03\/photo-24-155x155.png 155w, https:\/\/www.deedeeparis.com\/blog\/wp-content\/uploads\/2014\/03\/photo-24-500x500.png 500w, https:\/\/www.deedeeparis.com\/blog\/wp-content\/uploads\/2014\/03\/photo-24.png 1280w\" sizes=\"auto, (max-width: 600px) 100vw, 600px\" \/><\/a><\/p>\n<p>Oui, d&rsquo;accord, le sujet a d\u00e9j\u00e0 \u00e9t\u00e9 trait\u00e9 maintes fois&#8230; Mais il est toujours aussi savoureux, surtout lorsqu&rsquo;il est l&rsquo;oeuvre du duo \u00e0 l&rsquo;origine des G\u00e9rard de la T\u00e9l\u00e9vision, Arnaud Demanche et St\u00e9phane Rose.\u00a0Astuces pour obtenir une place assise, petit cours de d\u00e9cryptage des annonces dans les transports, citations que ne renieraient pas Jean-Claude Vandamme&#8230; C&rsquo;est un peu facile, mais c&rsquo;est surtout tr\u00e8s dr\u00f4le !<\/p>\n<p><strong>\u2605\u00a0<a title=\"Street Eraser\" href=\"http:\/\/streeteraser.com\/\" target=\"_blank\">Street Eraser<\/a><\/strong><\/p>\n<p style=\"text-align: center;\"><a href=\"https:\/\/www.deedeeparis.com\/blog\/wp-content\/uploads\/2014\/03\/tumblr_n2mw3zzki81tv6hplo1_500.jpg\"><img loading=\"lazy\" decoding=\"async\" class=\"alignnone size-full wp-image-24812\" alt=\"tumblr_n2mw3zzki81tv6hplo1_500\" src=\"https:\/\/www.deedeeparis.com\/blog\/wp-content\/uploads\/2014\/03\/tumblr_n2mw3zzki81tv6hplo1_500.jpg\" width=\"500\" height=\"750\" \/><\/a><\/p>\n<p>Du street art m\u00e2tin\u00e9 de codes num\u00e9riques et cr\u00e9atifs, voil\u00e0, en substance, ce que proposent <a title=\"Street Art\" href=\"https:\/\/twitter.com\/GuusterBeek\" target=\"_blank\">Guus Ter Beek<\/a> et <a title=\"Twitter\" href=\"https:\/\/twitter.com\/tayfunsarier\" target=\"_blank\">Tayfun Sarier<\/a>, les deux londoniens \u00e0 l&rsquo;origine de <a title=\"Street Eraser\" href=\"http:\/\/streeteraser.com\/\" target=\"_blank\">Street Eraser<\/a>. J&rsquo;aime beaucoup !<\/p>\n<p style=\"text-align: center;\"><a href=\"https:\/\/www.deedeeparis.com\/blog\/wp-content\/uploads\/2014\/03\/tumblr_n2mw61cinQ1tv6hplo1_r2_500.jpg\"><img loading=\"lazy\" decoding=\"async\" class=\"aligncenter\" alt=\"tumblr_n2mw61cinQ1tv6hplo1_r2_500\" src=\"https:\/\/www.deedeeparis.com\/blog\/wp-content\/uploads\/2014\/03\/tumblr_n2mw61cinQ1tv6hplo1_r2_500.jpg\" width=\"500\" height=\"750\" \/><\/a><\/p>\n<p style=\"text-align: center;\"><a href=\"https:\/\/www.deedeeparis.com\/blog\/wp-content\/uploads\/2014\/03\/tumblr_n2mw7gVmER1tv6hplo1_r3_500.jpg\"><img loading=\"lazy\" decoding=\"async\" class=\"size-full wp-image-24810 aligncenter\" alt=\"tumblr_n2mw7gVmER1tv6hplo1_r3_500\" src=\"https:\/\/www.deedeeparis.com\/blog\/wp-content\/uploads\/2014\/03\/tumblr_n2mw7gVmER1tv6hplo1_r3_500.jpg\" width=\"500\" height=\"750\" \/><\/a><\/p>\n<p>&nbsp;<\/p>\n<p><strong>La nouvelle collection d&rsquo;Adeline Affre\u00a0<\/strong><\/p>\n<p><a href=\"https:\/\/www.deedeeparis.com\/blog\/wp-content\/uploads\/2014\/03\/Capture-d\u2019\u00e9cran-2014-03-30-\u00e0-20.59.03.png\"><img loading=\"lazy\" decoding=\"async\" class=\"alignnone size-medium wp-image-24824\" alt=\"nouvelle collection Adeline Affre\" src=\"https:\/\/www.deedeeparis.com\/blog\/wp-content\/uploads\/2014\/03\/Capture-d\u2019\u00e9cran-2014-03-30-\u00e0-20.59.03-600x420.png\" width=\"600\" height=\"420\" srcset=\"https:\/\/www.deedeeparis.com\/blog\/wp-content\/uploads\/2014\/03\/Capture-d\u2019\u00e9cran-2014-03-30-\u00e0-20.59.03-600x420.png 600w, https:\/\/www.deedeeparis.com\/blog\/wp-content\/uploads\/2014\/03\/Capture-d\u2019\u00e9cran-2014-03-30-\u00e0-20.59.03-500x350.png 500w, https:\/\/www.deedeeparis.com\/blog\/wp-content\/uploads\/2014\/03\/Capture-d\u2019\u00e9cran-2014-03-30-\u00e0-20.59.03.png 717w\" sizes=\"auto, (max-width: 600px) 100vw, 600px\" \/><\/a><\/p>\n<p>Simplicit\u00e9, \u00e9vidence, personnalit\u00e9&#8230; J&rsquo;aime cette collection sign\u00e9e Adeline Affre qui sonne comme une \u00e9vidence&#8230;<\/p>\n<p style=\"text-align: center;\"><a href=\"https:\/\/www.deedeeparis.com\/blog\/wp-content\/uploads\/2014\/03\/Capture-d\u2019\u00e9cran-2014-03-30-\u00e0-21.00.15.png\"><img loading=\"lazy\" decoding=\"async\" class=\"size-full wp-image-24823 aligncenter\" alt=\"Capture d\u2019\u00e9cran 2014-03-30 \u00e0 21.00.15\" src=\"https:\/\/www.deedeeparis.com\/blog\/wp-content\/uploads\/2014\/03\/Capture-d\u2019\u00e9cran-2014-03-30-\u00e0-21.00.15.png\" width=\"488\" height=\"616\" \/><\/a><\/p>\n<p style=\"text-align: center;\"><a href=\"https:\/\/www.deedeeparis.com\/blog\/wp-content\/uploads\/2014\/03\/Capture-d\u2019\u00e9cran-2014-03-30-\u00e0-21.00.34.png\"><img loading=\"lazy\" decoding=\"async\" class=\"size-full wp-image-24822 aligncenter\" alt=\"Capture d\u2019\u00e9cran 2014-03-30 \u00e0 21.00.34\" src=\"https:\/\/www.deedeeparis.com\/blog\/wp-content\/uploads\/2014\/03\/Capture-d\u2019\u00e9cran-2014-03-30-\u00e0-21.00.34.png\" width=\"482\" height=\"617\" \/><\/a><\/p>\n<p style=\"text-align: center;\"><a href=\"https:\/\/www.deedeeparis.com\/blog\/wp-content\/uploads\/2014\/03\/Capture-d\u2019\u00e9cran-2014-03-30-\u00e0-21.00.53.png\"><img loading=\"lazy\" decoding=\"async\" class=\"size-full wp-image-24821 aligncenter\" alt=\"Capture d\u2019\u00e9cran 2014-03-30 \u00e0 21.00.53\" src=\"https:\/\/www.deedeeparis.com\/blog\/wp-content\/uploads\/2014\/03\/Capture-d\u2019\u00e9cran-2014-03-30-\u00e0-21.00.53.png\" width=\"480\" height=\"603\" \/><\/a><\/p>\n<p><strong><strong>\u2605\u00a0<\/strong>L&rsquo;\u00e9mission mode de June TV, d\u00e9di\u00e9e cette fois-ci au sweat<\/strong><\/p>\n<p>Si vous avez envie de vous culturer un peu autour du sweat (il n&rsquo;y a aucun oxymore dans la phrase qui pr\u00e9c\u00e8de !), vous pouvez regarder cette \u00e9mission de June TV d\u00e9di\u00e9e \u00e0 cette pi\u00e8ce, donc, o\u00f9 j&rsquo;ai le plaisir d&rsquo;intervenir (et qui m&rsquo;a fait prendre conscience que malgr\u00e9 ce que je croyais, un rouge \u00e0 l\u00e8vres qui claque ne sauve pas compl\u00e8tement de la fatigue..!)<\/p>\n<p><iframe loading=\"lazy\" src=\"\/\/www.youtube.com\/embed\/ZcON18gyo48\" height=\"338\" width=\"600\" allowfullscreen=\"\" frameborder=\"0\"><\/iframe><\/p>\n<p><strong><strong>\u2605\u00a0<\/strong>Fairytale de Milcky Chance<\/strong><\/p>\n<p>La semaine derni\u00e8re, en voulant vous parler de Perseus, j&rsquo;ai fait un mauvais copier-coller et j&rsquo;ai mis un tr\u00e8s bon titre de Milky Chance, Sweet Sun. Lequel vous a visiblement bien plu.\u00a0Du coup, je poursuis, parce que j&rsquo;ai moi m\u00eame un gros, non, un \u00e9norme coup de coeur pour ce groupe ! Un groupe allemand, compos\u00e9 de\u00a0Clemens Rehbein\u00a0et Philipp Dausch, et qui sort son premier album le 12 mai prochain. Les pros disent que leur musique allie\u00a0\u00e0 merveille folk, reggae et musique \u00e9lectronique&#8230; Je ne suis pas bien s\u00fbre de reconnaitre tous ces accents, mais ce que je sais, c&rsquo;est que j&rsquo;\u00e9coute l&rsquo;album en boucle sur Grooveshark depuis des semaines. Notamment, cette p\u00e9pite l\u00e0 (Montez le son, c&rsquo;est un ordre !)<\/p>\n<p><object id=\"gsSong3910403384\" width=\"600\" height=\"40\" classid=\"clsid:d27cdb6e-ae6d-11cf-96b8-444553540000\" codebase=\"http:\/\/download.macromedia.com\/pub\/shockwave\/cabs\/flash\/swflash.cab#version=6,0,40,0\" name=\"gsSong3910403384\"><param name=\"wmode\" value=\"window\" \/><param name=\"allowScriptAccess\" value=\"always\" \/><param name=\"flashvars\" value=\"hostname=grooveshark.com&amp;songID=39104033&amp;style=metal&amp;p=0\" \/><param name=\"src\" value=\"http:\/\/grooveshark.com\/songWidget.swf\" \/><param name=\"allowscriptaccess\" value=\"always\" \/><embed id=\"gsSong3910403384\" width=\"600\" height=\"40\" type=\"application\/x-shockwave-flash\" src=\"http:\/\/grooveshark.com\/songWidget.swf\" wmode=\"window\" allowScriptAccess=\"always\" flashvars=\"hostname=grooveshark.com&amp;songID=39104033&amp;style=metal&amp;p=0\" allowscriptaccess=\"always\" name=\"gsSong3910403384\" \/><img loading=\"lazy\" decoding=\"async\" src=\"https:\/\/www.deedeeparis.com\/blog\/wp-includes\/js\/tinymce\/themes\/advanced\/img\/trans.gif\" class=\"mceItemMedia mceItemFlash\" width=\"600\" height=\"40\" data-mce-json=\"{'video':{},'params':{'wmode':'window','allowScriptAccess':'always','flashvars':'hostname=grooveshark.com&amp;songID=39104033&amp;style=metal&amp;p=0','src':'http:\/\/grooveshark.com\/songWidget.swf'},'name':null,'object_html':'&lt;span&gt;&lt;a href=\\&quot;http:\/\/grooveshark.com\/search\/song?q=Milky%20Chance%20Fairytale\\&quot; title=\\&quot;Fairytale by Milky Chance on Grooveshark\\&quot;&gt;Fairytale by Milky Chance on Grooveshark&lt;\/a&gt;&lt;\/span&gt;','hspace':null,'vspace':null,'align':null,'bgcolor':null}\" alt=\"\" \/><\/object><\/p>\n<p>Voil\u00e0, c&rsquo;est tout. Joyeux lundi !<\/p>\n","protected":false},"excerpt":{"rendered":"<p>Nouvelle semaine, nouveaux coups de coeur ! Cette semaine, j&rsquo;aime : \u2605\u00a0La nouvelle collection de my beloved Pas Chass\u00e9\u00a0 Cet hiver, je voulais vous concocter un article sur toutes ces pistes qui existent pour trouver de jolies chaussettes. Pour changer, le temps m&rsquo;a manqu\u00e9&#8230; et si j&rsquo;ai cit\u00e9 plusieurs fois cette jolie marque que j&rsquo;aime [&hellip;]<\/p>\n","protected":false},"author":2,"featured_media":24807,"comment_status":"open","ping_status":"open","sticky":false,"template":"","format":"standard","meta":{"_acf_changed":false,"footnotes":""},"categories":[8],"tags":[4748,6472,6049,5767,6476,6477,6473,6069,1059,4395,6475,6474,878,1754],"class_list":["post-24720","post","type-post","status-publish","format-standard","has-post-thumbnail","hentry","category-chroniques-de-paris","tag-adeline-affre","tag-chaussettes","tag-chaussettes-pas-chasse","tag-le-perchoir","tag-mon-jardin-ma-terrasse","tag-nouvelle-collection-dadeline-affre","tag-ou-trouver-de-jolies-chaussettes","tag-pas-chasse","tag-street-art","tag-street-art-london","tag-street-art-lonres","tag-street-eraser","tag-terrasse-a-paris","tag-terrasses-a-paris"],"acf":[],"geo":null,"_links":{"self":[{"href":"https:\/\/www.deedeeparis.com\/blog\/wp-json\/wp\/v2\/posts\/24720","targetHints":{"allow":["GET"]}}],"collection":[{"href":"https:\/\/www.deedeeparis.com\/blog\/wp-json\/wp\/v2\/posts"}],"about":[{"href":"https:\/\/www.deedeeparis.com\/blog\/wp-json\/wp\/v2\/types\/post"}],"author":[{"embeddable":true,"href":"https:\/\/www.deedeeparis.com\/blog\/wp-json\/wp\/v2\/users\/2"}],"replies":[{"embeddable":true,"href":"https:\/\/www.deedeeparis.com\/blog\/wp-json\/wp\/v2\/comments?post=24720"}],"version-history":[{"count":5,"href":"https:\/\/www.deedeeparis.com\/blog\/wp-json\/wp\/v2\/posts\/24720\/revisions"}],"predecessor-version":[{"id":24804,"href":"https:\/\/www.deedeeparis.com\/blog\/wp-json\/wp\/v2\/posts\/24720\/revisions\/24804"}],"wp:featuredmedia":[{"embeddable":true,"href":"https:\/\/www.deedeeparis.com\/blog\/wp-json\/wp\/v2\/media\/24807"}],"wp:attachment":[{"href":"https:\/\/www.deedeeparis.com\/blog\/wp-json\/wp\/v2\/media?parent=24720"}],"wp:term":[{"taxonomy":"category","embeddable":true,"href":"https:\/\/www.deedeeparis.com\/blog\/wp-json\/wp\/v2\/categories?post=24720"},{"taxonomy":"post_tag","embeddable":true,"href":"https:\/\/www.deedeeparis.com\/blog\/wp-json\/wp\/v2\/tags?post=24720"}],"curies":[{"name":"wp","href":"https:\/\/api.w.org\/{rel}","templated":true}]}}