{"id":24973,"date":"2014-04-14T07:51:31","date_gmt":"2014-04-14T05:51:31","guid":{"rendered":"https:\/\/www.deedeeparis.com\/blog\/?p=24973"},"modified":"2014-04-14T09:33:11","modified_gmt":"2014-04-14T07:33:11","slug":"ma-weel-list-78","status":"publish","type":"post","link":"https:\/\/www.deedeeparis.com\/blog\/ma-weel-list-78","title":{"rendered":"Ma Week List #78"},"content":{"rendered":"<p>Nouvelle semaine, nouveaux coups de coeur ! Cette semaine, j&rsquo;aime :<\/p>\n<p><strong>\u2605\u00a0La <a title=\"La pi\u00e8ce x tabas\" href=\"http:\/\/lapiece-vintage.com\/collaborations\/tabas\" target=\"_blank\">Pi\u00e8ce x Tabas<\/a><\/strong><\/p>\n<p><a href=\"https:\/\/www.deedeeparis.com\/blog\/wp-content\/uploads\/2014\/04\/unnamed.jpg\"><img loading=\"lazy\" decoding=\"async\" class=\"alignnone size-full wp-image-25033\" alt=\"la pi\u00e8ce x tabas\" src=\"https:\/\/www.deedeeparis.com\/blog\/wp-content\/uploads\/2014\/04\/unnamed.jpg\" width=\"597\" height=\"397\" srcset=\"https:\/\/www.deedeeparis.com\/blog\/wp-content\/uploads\/2014\/04\/unnamed.jpg 597w, https:\/\/www.deedeeparis.com\/blog\/wp-content\/uploads\/2014\/04\/unnamed-500x332.jpg 500w\" sizes=\"auto, (max-width: 597px) 100vw, 597px\" \/><\/a><\/p>\n<p>Mes chouchous proposent une nouvelle chouette collaboration : celle r\u00e9alis\u00e9e avec Tabas, donc,\u00a0le pseudo de l\u2019illustrateur et graphiste fran\u00e7ais, C\u00e9dric Malo. Lequel, apr\u00e8s avoir commenc\u00e9 par le graffiti traditionnel, est devenu un nom bien connu de la sc\u00e8ne graphique fran\u00e7aise. Et zou : il r\u00e9alise pour La Pi\u00e8ce un ab\u00e9c\u00e9daire de 26 lettres ainsi qu\u2019une s\u00e9rie de 10 chiffres, 36 pi\u00e8ces disponibles en 10 coloris contre 9,90 euros chaque. Youpi !<\/p>\n<p><a href=\"https:\/\/www.deedeeparis.com\/blog\/wp-content\/uploads\/2014\/04\/Capture-d\u2019\u00e9cran-2014-04-13-\u00e0-21.52.05.png\"><img loading=\"lazy\" decoding=\"async\" class=\"alignnone size-medium wp-image-25034\" alt=\"la pi\u00e8ce x tabas\" src=\"https:\/\/www.deedeeparis.com\/blog\/wp-content\/uploads\/2014\/04\/Capture-d\u2019\u00e9cran-2014-04-13-\u00e0-21.52.05-600x398.png\" width=\"600\" height=\"398\" srcset=\"https:\/\/www.deedeeparis.com\/blog\/wp-content\/uploads\/2014\/04\/Capture-d\u2019\u00e9cran-2014-04-13-\u00e0-21.52.05-600x398.png 600w, https:\/\/www.deedeeparis.com\/blog\/wp-content\/uploads\/2014\/04\/Capture-d\u2019\u00e9cran-2014-04-13-\u00e0-21.52.05-500x332.png 500w, https:\/\/www.deedeeparis.com\/blog\/wp-content\/uploads\/2014\/04\/Capture-d\u2019\u00e9cran-2014-04-13-\u00e0-21.52.05.png 709w\" sizes=\"auto, (max-width: 600px) 100vw, 600px\" \/><\/a><\/p>\n<p><a href=\"https:\/\/www.deedeeparis.com\/blog\/wp-content\/uploads\/2014\/04\/unnamed-1.jpg\"><img loading=\"lazy\" decoding=\"async\" class=\"alignnone size-full wp-image-25032\" alt=\"la pi\u00e8ce x tabas\" src=\"https:\/\/www.deedeeparis.com\/blog\/wp-content\/uploads\/2014\/04\/unnamed-1.jpg\" width=\"597\" height=\"397\" srcset=\"https:\/\/www.deedeeparis.com\/blog\/wp-content\/uploads\/2014\/04\/unnamed-1.jpg 597w, https:\/\/www.deedeeparis.com\/blog\/wp-content\/uploads\/2014\/04\/unnamed-1-500x332.jpg 500w\" sizes=\"auto, (max-width: 597px) 100vw, 597px\" \/><\/a><\/p>\n<p><strong>\u2605\u00a0Le <a title=\"Quiz festival\" href=\"http:\/\/www.sourdoreille.net\/quizfestivals\/quiz.php\" target=\"_blank\">quiz Festival<\/a><\/strong><\/p>\n<p><a href=\"https:\/\/www.deedeeparis.com\/blog\/wp-content\/uploads\/2014\/04\/calvi-on-the-rocks.jpg\"><img loading=\"lazy\" decoding=\"async\" class=\"alignnone size-medium wp-image-25028\" alt=\"calvi on the rocks\" src=\"https:\/\/www.deedeeparis.com\/blog\/wp-content\/uploads\/2014\/04\/calvi-on-the-rocks-600x400.jpg\" width=\"600\" height=\"400\" srcset=\"https:\/\/www.deedeeparis.com\/blog\/wp-content\/uploads\/2014\/04\/calvi-on-the-rocks-600x400.jpg 600w, https:\/\/www.deedeeparis.com\/blog\/wp-content\/uploads\/2014\/04\/calvi-on-the-rocks-500x333.jpg 500w, https:\/\/www.deedeeparis.com\/blog\/wp-content\/uploads\/2014\/04\/calvi-on-the-rocks.jpg 607w\" sizes=\"auto, (max-width: 600px) 100vw, 600px\" \/><\/a><\/p>\n<p><em>\u00a9Photo\u00a0Matthew Oliver<\/em><\/p>\n<p>En 20 questions, hop, on obtient une liste des trois festivals faits pour nous. Ludique et sympathique &#8211; m\u00eame si certaines questions sentent un peu l&rsquo;ado pr\u00e9-pub\u00e8re &#8211; et plut\u00f4t juste en ce qui me concerne puisque le r\u00e9sultat m&rsquo;a indiqu\u00e9 que je devais ABSOLUMENT me rendre \u00e0 Calvi. EVIDEMMENT.\u00a0<em><br \/>\n<\/em><\/p>\n<p><strong>\u2605\u00a0A girl named Elastika\u00a0<\/strong><\/p>\n<p>Des punaises et des \u00e9lastiques. Et un r\u00e9sultat bluffant&#8230;\u00a0A girl named Elastika, con\u00e7u par <a title=\"Guillaume blanchet\" href=\"https:\/\/www.facebook.com\/GuillaumeBlanchetFilmmaker\" target=\"_blank\">Guillaume Blanchet<\/a>, un fran\u00e7ais qui vit au Canada. Le mec raffle prix sur prix&#8230; Et quand on voit son animation, on ne s&rsquo;en \u00e9tonne gu\u00e8re !<\/p>\n<p><iframe loading=\"lazy\" src=\"\/\/player.vimeo.com\/video\/90603521?byline=0&amp;badge=0\" height=\"281\" width=\"500\" allowfullscreen=\"\" frameborder=\"0\"><\/iframe><\/p>\n<p><strong>\u2605\u00a0Le concours lanc\u00e9 par Pierre Hardy<\/strong><\/p>\n<p><a href=\"https:\/\/www.deedeeparis.com\/blog\/wp-content\/uploads\/2014\/04\/Capturedrsquoeacutecran2014-04-04agrave140612_zpsc1403b96.png\"><img loading=\"lazy\" decoding=\"async\" class=\"alignnone size-medium wp-image-25017\" alt=\"marrie Perron pierre Hardy\" src=\"https:\/\/www.deedeeparis.com\/blog\/wp-content\/uploads\/2014\/04\/Capturedrsquoeacutecran2014-04-04agrave140612_zpsc1403b96-600x469.png\" width=\"600\" height=\"469\" srcset=\"https:\/\/www.deedeeparis.com\/blog\/wp-content\/uploads\/2014\/04\/Capturedrsquoeacutecran2014-04-04agrave140612_zpsc1403b96-600x469.png 600w, https:\/\/www.deedeeparis.com\/blog\/wp-content\/uploads\/2014\/04\/Capturedrsquoeacutecran2014-04-04agrave140612_zpsc1403b96-500x391.png 500w, https:\/\/www.deedeeparis.com\/blog\/wp-content\/uploads\/2014\/04\/Capturedrsquoeacutecran2014-04-04agrave140612_zpsc1403b96.png 823w\" sizes=\"auto, (max-width: 600px) 100vw, 600px\" \/><\/a><\/p>\n<p>Jusqu&rsquo;au 18 avril, vous pouvez imprimer l&rsquo;une des <a title=\"Marie Perron\" href=\"https:\/\/www.facebook.com\/pages\/Pierre-Hardy\/154711878325?sk=app_195646697137509&amp;app_data\" target=\"_blank\">illustrations de l&rsquo;excellent livre de Marie Perron<\/a> (<a title=\"Marie Perron\" href=\"http:\/\/instagram.com\/p\/g3DHV5mW-p\/\" target=\"_blank\">dont je vous ai d\u00e9j\u00e0 parl\u00e9<\/a> !), la colorier, et la poster sur Twitter, Facebook ou Instagram en apposant les hasgtags #PIERREHARDYMYFASHIONCOLORIAGES \u00a0#MYFASHIONCOLORIAGES #HACHETTELOISIRS. A la cl\u00e9 ? Une pochette Pierre Hardy Cube Print \u00e0 gagner.<\/p>\n<p><a href=\"https:\/\/www.deedeeparis.com\/blog\/wp-content\/uploads\/2014\/04\/FashioncoloriagesPi5671EE_zpsa2dad109.jpg\"><img loading=\"lazy\" decoding=\"async\" class=\"alignnone size-medium wp-image-25018\" alt=\"marrie Perron pierre Hardy\" src=\"https:\/\/www.deedeeparis.com\/blog\/wp-content\/uploads\/2014\/04\/FashioncoloriagesPi5671EE_zpsa2dad109-600x801.jpg\" width=\"600\" height=\"801\" srcset=\"https:\/\/www.deedeeparis.com\/blog\/wp-content\/uploads\/2014\/04\/FashioncoloriagesPi5671EE_zpsa2dad109-600x801.jpg 600w, https:\/\/www.deedeeparis.com\/blog\/wp-content\/uploads\/2014\/04\/FashioncoloriagesPi5671EE_zpsa2dad109-500x667.jpg 500w, https:\/\/www.deedeeparis.com\/blog\/wp-content\/uploads\/2014\/04\/FashioncoloriagesPi5671EE_zpsa2dad109.jpg 767w\" sizes=\"auto, (max-width: 600px) 100vw, 600px\" \/><\/a> <a href=\"https:\/\/www.deedeeparis.com\/blog\/wp-content\/uploads\/2014\/04\/FashioncoloriagesPierreHardypochetteOK2_zpsefc6e7c3.jpg\"><img loading=\"lazy\" decoding=\"async\" class=\"alignnone size-medium wp-image-25019\" alt=\"marrie Perron pierre Hardy\" src=\"https:\/\/www.deedeeparis.com\/blog\/wp-content\/uploads\/2014\/04\/FashioncoloriagesPierreHardypochetteOK2_zpsefc6e7c3-600x819.jpg\" width=\"600\" height=\"819\" srcset=\"https:\/\/www.deedeeparis.com\/blog\/wp-content\/uploads\/2014\/04\/FashioncoloriagesPierreHardypochetteOK2_zpsefc6e7c3-600x819.jpg 600w, https:\/\/www.deedeeparis.com\/blog\/wp-content\/uploads\/2014\/04\/FashioncoloriagesPierreHardypochetteOK2_zpsefc6e7c3-500x682.jpg 500w, https:\/\/www.deedeeparis.com\/blog\/wp-content\/uploads\/2014\/04\/FashioncoloriagesPierreHardypochetteOK2_zpsefc6e7c3.jpg 750w\" sizes=\"auto, (max-width: 600px) 100vw, 600px\" \/><\/a><\/p>\n<p><strong>\u2605\u00a0La premi\u00e8re ligne de maquillage de Marc Jacobs<\/strong><\/p>\n<p><a href=\"https:\/\/www.deedeeparis.com\/blog\/wp-content\/uploads\/2014\/04\/Capture-d\u2019\u00e9cran-2014-04-13-\u00e0-20.58.33.png\"><img loading=\"lazy\" decoding=\"async\" class=\"alignnone size-medium wp-image-25022\" alt=\"maquillage marc jacobs\" src=\"https:\/\/www.deedeeparis.com\/blog\/wp-content\/uploads\/2014\/04\/Capture-d\u2019\u00e9cran-2014-04-13-\u00e0-20.58.33-600x600.png\" width=\"600\" height=\"600\" srcset=\"https:\/\/www.deedeeparis.com\/blog\/wp-content\/uploads\/2014\/04\/Capture-d\u2019\u00e9cran-2014-04-13-\u00e0-20.58.33-600x600.png 600w, https:\/\/www.deedeeparis.com\/blog\/wp-content\/uploads\/2014\/04\/Capture-d\u2019\u00e9cran-2014-04-13-\u00e0-20.58.33-150x150.png 150w, https:\/\/www.deedeeparis.com\/blog\/wp-content\/uploads\/2014\/04\/Capture-d\u2019\u00e9cran-2014-04-13-\u00e0-20.58.33-160x160.png 160w, https:\/\/www.deedeeparis.com\/blog\/wp-content\/uploads\/2014\/04\/Capture-d\u2019\u00e9cran-2014-04-13-\u00e0-20.58.33-155x155.png 155w, https:\/\/www.deedeeparis.com\/blog\/wp-content\/uploads\/2014\/04\/Capture-d\u2019\u00e9cran-2014-04-13-\u00e0-20.58.33-500x500.png 500w, https:\/\/www.deedeeparis.com\/blog\/wp-content\/uploads\/2014\/04\/Capture-d\u2019\u00e9cran-2014-04-13-\u00e0-20.58.33.png 610w\" sizes=\"auto, (max-width: 600px) 100vw, 600px\" \/><\/a><\/p>\n<p><em>Photo vol\u00e9e sans scrupule \u00e0 <a title=\"Violette\" href=\"http:\/\/soisbelleetparle.fr\/\" target=\"_blank\">Violette<\/a> sur son <a title=\"Instagram Violette\" href=\"http:\/\/instagram.com\/violette_sbep\" target=\"_blank\">Instagram<\/a>\u00a0<\/em><\/p>\n<p>Jolis \u00e9crins et belles mati\u00e8res, voil\u00e0 comment on pourrait r\u00e9sumer cette premi\u00e8re collection, disponible en exclusivit\u00e9 chez Sephora !<\/p>\n<p><strong>\u2605\u00a0Le tuto de <a title=\"Oh Happy Day\" href=\"http:\/\/ohhappyday.com\/2013\/03\/easter-egg-pinatas-diy\/\" target=\"_blank\">Oh Happy Day<\/a> pour P\u00e2ques<\/strong><\/p>\n<p><a href=\"https:\/\/www.deedeeparis.com\/blog\/wp-content\/uploads\/2014\/04\/Easter-Egg-Pinatas1.png\"><img loading=\"lazy\" decoding=\"async\" class=\"alignnone size-full wp-image-25024\" alt=\"Easter-Egg-Pinatas1\" src=\"https:\/\/www.deedeeparis.com\/blog\/wp-content\/uploads\/2014\/04\/Easter-Egg-Pinatas1.png\" width=\"600\" height=\"900\" srcset=\"https:\/\/www.deedeeparis.com\/blog\/wp-content\/uploads\/2014\/04\/Easter-Egg-Pinatas1.png 600w, https:\/\/www.deedeeparis.com\/blog\/wp-content\/uploads\/2014\/04\/Easter-Egg-Pinatas1-500x750.png 500w\" sizes=\"auto, (max-width: 600px) 100vw, 600px\" \/><\/a><\/p>\n<p>Oui, si, je signale \u00e0 toute fin utile que P\u00e2ques, c&rsquo;est dans 6 jours. Je sais, ne m&rsquo;en parlez pas, <em>time flies<\/em>, tout \u00e7a. Ce qui est s\u00fbr, c&rsquo;est ce que c&rsquo;est l&rsquo;occasion de renouer avec nos bonnes vieilles habitudes et de croquer dans quelque carr\u00e9 (on notera la formulation toute en retenue si peu conforme \u00e0 la r\u00e9alit\u00e9&#8230; #teambouboule !). Et de s&rsquo;adonner \u00e0 quelques travaux manuels. Comme ces oeufs pinata, que je trouve assez chouette et pas trop tarte (tapez \u00ab\u00a0DIY p\u00e2ques\u00a0\u00bb pour prendre toute la mesure de cette derni\u00e8re affirmation).<\/p>\n<p><a href=\"https:\/\/www.deedeeparis.com\/blog\/wp-content\/uploads\/2014\/04\/Capture-d\u2019\u00e9cran-2014-04-13-\u00e0-21.17.05.png\"><img loading=\"lazy\" decoding=\"async\" class=\"alignnone size-full wp-image-25025\" alt=\"Capture d\u2019\u00e9cran 2014-04-13 \u00e0 21.17.05\" src=\"https:\/\/www.deedeeparis.com\/blog\/wp-content\/uploads\/2014\/04\/Capture-d\u2019\u00e9cran-2014-04-13-\u00e0-21.17.05.png\" width=\"597\" height=\"643\" srcset=\"https:\/\/www.deedeeparis.com\/blog\/wp-content\/uploads\/2014\/04\/Capture-d\u2019\u00e9cran-2014-04-13-\u00e0-21.17.05.png 597w, https:\/\/www.deedeeparis.com\/blog\/wp-content\/uploads\/2014\/04\/Capture-d\u2019\u00e9cran-2014-04-13-\u00e0-21.17.05-500x538.png 500w\" sizes=\"auto, (max-width: 597px) 100vw, 597px\" \/><\/a><\/p>\n<p>Vous pouvez retrouver le tuto en int\u00e9gralit\u00e9 sur <a title=\"Oh happy day\" href=\"http:\/\/ohhappyday.com\/2013\/03\/easter-egg-pinatas-diy\/\" target=\"_blank\">Oh Happy Day<\/a> !<\/p>\n<p><strong>\u2605\u00a0La\u00a0programmation Festival International de mode et de photo de Hy\u00e8res\u00a0<\/strong><\/p>\n<p>On ne pr\u00e9sente plus le Festival International de mode et de photo de Hy\u00e8res, qui aura lieu cette ann\u00e9e du 25 au 28 avril. Un des seuls \u00e9v\u00e9nements \u00ab\u00a0mode\u00a0\u00bb, au sens large, qui me r\u00e9concilie \u00e0 peu pr\u00e8s avec l&rsquo;univers de la mode, toujours au sens large. Parce qu&rsquo;\u00e0 Hy\u00e8res, on cr\u00e9e, on s&rsquo;amuse, on joue, on d\u00e9couvre de nouveaux talents, que ce soit en mode, en photo, donc, ou en musique : Stage of the Art est une agence qui g\u00e8re notamment la programmation musicale de la Villa Noailles (Hy\u00e8res, donc, suivez un peu !). Cette ann\u00e9e, tous les artistes choisis par Stage of the Art ont con\u00e7u 1 \u00e0 2 morceaux aux Red Bill Studios de Paris et de Londres. \u00c7a donne quelques p\u00e9pites, parmi lesquelles ce Spitfire de C.A.R.,\u00a0le projet solo de Chloe Raunet, chanteuse de l\u2019ex duo \u00e9lectronique coldwave londonien Battant. Montez le son !<\/p>\n<p><iframe loading=\"lazy\" src=\"\/\/www.youtube.com\/embed\/tOPXWeejZHU\" height=\"338\" width=\"600\" allowfullscreen=\"\" frameborder=\"0\"><\/iframe><\/p>\n<p>Vous pouvez retrouver l&rsquo;int\u00e9gralit\u00e9 du programme sur le site de <a title=\"Stage of the art\" href=\"http:\/\/www.stageoftheart.net\/art\/Concerts-Stage-of-the-Art-au-29e-Festival-International-de-mode-et-de-photographie-villa-Noailles-Hyeres-387\" target=\"_blank\">Stage of the Art<\/a><\/p>\n<p>Joyeux lundi !<\/p>\n","protected":false},"excerpt":{"rendered":"<p>Nouvelle semaine, nouveaux coups de coeur ! Cette semaine, j&rsquo;aime : \u2605\u00a0La Pi\u00e8ce x Tabas Mes chouchous proposent une nouvelle chouette collaboration : celle r\u00e9alis\u00e9e avec Tabas, donc,\u00a0le pseudo de l\u2019illustrateur et graphiste fran\u00e7ais, C\u00e9dric Malo. Lequel, apr\u00e8s avoir commenc\u00e9 par le graffiti traditionnel, est devenu un nom bien connu de la sc\u00e8ne graphique fran\u00e7aise. [&hellip;]<\/p>\n","protected":false},"author":2,"featured_media":25032,"comment_status":"open","ping_status":"open","sticky":false,"template":"","format":"standard","meta":{"_acf_changed":false,"footnotes":""},"categories":[8],"tags":[6531,6532,6533,6332,6537,6534,4146,6536,6535],"class_list":["post-24973","post","type-post","status-publish","format-standard","has-post-thumbnail","hentry","category-chroniques-de-paris","tag-calvi-on-the-rocks","tag-festival-calvi","tag-festivals-2014","tag-la-piece","tag-la-piece-x-tabas","tag-maquillage-marc-jacobs","tag-marie-perron","tag-programmation-festival-international-de-mode-et-de-photo-de-hyeres","tag-stage-of-the-art"],"acf":[],"geo":null,"_links":{"self":[{"href":"https:\/\/www.deedeeparis.com\/blog\/wp-json\/wp\/v2\/posts\/24973","targetHints":{"allow":["GET"]}}],"collection":[{"href":"https:\/\/www.deedeeparis.com\/blog\/wp-json\/wp\/v2\/posts"}],"about":[{"href":"https:\/\/www.deedeeparis.com\/blog\/wp-json\/wp\/v2\/types\/post"}],"author":[{"embeddable":true,"href":"https:\/\/www.deedeeparis.com\/blog\/wp-json\/wp\/v2\/users\/2"}],"replies":[{"embeddable":true,"href":"https:\/\/www.deedeeparis.com\/blog\/wp-json\/wp\/v2\/comments?post=24973"}],"version-history":[{"count":5,"href":"https:\/\/www.deedeeparis.com\/blog\/wp-json\/wp\/v2\/posts\/24973\/revisions"}],"predecessor-version":[{"id":25021,"href":"https:\/\/www.deedeeparis.com\/blog\/wp-json\/wp\/v2\/posts\/24973\/revisions\/25021"}],"wp:featuredmedia":[{"embeddable":true,"href":"https:\/\/www.deedeeparis.com\/blog\/wp-json\/wp\/v2\/media\/25032"}],"wp:attachment":[{"href":"https:\/\/www.deedeeparis.com\/blog\/wp-json\/wp\/v2\/media?parent=24973"}],"wp:term":[{"taxonomy":"category","embeddable":true,"href":"https:\/\/www.deedeeparis.com\/blog\/wp-json\/wp\/v2\/categories?post=24973"},{"taxonomy":"post_tag","embeddable":true,"href":"https:\/\/www.deedeeparis.com\/blog\/wp-json\/wp\/v2\/tags?post=24973"}],"curies":[{"name":"wp","href":"https:\/\/api.w.org\/{rel}","templated":true}]}}