{"id":25533,"date":"2014-05-19T07:03:49","date_gmt":"2014-05-19T05:03:49","guid":{"rendered":"https:\/\/www.deedeeparis.com\/blog\/?p=25533"},"modified":"2014-05-18T22:50:42","modified_gmt":"2014-05-18T20:50:42","slug":"ma-week-list-83","status":"publish","type":"post","link":"https:\/\/www.deedeeparis.com\/blog\/ma-week-list-83","title":{"rendered":"Ma week list #83"},"content":{"rendered":"<p>Nouvelle semaine, nouveaux coups de coeurs ! Bon, avant, il faut quand m\u00eame que je vous dise que je suis partie quelques jours en Tha\u00eflande. Oui mais attendez, cong\u00e9s \u00e0 solder au bureau, grosse fatigue, besoin de changer d&rsquo;air&#8230; Vous en voulez encore, des excuses pour ne pas me d\u00e9tester ?!^^ Ne vous \u00e9tonnez pas si je suis un peu moins r\u00e9active, du coup. Sauf sur <a title=\"INstagram deedeeparis\" href=\"http:\/\/instagram.com\/deedeeparis\" target=\"_blank\">Instagram<\/a>, \u00e9videmment (je suis drogu\u00e9e, c&rsquo;est fichu).<\/p>\n<p>Pour l&rsquo;heure, voil\u00e0 donc les coups de coeur de la semaine :<\/p>\n<p><strong>\u2605 La nouvelle collection de <a title=\"French Disorder\" href=\"http:\/\/www.frenchdisorder.com\/79-new\" target=\"_blank\">French Disorder<\/a><\/strong><\/p>\n<p><a href=\"https:\/\/www.deedeeparis.com\/blog\/wp-content\/uploads\/2014\/05\/Capture-d\u2019\u00e9cran-2014-05-17-\u00e0-17.54.33.png\"><img loading=\"lazy\" decoding=\"async\" class=\"alignnone size-medium wp-image-25555\" alt=\"Capture d\u2019\u00e9cran 2014-05-17 \u00e0 17.54.33\" src=\"https:\/\/www.deedeeparis.com\/blog\/wp-content\/uploads\/2014\/05\/Capture-d\u2019\u00e9cran-2014-05-17-\u00e0-17.54.33-600x416.png\" width=\"600\" height=\"416\" srcset=\"https:\/\/www.deedeeparis.com\/blog\/wp-content\/uploads\/2014\/05\/Capture-d\u2019\u00e9cran-2014-05-17-\u00e0-17.54.33-600x416.png 600w, https:\/\/www.deedeeparis.com\/blog\/wp-content\/uploads\/2014\/05\/Capture-d\u2019\u00e9cran-2014-05-17-\u00e0-17.54.33-500x346.png 500w, https:\/\/www.deedeeparis.com\/blog\/wp-content\/uploads\/2014\/05\/Capture-d\u2019\u00e9cran-2014-05-17-\u00e0-17.54.33.png 689w\" sizes=\"auto, (max-width: 600px) 100vw, 600px\" \/><\/a><\/p>\n<p>Les copains de French Disorder viennent de lancer une collection d&rsquo;\u00e9t\u00e9. Tee shirts, robes de plages et sweats l\u00e9gers toujours vendus \u00e0 petit prix. On sort nos petits panneaux et on leur met un 10\/10 !<\/p>\n<p><a href=\"https:\/\/www.deedeeparis.com\/blog\/wp-content\/uploads\/2014\/05\/Capture-d\u2019\u00e9cran-2014-05-17-\u00e0-17.55.13.png\"><img loading=\"lazy\" decoding=\"async\" class=\"size-full wp-image-25554 aligncenter\" alt=\"Capture d\u2019\u00e9cran 2014-05-17 \u00e0 17.55.13\" src=\"https:\/\/www.deedeeparis.com\/blog\/wp-content\/uploads\/2014\/05\/Capture-d\u2019\u00e9cran-2014-05-17-\u00e0-17.55.13.png\" width=\"458\" height=\"605\" \/><\/a><\/p>\n<p><a href=\"https:\/\/www.deedeeparis.com\/blog\/wp-content\/uploads\/2014\/05\/Capture-d\u2019\u00e9cran-2014-05-17-\u00e0-17.54.14.png\"><img loading=\"lazy\" decoding=\"async\" class=\"alignnone size-medium wp-image-25556\" alt=\"Capture d\u2019\u00e9cran 2014-05-17 \u00e0 17.54.14\" src=\"https:\/\/www.deedeeparis.com\/blog\/wp-content\/uploads\/2014\/05\/Capture-d\u2019\u00e9cran-2014-05-17-\u00e0-17.54.14-600x456.png\" width=\"600\" height=\"456\" srcset=\"https:\/\/www.deedeeparis.com\/blog\/wp-content\/uploads\/2014\/05\/Capture-d\u2019\u00e9cran-2014-05-17-\u00e0-17.54.14-600x456.png 600w, https:\/\/www.deedeeparis.com\/blog\/wp-content\/uploads\/2014\/05\/Capture-d\u2019\u00e9cran-2014-05-17-\u00e0-17.54.14-500x380.png 500w, https:\/\/www.deedeeparis.com\/blog\/wp-content\/uploads\/2014\/05\/Capture-d\u2019\u00e9cran-2014-05-17-\u00e0-17.54.14.png 690w\" sizes=\"auto, (max-width: 600px) 100vw, 600px\" \/><\/a><\/p>\n<p>&nbsp;<\/p>\n<p><strong>\u2605\u00a0Les sweats <a title=\"Bonheur Permanent\" href=\"http:\/\/www.bonheurpermanent.com\/#!plus-de-bonheur\/c1kka\" target=\"_blank\">Bonheur permanent\u00a0<\/a><\/strong><\/p>\n<p><a href=\"https:\/\/www.deedeeparis.com\/blog\/wp-content\/uploads\/2014\/05\/Capture-d\u2019\u00e9cran-2014-05-17-\u00e0-18.02.20.png\"><img loading=\"lazy\" decoding=\"async\" class=\"alignnone size-medium wp-image-25562\" alt=\"Capture d\u2019\u00e9cran 2014-05-17 \u00e0 18.02.20\" src=\"https:\/\/www.deedeeparis.com\/blog\/wp-content\/uploads\/2014\/05\/Capture-d\u2019\u00e9cran-2014-05-17-\u00e0-18.02.20-600x398.png\" width=\"600\" height=\"398\" srcset=\"https:\/\/www.deedeeparis.com\/blog\/wp-content\/uploads\/2014\/05\/Capture-d\u2019\u00e9cran-2014-05-17-\u00e0-18.02.20-600x398.png 600w, https:\/\/www.deedeeparis.com\/blog\/wp-content\/uploads\/2014\/05\/Capture-d\u2019\u00e9cran-2014-05-17-\u00e0-18.02.20-500x332.png 500w, https:\/\/www.deedeeparis.com\/blog\/wp-content\/uploads\/2014\/05\/Capture-d\u2019\u00e9cran-2014-05-17-\u00e0-18.02.20.png 858w\" sizes=\"auto, (max-width: 600px) 100vw, 600px\" \/><\/a><\/p>\n<p>Encore un sweat ! Oui, mais celui-ci \u00e0 plusieurs arguments qui jouent en sa faveur. D&rsquo;abord, il est en coton bio. Ensuite, chaque pi\u00e8ce est enti\u00e8rement brod\u00e9e \u00e0 la main, en laine \u00e9paisse 100% naturelle. Enfin, on peut s&rsquo;amuser \u00e0 en acheter un avec sa BFF pour faire des jeux de mots (j&rsquo;ai dix ans, je sais que c&rsquo;est pas vrai, mais j&rsquo;ai dix ans). Une jolie pi\u00e8ce branchouille juste ce qu&rsquo;il faut.<\/p>\n<p><a href=\"https:\/\/www.deedeeparis.com\/blog\/wp-content\/uploads\/2014\/05\/Capture-d\u2019\u00e9cran-2014-05-17-\u00e0-18.03.39.png\"><img loading=\"lazy\" decoding=\"async\" class=\"alignnone size-medium wp-image-25561\" alt=\"Capture d\u2019\u00e9cran 2014-05-17 \u00e0 18.03.39\" src=\"https:\/\/www.deedeeparis.com\/blog\/wp-content\/uploads\/2014\/05\/Capture-d\u2019\u00e9cran-2014-05-17-\u00e0-18.03.39-600x396.png\" width=\"600\" height=\"396\" srcset=\"https:\/\/www.deedeeparis.com\/blog\/wp-content\/uploads\/2014\/05\/Capture-d\u2019\u00e9cran-2014-05-17-\u00e0-18.03.39-600x396.png 600w, https:\/\/www.deedeeparis.com\/blog\/wp-content\/uploads\/2014\/05\/Capture-d\u2019\u00e9cran-2014-05-17-\u00e0-18.03.39-500x330.png 500w, https:\/\/www.deedeeparis.com\/blog\/wp-content\/uploads\/2014\/05\/Capture-d\u2019\u00e9cran-2014-05-17-\u00e0-18.03.39.png 856w\" sizes=\"auto, (max-width: 600px) 100vw, 600px\" \/><\/a><\/p>\n<p><a href=\"https:\/\/www.deedeeparis.com\/blog\/wp-content\/uploads\/2014\/05\/Capture-d\u2019\u00e9cran-2014-05-17-\u00e0-18.04.19.png\"><img loading=\"lazy\" decoding=\"async\" class=\"alignnone size-medium wp-image-25560\" alt=\"Capture d\u2019\u00e9cran 2014-05-17 \u00e0 18.04.19\" src=\"https:\/\/www.deedeeparis.com\/blog\/wp-content\/uploads\/2014\/05\/Capture-d\u2019\u00e9cran-2014-05-17-\u00e0-18.04.19-600x399.png\" width=\"600\" height=\"399\" srcset=\"https:\/\/www.deedeeparis.com\/blog\/wp-content\/uploads\/2014\/05\/Capture-d\u2019\u00e9cran-2014-05-17-\u00e0-18.04.19-600x399.png 600w, https:\/\/www.deedeeparis.com\/blog\/wp-content\/uploads\/2014\/05\/Capture-d\u2019\u00e9cran-2014-05-17-\u00e0-18.04.19-500x332.png 500w, https:\/\/www.deedeeparis.com\/blog\/wp-content\/uploads\/2014\/05\/Capture-d\u2019\u00e9cran-2014-05-17-\u00e0-18.04.19.png 857w\" sizes=\"auto, (max-width: 600px) 100vw, 600px\" \/><\/a><\/p>\n<p>&nbsp;<\/p>\n<p><strong>\u2605\u00a0Ys\u00e9 x Oh My Cream<\/strong><\/p>\n<p><a href=\"https:\/\/www.deedeeparis.com\/blog\/wp-content\/uploads\/2014\/05\/ys\u00e9-x-oh-my-cream-1.png\"><img loading=\"lazy\" decoding=\"async\" class=\"size-full wp-image-25564 aligncenter\" alt=\"ys\u00e9 x oh my cream 1\" src=\"https:\/\/www.deedeeparis.com\/blog\/wp-content\/uploads\/2014\/05\/ys\u00e9-x-oh-my-cream-1.png\" width=\"500\" height=\"669\" \/><\/a><\/p>\n<p>Quand la si jolie marque de lingerie et maillots de bain Ys\u00e9 lance un vanity d&rsquo;\u00e9t\u00e9 avec le g\u00e9nial concept store beaut\u00e9 Oh My Cream (dont il faut que je vous parle depuis au moins tout \u00e7a&#8230;!), \u00e7a donne forc\u00e9ment une collaboration hautement d\u00e9sirable ! Il s&rsquo;agit donc d&rsquo;une trousse qui contient un maillot, ainsi que trois produits de beaut\u00e9 d&rsquo;\u00e9t\u00e9 fondamentaux. Le tout sera disponible sur l&rsquo;eshop d&rsquo;<a title=\"Ys\u00e9 lingerie\" href=\"http:\/\/www.yse-lingerie.com\/\" target=\"_blank\">Ys\u00e9<\/a> et sur celui de <a title=\"Oh my cream\" href=\"http:\/\/www.ohmycream.com\/accueil.aspx\" target=\"_blank\">Oh My Cream<\/a> \u00e0 partir du 22 mai.<\/p>\n<p><a href=\"https:\/\/www.deedeeparis.com\/blog\/wp-content\/uploads\/2014\/05\/ys\u00e9-x-og-my-cream.jpg\"><img loading=\"lazy\" decoding=\"async\" class=\"alignnone size-medium wp-image-25565\" alt=\"ys\u00e9 x og my cream\" src=\"https:\/\/www.deedeeparis.com\/blog\/wp-content\/uploads\/2014\/05\/ys\u00e9-x-og-my-cream-600x600.jpg\" width=\"600\" height=\"600\" srcset=\"https:\/\/www.deedeeparis.com\/blog\/wp-content\/uploads\/2014\/05\/ys\u00e9-x-og-my-cream-600x600.jpg 600w, https:\/\/www.deedeeparis.com\/blog\/wp-content\/uploads\/2014\/05\/ys\u00e9-x-og-my-cream-150x150.jpg 150w, https:\/\/www.deedeeparis.com\/blog\/wp-content\/uploads\/2014\/05\/ys\u00e9-x-og-my-cream-160x160.jpg 160w, https:\/\/www.deedeeparis.com\/blog\/wp-content\/uploads\/2014\/05\/ys\u00e9-x-og-my-cream-155x155.jpg 155w, https:\/\/www.deedeeparis.com\/blog\/wp-content\/uploads\/2014\/05\/ys\u00e9-x-og-my-cream-500x499.jpg 500w, https:\/\/www.deedeeparis.com\/blog\/wp-content\/uploads\/2014\/05\/ys\u00e9-x-og-my-cream.jpg 620w\" sizes=\"auto, (max-width: 600px) 100vw, 600px\" \/><\/a><\/p>\n<p><strong>\u2605\u00a0Parfum Divin de Caudalie, le premier parfum de la marque<\/strong><\/p>\n<p><a href=\"https:\/\/www.deedeeparis.com\/blog\/wp-content\/uploads\/2014\/05\/photo-25.png\"><img loading=\"lazy\" decoding=\"async\" class=\"alignnone size-medium wp-image-25574\" alt=\"Parfum Divin de Caudalie\" src=\"https:\/\/www.deedeeparis.com\/blog\/wp-content\/uploads\/2014\/05\/photo-25-600x600.png\" width=\"600\" height=\"600\" srcset=\"https:\/\/www.deedeeparis.com\/blog\/wp-content\/uploads\/2014\/05\/photo-25-600x600.png 600w, https:\/\/www.deedeeparis.com\/blog\/wp-content\/uploads\/2014\/05\/photo-25-150x150.png 150w, https:\/\/www.deedeeparis.com\/blog\/wp-content\/uploads\/2014\/05\/photo-25-1024x1024.png 1024w, https:\/\/www.deedeeparis.com\/blog\/wp-content\/uploads\/2014\/05\/photo-25-160x160.png 160w, https:\/\/www.deedeeparis.com\/blog\/wp-content\/uploads\/2014\/05\/photo-25-155x155.png 155w, https:\/\/www.deedeeparis.com\/blog\/wp-content\/uploads\/2014\/05\/photo-25-500x500.png 500w, https:\/\/www.deedeeparis.com\/blog\/wp-content\/uploads\/2014\/05\/photo-25.png 1280w\" sizes=\"auto, (max-width: 600px) 100vw, 600px\" \/><\/a><\/p>\n<p>Je connaissais et appr\u00e9ciait d\u00e9j\u00e0 les eaux d&rsquo;\u00e9t\u00e9 de la marque. La semaine derni\u00e8re, j&rsquo;ai re\u00e7u le premier parfum de Caudalie, \u00e9labor\u00e9 par la cr\u00e9atrice de la marque, Mathilde Thomas, et\u00a0le ma\u00eetre parfumeur Jacques Cavallier (on lui doit notamment Opium au masculin pour YSL, ou le Classique de Jean-Paul Gaultier). Et ?\u00a0Il est d\u00e9ment. Vraiment. Parce qu&rsquo;il a du caract\u00e8re, parce qu&rsquo;il d\u00e9livre une promesse d&rsquo;\u00e9t\u00e9 en filigrane, gentiment, sans que ce soit une interpr\u00e9tation d\u00e9nu\u00e9e de subtilit\u00e9. J&rsquo;ai h\u00e2te d&rsquo;\u00eatre \u00e0 cet \u00e9t\u00e9 pour le porter (non, il n&rsquo;y avait plus de place dans le sac \u00e0 dos pour que je l&#8217;embarque avec moi en Tha\u00eflande. Oui, la vie est une jungle, je ne vous le fais pas dire !).<\/p>\n<p>Ah, et oui, le petit \u00ab\u00a0truc\u00a0\u00bb en plus qui vous s\u00e9duira si comme moi, vous \u00eates joueuse :\u00a0un code \u00a0se cache\u00a0dans chaque parfum. Il\u00a0\u00a0vous permettra peut-\u00eatre de gagner un bijou Ginette NY. (or 18 carats et valeur de 115\u20ac).<\/p>\n<p><b>\u2605\u00a0Le Tanneur x Origami Jewellery\u00a0<\/b><\/p>\n<p><a href=\"https:\/\/www.deedeeparis.com\/blog\/wp-content\/uploads\/2014\/05\/Capture-d\u2019\u00e9cran-2014-05-18-\u00e0-08.27.56.png\"><img loading=\"lazy\" decoding=\"async\" class=\"alignnone size-full wp-image-25571\" alt=\"Le Tanneur x Origami Jewellery \" src=\"https:\/\/www.deedeeparis.com\/blog\/wp-content\/uploads\/2014\/05\/Capture-d\u2019\u00e9cran-2014-05-18-\u00e0-08.27.56.png\" width=\"599\" height=\"421\" srcset=\"https:\/\/www.deedeeparis.com\/blog\/wp-content\/uploads\/2014\/05\/Capture-d\u2019\u00e9cran-2014-05-18-\u00e0-08.27.56.png 599w, https:\/\/www.deedeeparis.com\/blog\/wp-content\/uploads\/2014\/05\/Capture-d\u2019\u00e9cran-2014-05-18-\u00e0-08.27.56-500x351.png 500w\" sizes=\"auto, (max-width: 599px) 100vw, 599px\" \/><\/a><\/p>\n<p>La jolie marque de maroquinerie lance une collection de pochettes en \u00e9dition limit\u00e9e pour la f\u00eate des m\u00e8res. Le cuir est d&rsquo;une finesse absolue, les couleurs sont dingues. Limit\u00e9es \u00e0 500 exemplaires, elles sont toutes orn\u00e9es d&rsquo;un origami cygne ou papilon dor\u00e9. Cerise sur le g\u00e2teau, elles sont estampill\u00e9es made in France. Le cadeau id\u00e9al, en somme, parce qu&rsquo;on a toujours besoin d&rsquo;une pochette !<\/p>\n<p>A shopper en boutique directement (j&rsquo;imagine que les adresses desdites boutiques sont sur le site : <a title=\"Le Tanneur\" href=\"http:\/\/www.letanneur.com\/fr\/\" target=\"_blank\">www.letanneur.com<\/a>) (ne riez pas, si vous saviez le nombre de mails que je re\u00e7ois \u00e0 base de \u00ab\u00a0bonjour, o\u00f9 puis-je trouver des foulards Epice ?\u00a0\u00bb).<\/p>\n<p>Oui, j&rsquo;ai pr\u00e9vu une s\u00e9lection d&rsquo;inspirations pour la f\u00eate des m\u00e8res&#8230; si toutefois j&rsquo;ai une connexion internet sur l&rsquo;\u00eele o\u00f9 je pars, demain, \u00e0 la premi\u00e8re heure^^<\/p>\n<p><strong>\u2605\u00a0La table basse \u00e0 fabriquer soi-m\u00eame<\/strong><\/p>\n<p><a href=\"https:\/\/www.deedeeparis.com\/blog\/wp-content\/uploads\/2014\/05\/f08b43d65884e6be246088cc1c5aed00.jpg\"><img loading=\"lazy\" decoding=\"async\" class=\"alignnone size-medium wp-image-25576\" alt=\"f08b43d65884e6be246088cc1c5aed00\" src=\"https:\/\/www.deedeeparis.com\/blog\/wp-content\/uploads\/2014\/05\/f08b43d65884e6be246088cc1c5aed00-600x665.jpg\" width=\"600\" height=\"665\" srcset=\"https:\/\/www.deedeeparis.com\/blog\/wp-content\/uploads\/2014\/05\/f08b43d65884e6be246088cc1c5aed00-600x665.jpg 600w, https:\/\/www.deedeeparis.com\/blog\/wp-content\/uploads\/2014\/05\/f08b43d65884e6be246088cc1c5aed00-500x554.jpg 500w, https:\/\/www.deedeeparis.com\/blog\/wp-content\/uploads\/2014\/05\/f08b43d65884e6be246088cc1c5aed00.jpg 665w\" sizes=\"auto, (max-width: 600px) 100vw, 600px\" \/><\/a><\/p>\n<p><em>\u00a9Photo <a title=\"Estelle blog mode\" href=\"http:\/\/www.estelleblogmode.com\/2013\/05\/diy-deco-swedish-design-une-table-basse-originale\/\" target=\"_blank\">Estelle Blog Mode<\/a><\/em><\/p>\n<p>Le tuto \/ inspiration d\u00e9co de la semaine, c&rsquo;est cette table basse, r\u00e9alis\u00e9e avec des range-revues. D\u00e9ment, non ? Bon, d&rsquo;accord, je ne suis pas excessivement fan de la forme obtenue, \u00e0 la fin. Mais j&rsquo;aime cette id\u00e9e et les horizons qu&rsquo;elle m&rsquo;ouvre, moi qui suis toujours \u00e0 la recherche de ma <a title=\"Table basse\" href=\"https:\/\/www.deedeeparis.com\/blog\/tables-basses\" target=\"_blank\">table basse<\/a>^^<\/p>\n<p><strong>\u2605\u00a0\u00ab\u00a0<a title=\"Someone ate this\" href=\"http:\/\/someoneatethis.tumblr.com\/\" target=\"_blank\">Someone ate this<\/a>\u00a0\u00bb\u00a0<\/strong><\/p>\n<p style=\"text-align: center;\"><a href=\"https:\/\/www.deedeeparis.com\/blog\/wp-content\/uploads\/2014\/05\/12123_440840689320162_1859010882_n.jpg\"><img loading=\"lazy\" decoding=\"async\" class=\"size-full wp-image-25578 aligncenter\" alt=\"gloubiboulga\" src=\"https:\/\/www.deedeeparis.com\/blog\/wp-content\/uploads\/2014\/05\/12123_440840689320162_1859010882_n.jpg\" width=\"480\" height=\"360\" \/><\/a><\/p>\n<p>Rions un peu, si vous le voulez bien, avec ce <a title=\"Someone ate this\" href=\"http:\/\/someoneatethis.tumblr.com\/\" target=\"_blank\">tumblr<\/a> qui recense les pires photos de plats jamais concot\u00e9s. Je me sens (\u00e9tonnamment) \u00e9trangement soldidaire avec tous ces rat\u00e9s des fourneaux, certainement anim\u00e9s de la meilleure volont\u00e9 du monde et qui aboutissent \u00e0 ces trucs inf\u00e2mes. Et puis, \u00e7a a un c\u00f4t\u00e9 assez, je ne sais pas, rafraichissant, de voir des photos loin de la perfection<\/p>\n<p>Voil\u00e0, c&rsquo;est tout. Joyeux lundi !<\/p>\n<p><strong>Ah oui et aussi, vous \u00eates 10 000 fans tout rond depuis hier sur la <a title=\"Facebook deedeeparis\" href=\"https:\/\/www.facebook.com\/pages\/Le-blog-de-deedee\/155504411174115\" target=\"_blank\">page Facebook<\/a>\u00a0du blog\u00a0et pour \u00e7a, un grand, un \u00e9norme merci !<\/strong><\/p>\n","protected":false},"excerpt":{"rendered":"<p>Nouvelle semaine, nouveaux coups de coeurs ! Bon, avant, il faut quand m\u00eame que je vous dise que je suis partie quelques jours en Tha\u00eflande. Oui mais attendez, cong\u00e9s \u00e0 solder au bureau, grosse fatigue, besoin de changer d&rsquo;air&#8230; Vous en voulez encore, des excuses pour ne pas me d\u00e9tester ?!^^ Ne vous \u00e9tonnez pas [&hellip;]<\/p>\n","protected":false},"author":2,"featured_media":25562,"comment_status":"open","ping_status":"open","sticky":false,"template":"","format":"standard","meta":{"_acf_changed":false,"footnotes":""},"categories":[8],"tags":[5561,6636,6635,6633,6390,6634],"class_list":["post-25533","post","type-post","status-publish","format-standard","has-post-thumbnail","hentry","category-chroniques-de-paris","tag-french-disorder","tag-idees-diy-table-basse","tag-le-tanneur-x-origami-jewellery","tag-les-sweats-bonheur-permanent","tag-table-basse","tag-yse-lingerie"],"acf":[],"geo":null,"_links":{"self":[{"href":"https:\/\/www.deedeeparis.com\/blog\/wp-json\/wp\/v2\/posts\/25533","targetHints":{"allow":["GET"]}}],"collection":[{"href":"https:\/\/www.deedeeparis.com\/blog\/wp-json\/wp\/v2\/posts"}],"about":[{"href":"https:\/\/www.deedeeparis.com\/blog\/wp-json\/wp\/v2\/types\/post"}],"author":[{"embeddable":true,"href":"https:\/\/www.deedeeparis.com\/blog\/wp-json\/wp\/v2\/users\/2"}],"replies":[{"embeddable":true,"href":"https:\/\/www.deedeeparis.com\/blog\/wp-json\/wp\/v2\/comments?post=25533"}],"version-history":[{"count":5,"href":"https:\/\/www.deedeeparis.com\/blog\/wp-json\/wp\/v2\/posts\/25533\/revisions"}],"predecessor-version":[{"id":25559,"href":"https:\/\/www.deedeeparis.com\/blog\/wp-json\/wp\/v2\/posts\/25533\/revisions\/25559"}],"wp:featuredmedia":[{"embeddable":true,"href":"https:\/\/www.deedeeparis.com\/blog\/wp-json\/wp\/v2\/media\/25562"}],"wp:attachment":[{"href":"https:\/\/www.deedeeparis.com\/blog\/wp-json\/wp\/v2\/media?parent=25533"}],"wp:term":[{"taxonomy":"category","embeddable":true,"href":"https:\/\/www.deedeeparis.com\/blog\/wp-json\/wp\/v2\/categories?post=25533"},{"taxonomy":"post_tag","embeddable":true,"href":"https:\/\/www.deedeeparis.com\/blog\/wp-json\/wp\/v2\/tags?post=25533"}],"curies":[{"name":"wp","href":"https:\/\/api.w.org\/{rel}","templated":true}]}}