{"id":26531,"date":"2014-07-21T07:03:48","date_gmt":"2014-07-21T05:03:48","guid":{"rendered":"https:\/\/www.deedeeparis.com\/blog\/?p=26531"},"modified":"2014-07-20T23:51:33","modified_gmt":"2014-07-20T21:51:33","slug":"ma-week-list-92","status":"publish","type":"post","link":"https:\/\/www.deedeeparis.com\/blog\/ma-week-list-92","title":{"rendered":"Ma Week List #92"},"content":{"rendered":"<p>Nouvelle semaine, nouveaux coups de coeur ! Enfin, j&rsquo;esp\u00e8re que vous \u00eates encore l\u00e0, derri\u00e8re votre \u00e9cran. Rapport que Paris se vide aussi s\u00fbrement qu&rsquo;une bouteille de ros\u00e9 un samedi soir sur la Terre. C&rsquo;est dire&#8230; ! Cette semaine, j&rsquo;aime :<\/p>\n<p><strong><strong>\u2605\u00a0<\/strong>Poussi\u00e8res d&rsquo;oeil, de Kek\u00a0<\/strong><\/p>\n<p><a href=\"https:\/\/www.deedeeparis.com\/blog\/wp-content\/uploads\/2014\/07\/660755-poussieres-d-oeil-kek.jpg\"><img loading=\"lazy\" decoding=\"async\" class=\"alignnone size-medium wp-image-26686\" alt=\"660755-poussieres-d-oeil-kek\" src=\"https:\/\/www.deedeeparis.com\/blog\/wp-content\/uploads\/2014\/07\/660755-poussieres-d-oeil-kek-600x382.jpg\" width=\"600\" height=\"382\" srcset=\"https:\/\/www.deedeeparis.com\/blog\/wp-content\/uploads\/2014\/07\/660755-poussieres-d-oeil-kek-600x382.jpg 600w, https:\/\/www.deedeeparis.com\/blog\/wp-content\/uploads\/2014\/07\/660755-poussieres-d-oeil-kek-500x318.jpg 500w, https:\/\/www.deedeeparis.com\/blog\/wp-content\/uploads\/2014\/07\/660755-poussieres-d-oeil-kek.jpg 750w\" sizes=\"auto, (max-width: 600px) 100vw, 600px\" \/><\/a><\/p>\n<p>Vous voyez, ces petits poussi\u00e8res d&rsquo;oeil qui viennent parfois se greffer dans notre champs de vision ? Voil\u00e0. Donc, le g\u00e9nial Kek a cr\u00e9e un <a title=\"Poussi\u00e8res d'oeil Kek\" href=\"http:\/\/blog.zanorg.com\/?perm=552\" target=\"_blank\">petit outil<\/a> qui reproduit ce ph\u00e9nom\u00e8ne. A quoi \u00e7a sert ? A rien. C&rsquo;est justement pour \u00e7a que c&rsquo;est trop bien !<\/p>\n<p>&nbsp;<\/p>\n<p><strong>\u2605\u00a0Ladur\u00e9e x Sonny Angel\u00a0<\/strong><\/p>\n<p><a href=\"https:\/\/www.deedeeparis.com\/blog\/wp-content\/uploads\/2014\/07\/sonny-angel-laduree.jpg\"><img loading=\"lazy\" decoding=\"async\" class=\"alignnone size-medium wp-image-26673\" alt=\"sonny-angel-laduree\" src=\"https:\/\/www.deedeeparis.com\/blog\/wp-content\/uploads\/2014\/07\/sonny-angel-laduree-600x600.jpg\" width=\"600\" height=\"600\" srcset=\"https:\/\/www.deedeeparis.com\/blog\/wp-content\/uploads\/2014\/07\/sonny-angel-laduree-600x600.jpg 600w, https:\/\/www.deedeeparis.com\/blog\/wp-content\/uploads\/2014\/07\/sonny-angel-laduree-150x150.jpg 150w, https:\/\/www.deedeeparis.com\/blog\/wp-content\/uploads\/2014\/07\/sonny-angel-laduree-1024x1024.jpg 1024w, https:\/\/www.deedeeparis.com\/blog\/wp-content\/uploads\/2014\/07\/sonny-angel-laduree-160x160.jpg 160w, https:\/\/www.deedeeparis.com\/blog\/wp-content\/uploads\/2014\/07\/sonny-angel-laduree-155x155.jpg 155w, https:\/\/www.deedeeparis.com\/blog\/wp-content\/uploads\/2014\/07\/sonny-angel-laduree-500x500.jpg 500w\" sizes=\"auto, (max-width: 600px) 100vw, 600px\" \/><\/a><\/p>\n<p>Pour ses 10 ans, la petite poup\u00e9e trop kawaii propose une collection limit\u00e9e en collaboration avec Ladur\u00e9e. Hop, outre les boites de macarons customis\u00e9es \u00e0 l\u2019effigie des Sonny Angel, on peut aussi offrir (ou s\u2019offrir, hein, PAS LA PEINE DE LE NIER !) une des 12 petite poup\u00e9e orn\u00e9e de l\u2019une des p\u00e2tisserie embl\u00e9matique de la Maison. Adorable ! A shopper chez Ladur\u00e9e ou chez <a title=\"Colette sonny angel\" href=\"http:\/\/www.colette.fr\/catalog\/product\/view\/id\/384786\/s\/sonny-angel-laduree-babyobjladur-1\/category\/12934\/\" target=\"_blank\">Colette<\/a>.<\/p>\n<p>&nbsp;<\/p>\n<p><strong>\u2605\u00a0La Na\u00efade<\/strong><\/p>\n<p><a href=\"https:\/\/www.deedeeparis.com\/blog\/wp-content\/uploads\/2014\/07\/Capture-d\u2019\u00e9cran-2014-07-20-\u00e0-22.23.24.png\"><img loading=\"lazy\" decoding=\"async\" class=\"alignnone size-medium wp-image-26665\" alt=\"bobbies\" src=\"https:\/\/www.deedeeparis.com\/blog\/wp-content\/uploads\/2014\/07\/Capture-d\u2019\u00e9cran-2014-07-20-\u00e0-22.23.24-600x320.png\" width=\"600\" height=\"320\" srcset=\"https:\/\/www.deedeeparis.com\/blog\/wp-content\/uploads\/2014\/07\/Capture-d\u2019\u00e9cran-2014-07-20-\u00e0-22.23.24-600x320.png 600w, https:\/\/www.deedeeparis.com\/blog\/wp-content\/uploads\/2014\/07\/Capture-d\u2019\u00e9cran-2014-07-20-\u00e0-22.23.24-500x267.png 500w, https:\/\/www.deedeeparis.com\/blog\/wp-content\/uploads\/2014\/07\/Capture-d\u2019\u00e9cran-2014-07-20-\u00e0-22.23.24.png 863w\" sizes=\"auto, (max-width: 600px) 100vw, 600px\" \/><\/a><\/p>\n<p>A mi-chemin entre le mocassin et la chaussure bateau, la <a title=\"Naiade bobbies\" href=\"http:\/\/www.bobbies.fr\/fr\/la-naide\/1085-mocassins-la-naiade-bleu-klein.html?utm_source=La+Newsletter+Bobbies&amp;utm_campaign=3d9fe1c541-naiade_FR_WOMEN&amp;utm_medium=email&amp;utm_term=0_a376f05ab7-3d9fe1c541-52292149\" target=\"_blank\">Na\u00efade de Bobbies<\/a>. Jolie et s\u00fbrement tr\u00e8\u00e8\u00e8\u00e8s confortable !<\/p>\n<p><a href=\"https:\/\/www.deedeeparis.com\/blog\/wp-content\/uploads\/2014\/07\/Capture-d\u2019\u00e9cran-2014-07-20-\u00e0-23.46.26.png\"><img loading=\"lazy\" decoding=\"async\" class=\"alignnone size-medium wp-image-26689\" alt=\"bobbies\" src=\"https:\/\/www.deedeeparis.com\/blog\/wp-content\/uploads\/2014\/07\/Capture-d\u2019\u00e9cran-2014-07-20-\u00e0-23.46.26-600x376.png\" width=\"600\" height=\"376\" srcset=\"https:\/\/www.deedeeparis.com\/blog\/wp-content\/uploads\/2014\/07\/Capture-d\u2019\u00e9cran-2014-07-20-\u00e0-23.46.26-600x376.png 600w, https:\/\/www.deedeeparis.com\/blog\/wp-content\/uploads\/2014\/07\/Capture-d\u2019\u00e9cran-2014-07-20-\u00e0-23.46.26-500x313.png 500w, https:\/\/www.deedeeparis.com\/blog\/wp-content\/uploads\/2014\/07\/Capture-d\u2019\u00e9cran-2014-07-20-\u00e0-23.46.26.png 858w\" sizes=\"auto, (max-width: 600px) 100vw, 600px\" \/><\/a><\/p>\n<p><a href=\"https:\/\/www.deedeeparis.com\/blog\/wp-content\/uploads\/2014\/07\/Capture-d\u2019\u00e9cran-2014-07-20-\u00e0-23.47.30.png\"><img loading=\"lazy\" decoding=\"async\" class=\"alignnone size-medium wp-image-26690\" alt=\"bobbies\" src=\"https:\/\/www.deedeeparis.com\/blog\/wp-content\/uploads\/2014\/07\/Capture-d\u2019\u00e9cran-2014-07-20-\u00e0-23.47.30-600x355.png\" width=\"600\" height=\"355\" srcset=\"https:\/\/www.deedeeparis.com\/blog\/wp-content\/uploads\/2014\/07\/Capture-d\u2019\u00e9cran-2014-07-20-\u00e0-23.47.30-600x355.png 600w, https:\/\/www.deedeeparis.com\/blog\/wp-content\/uploads\/2014\/07\/Capture-d\u2019\u00e9cran-2014-07-20-\u00e0-23.47.30-500x296.png 500w, https:\/\/www.deedeeparis.com\/blog\/wp-content\/uploads\/2014\/07\/Capture-d\u2019\u00e9cran-2014-07-20-\u00e0-23.47.30.png 845w\" sizes=\"auto, (max-width: 600px) 100vw, 600px\" \/><\/a><\/p>\n<p>&nbsp;<\/p>\n<p><strong><strong>\u2605\u00a0<\/strong>La Givebox\u00a0<\/strong><\/p>\n<p><a href=\"https:\/\/www.deedeeparis.com\/blog\/wp-content\/uploads\/2014\/07\/givebox.jpg\"><img loading=\"lazy\" decoding=\"async\" class=\"alignnone size-medium wp-image-26682\" alt=\"givebox\" src=\"https:\/\/www.deedeeparis.com\/blog\/wp-content\/uploads\/2014\/07\/givebox-600x549.jpg\" width=\"600\" height=\"549\" srcset=\"https:\/\/www.deedeeparis.com\/blog\/wp-content\/uploads\/2014\/07\/givebox-600x549.jpg 600w, https:\/\/www.deedeeparis.com\/blog\/wp-content\/uploads\/2014\/07\/givebox-500x457.jpg 500w, https:\/\/www.deedeeparis.com\/blog\/wp-content\/uploads\/2014\/07\/givebox.jpg 960w\" sizes=\"auto, (max-width: 600px) 100vw, 600px\" \/><\/a><\/p>\n<p>OUH LA LA, coup de coeur ! Vous le savez, je n\u2019aime pas jeter. Je donne \u00e9norm\u00e9ment, aux copines, \u00e0 mes soeurs, \u00e0 des <a title=\"Donner ses v\u00eatements\" href=\"https:\/\/www.deedeeparis.com\/blog\/donner-ses-vetements\" target=\"_blank\">associations<\/a>. Je vends aussi une partie de ce dont je ne me sers plus, notamment via les vide dressing. Mais souvent, les choses s\u2019entassent dans mon mini deux-pi\u00e8ces entre deux sessions\u2026 jusqu\u2019\u00e0 la crise !<\/p>\n<p>Et l\u00e0, MAGIE, et d\u00e9couverte d\u2019un concept g\u00e9nial, je p\u00e8se mes mots : la Givebox. En gros, c\u2019est un endroit o\u00f9 chacun peut laisser les v\u00eatements et objets dont il n\u2019a plus l\u2019utilit\u00e9, pour en faire cadeau \u00e0 quelqu\u2019un. En \u00e9change, on peut \u00e9videmment se servir, si on veut. Le concept est n\u00e9 \u00e0 Berlin et fait des petits un peu partout. Pour ne rien vous cacher, je suis en train de chercher commun contribuer \u00e0 une Givebox, voire comment en cr\u00e9er une \u2026 je vous tiens au courant ! D\u2019ici l\u00e0, vous pouvez lire <a title=\"Givebox\" href=\"http:\/\/www.lejournalinternational.fr\/Mais-qu-est-ce-qu-une-Givebox_a1949.html\" target=\"_blank\">cet article<\/a> sur le sujet ou adh\u00e9rer \u00e0 la <a title=\"Givebox\" href=\"https:\/\/www.facebook.com\/GiveboxFrance\/timeline\" target=\"_blank\">page Facebook de la Givebox fran\u00e7aise<\/a>.<\/p>\n<p>&nbsp;<\/p>\n<p><strong>\u2605\u00a0La tarte trop\u00e9zienne x In\u00e8s de la Fressange<\/strong><\/p>\n<p><a href=\"https:\/\/www.deedeeparis.com\/blog\/wp-content\/uploads\/2014\/07\/boite-tt-idlf1.jpg\"><img loading=\"lazy\" decoding=\"async\" class=\"alignnone size-medium wp-image-26668\" alt=\" tarte trop\u00e9zienne x In\u00e8s de la Fressange \" src=\"https:\/\/www.deedeeparis.com\/blog\/wp-content\/uploads\/2014\/07\/boite-tt-idlf1-600x400.jpg\" width=\"600\" height=\"400\" srcset=\"https:\/\/www.deedeeparis.com\/blog\/wp-content\/uploads\/2014\/07\/boite-tt-idlf1-600x400.jpg 600w, https:\/\/www.deedeeparis.com\/blog\/wp-content\/uploads\/2014\/07\/boite-tt-idlf1-1024x682.jpg 1024w, https:\/\/www.deedeeparis.com\/blog\/wp-content\/uploads\/2014\/07\/boite-tt-idlf1-500x333.jpg 500w\" sizes=\"auto, (max-width: 600px) 100vw, 600px\" \/><\/a><\/p>\n<p>Oui, encore du miam. #teambouboule ! La douceur embl\u00e9matique de Saint Tropez cr\u00e9\u00e9e en 1955 par Alexandre Micka et rapidement popularis\u00e9e par BB herself se la joue encore un peu plus glamour cet \u00e9t\u00e9 avec des jolies boites sign\u00e9es In\u00e8s de la Fressange.<\/p>\n<p><a href=\"https:\/\/www.deedeeparis.com\/blog\/wp-content\/uploads\/2014\/07\/p-daniel-019.jpg\"><img loading=\"lazy\" decoding=\"async\" class=\"alignnone size-medium wp-image-26666\" alt=\"p-daniel-019\" src=\"https:\/\/www.deedeeparis.com\/blog\/wp-content\/uploads\/2014\/07\/p-daniel-019-600x900.jpg\" width=\"600\" height=\"900\" srcset=\"https:\/\/www.deedeeparis.com\/blog\/wp-content\/uploads\/2014\/07\/p-daniel-019-600x900.jpg 600w, https:\/\/www.deedeeparis.com\/blog\/wp-content\/uploads\/2014\/07\/p-daniel-019-500x750.jpg 500w, https:\/\/www.deedeeparis.com\/blog\/wp-content\/uploads\/2014\/07\/p-daniel-019.jpg 676w\" sizes=\"auto, (max-width: 600px) 100vw, 600px\" \/><\/a><\/p>\n<p>&nbsp;<\/p>\n<p><strong>\u2605\u00a0Des cartes postales \u00e0 faire soi-m\u00eame<\/strong><\/p>\n<p><a href=\"https:\/\/www.deedeeparis.com\/blog\/wp-content\/uploads\/2014\/07\/IMG_0057.jpg\"><img loading=\"lazy\" decoding=\"async\" class=\"size-full wp-image-26676 aligncenter\" alt=\"IMG_0057\" src=\"https:\/\/www.deedeeparis.com\/blog\/wp-content\/uploads\/2014\/07\/IMG_0057.jpg\" width=\"550\" height=\"785\" srcset=\"https:\/\/www.deedeeparis.com\/blog\/wp-content\/uploads\/2014\/07\/IMG_0057.jpg 550w, https:\/\/www.deedeeparis.com\/blog\/wp-content\/uploads\/2014\/07\/IMG_0057-500x713.jpg 500w\" sizes=\"auto, (max-width: 550px) 100vw, 550px\" \/><\/a><\/p>\n<p>Le tuto de la semaine, ce sont ces cartes postales \u00e0 fabriquer avec vos petites mains. L&rsquo;activit\u00e9 ludique et archi simple pour mettre des vacances dans son quotidien (oui, m\u00eame si, je vous l&rsquo;accorde, envoyer des cartes en mode \u00ab\u00a0h\u00e9 salut ! je t&rsquo;\u00e9cris de mon salon \u00e0 Paris mais c&rsquo;est quand m\u00eame un peu les vacances\u00a0\u00bb peut manquer de charme&#8230; Pour ceux qui manquent d&rsquo;imagination !).<\/p>\n<p><a href=\"https:\/\/www.deedeeparis.com\/blog\/wp-content\/uploads\/2014\/07\/steps-postcard-watercolor-diy.jpg\"><img loading=\"lazy\" decoding=\"async\" class=\"size-full wp-image-26677 aligncenter\" alt=\"steps-postcard-watercolor-diy\" src=\"https:\/\/www.deedeeparis.com\/blog\/wp-content\/uploads\/2014\/07\/steps-postcard-watercolor-diy.jpg\" width=\"550\" height=\"1159\" srcset=\"https:\/\/www.deedeeparis.com\/blog\/wp-content\/uploads\/2014\/07\/steps-postcard-watercolor-diy.jpg 550w, https:\/\/www.deedeeparis.com\/blog\/wp-content\/uploads\/2014\/07\/steps-postcard-watercolor-diy-500x1053.jpg 500w\" sizes=\"auto, (max-width: 550px) 100vw, 550px\" \/><\/a><\/p>\n<p><em>Tuto \u00e0 retrouver sur <a title=\"Project wedding\" href=\"http:\/\/www.projectwedding.com\/ideas\/309963\/diy-watercolor-postcard-save-the-dates\" target=\"_blank\">Project Wedding<\/a><\/em><\/p>\n<p>&nbsp;<\/p>\n<p><strong>\u2605\u00a0Jeanne La Fonta\u00a0<\/strong><\/p>\n<p>A mi chemin entre les Brigitte et Camille, j\u2019ai ador\u00e9 le timbre, les mots et les arrangements des chansons de Jeanne La Fonta. C\u2019est l\u00e9ger et protond \u00e0 la fois, simple et s\u00e9rieux, aussi. Et tr\u00e8s dr\u00f4le. Montez le son, vous verrez, c\u2019est extr\u00eamement jouissif !<\/p>\n<p><iframe loading=\"lazy\" src=\"https:\/\/w.soundcloud.com\/player\/?url=https%3A\/\/api.soundcloud.com\/playlists\/39566371&amp;auto_play=false&amp;hide_related=false&amp;show_comments=true&amp;show_user=true&amp;show_reposts=false&amp;visual=true\" height=\"450\" width=\"100%\" frameborder=\"no\" scrolling=\"no\"><\/iframe><\/p>\n<p>Voil\u00e0, c&rsquo;est tout pour aujourd&rsquo;hui. Joyeux lundi !<\/p>\n","protected":false},"excerpt":{"rendered":"<p>Nouvelle semaine, nouveaux coups de coeur ! Enfin, j&rsquo;esp\u00e8re que vous \u00eates encore l\u00e0, derri\u00e8re votre \u00e9cran. Rapport que Paris se vide aussi s\u00fbrement qu&rsquo;une bouteille de ros\u00e9 un samedi soir sur la Terre. C&rsquo;est dire&#8230; ! Cette semaine, j&rsquo;aime : \u2605\u00a0Poussi\u00e8res d&rsquo;oeil, de Kek\u00a0 Vous voyez, ces petits poussi\u00e8res d&rsquo;oeil qui viennent parfois se [&hellip;]<\/p>\n","protected":false},"author":2,"featured_media":26678,"comment_status":"open","ping_status":"open","sticky":false,"template":"","format":"standard","meta":{"_acf_changed":false,"footnotes":""},"categories":[8],"tags":[4793,3858,6772,6771,6773],"class_list":["post-26531","post","type-post","status-publish","format-standard","has-post-thumbnail","hentry","category-chroniques-de-paris","tag-bobbies","tag-donner-ses-vetements","tag-givebox","tag-laduree-sonny-angel","tag-poussieres-doeil-kek"],"acf":[],"geo":null,"_links":{"self":[{"href":"https:\/\/www.deedeeparis.com\/blog\/wp-json\/wp\/v2\/posts\/26531","targetHints":{"allow":["GET"]}}],"collection":[{"href":"https:\/\/www.deedeeparis.com\/blog\/wp-json\/wp\/v2\/posts"}],"about":[{"href":"https:\/\/www.deedeeparis.com\/blog\/wp-json\/wp\/v2\/types\/post"}],"author":[{"embeddable":true,"href":"https:\/\/www.deedeeparis.com\/blog\/wp-json\/wp\/v2\/users\/2"}],"replies":[{"embeddable":true,"href":"https:\/\/www.deedeeparis.com\/blog\/wp-json\/wp\/v2\/comments?post=26531"}],"version-history":[{"count":5,"href":"https:\/\/www.deedeeparis.com\/blog\/wp-json\/wp\/v2\/posts\/26531\/revisions"}],"predecessor-version":[{"id":26684,"href":"https:\/\/www.deedeeparis.com\/blog\/wp-json\/wp\/v2\/posts\/26531\/revisions\/26684"}],"wp:featuredmedia":[{"embeddable":true,"href":"https:\/\/www.deedeeparis.com\/blog\/wp-json\/wp\/v2\/media\/26678"}],"wp:attachment":[{"href":"https:\/\/www.deedeeparis.com\/blog\/wp-json\/wp\/v2\/media?parent=26531"}],"wp:term":[{"taxonomy":"category","embeddable":true,"href":"https:\/\/www.deedeeparis.com\/blog\/wp-json\/wp\/v2\/categories?post=26531"},{"taxonomy":"post_tag","embeddable":true,"href":"https:\/\/www.deedeeparis.com\/blog\/wp-json\/wp\/v2\/tags?post=26531"}],"curies":[{"name":"wp","href":"https:\/\/api.w.org\/{rel}","templated":true}]}}