{"id":26951,"date":"2014-08-13T07:03:36","date_gmt":"2014-08-13T05:03:36","guid":{"rendered":"https:\/\/www.deedeeparis.com\/blog\/?p=26951"},"modified":"2014-08-14T09:30:44","modified_gmt":"2014-08-14T07:30:44","slug":"paris-aout","status":"publish","type":"post","link":"https:\/\/www.deedeeparis.com\/blog\/paris-aout","title":{"rendered":"Vous le prendrez bien avec un peu de d\u00e9prime, votre mois d&rsquo;ao\u00fbt \u00e0 Paris ?"},"content":{"rendered":"<p><a href=\"https:\/\/www.deedeeparis.com\/blog\/wp-content\/uploads\/2014\/08\/aout.jpg\"><img loading=\"lazy\" decoding=\"async\" class=\"alignnone size-medium wp-image-26953\" alt=\"aout\" src=\"https:\/\/www.deedeeparis.com\/blog\/wp-content\/uploads\/2014\/08\/aout-600x738.jpg\" width=\"600\" height=\"738\" srcset=\"https:\/\/www.deedeeparis.com\/blog\/wp-content\/uploads\/2014\/08\/aout-600x738.jpg 600w, https:\/\/www.deedeeparis.com\/blog\/wp-content\/uploads\/2014\/08\/aout-500x615.jpg 500w, https:\/\/www.deedeeparis.com\/blog\/wp-content\/uploads\/2014\/08\/aout.jpg 650w\" sizes=\"auto, (max-width: 600px) 100vw, 600px\" \/><\/a><\/p>\n<p><em>\u00a9Illustration\u00a0<a title=\"Ad\u00e9jie\" href=\"http:\/\/adejie.ultra-book.com\/\" target=\"_blank\">Ad\u00e9jie<\/a><\/em><\/p>\n<p>J&rsquo;adore Paris au mois d&rsquo;ao\u00fbt. Je d\u00e9teste Paris au mois d&rsquo;ao\u00fbt. Non mais attendez, je ne suis pas compl\u00e8tement folle, tu sais ! <!--more-->C&rsquo;est un fait : Paris, l&rsquo;\u00e9t\u00e9, se vide aussi s\u00fbrement qu&rsquo;une bouteille de ros\u00e9 \u00e0 l&rsquo;ap\u00e9ro. En quelques jours \u00e0 peine et sans crier gare, pffft, le parisien prend la poudre d&rsquo;escampette. Au d\u00e9but, on se f\u00e9licite d&rsquo;assister \u00e0 cette transhumance sans en faire soi-m\u00eame partie. On se gargarise aupr\u00e8s des copains sur Facebook, on en fait des tonnes, on joue le d\u00e9tachement. \u00ab\u00a0<em>Paris au mois d&rsquo;ao\u00fbt ? Mais attends, c&rsquo;est g\u00e9nial ! La meilleure p\u00e9riode de l&rsquo;ann\u00e9e ! Le m\u00e9tro ? Vide ! La mini terrasse du bar du coin ? Vide ! Les rayons du supermarch\u00e9 ? Vides aussi ! Attends, c&rsquo;est LE PIED, tu ne peux pas savoir !\u00a0\u00bb<\/em>.<\/p>\n<p>Sauf que. En vrai, c&rsquo;est un peu moins la f\u00eate \u00e0 la saucisse. Ah \u00e7a, bien s\u00fbr, il y \u00a0a moins de monde dans le m\u00e9tro. Et vous avez un peu plus de temps, puisque m\u00eame si vous travaillez encore, il est admis que la premi\u00e8re quinzaine d&rsquo;ao\u00fbt est totalement morte, en France. En cons\u00e9quence de quoi, vous vous dites que vous allez en profiter pour d\u00e9couvrir cette librairie qui vous fait de l&rsquo;oeil depuis si longtemps. \u00ab\u00a0Ferm\u00e9 pour cong\u00e9s annuels\u00a0\u00bb. Pas grave, vous avez plus d&rsquo;un tour dans votre sac. Vous optez pour ce petit resto, l\u00e0, qui traine dans votre <em>whish list<\/em> depuis des ann\u00e9es lumi\u00e8res. \u00ab\u00a0R\u00e9ouverture le 4 septembre\u00a0\u00bb. Chose incroyable depuis des si\u00e8cles, vous \u00eates dispo \u00e0 peu pr\u00e8s tous les soirs. D\u00e9bordante d&rsquo;enthousiasme, vous lancez des appels \u00e0 l&rsquo;ap\u00e9ro \u00e0 qui mieux-mieux et ne r\u00e9coltez que des messages d&rsquo;absence, ou presque. Un rendez-vous chez l&rsquo;ophtalmo pour refaire vos lunettes ? Une baguette de pain ? Essaie encore une fois&#8230; !<\/p>\n<p>Pendant ce temps, les photos de plage, de barbecue, de saucisses qui grillent sur ledit barbecue ou \u00e0 la plage, de piscines, de chapeaux de paille et autres r\u00e9jouissances de l&rsquo;\u00e9t\u00e9 se succ\u00e8dent comme une longue litanie sur votre mur Facebook.<\/p>\n<p>Ah non vraiment, Paris au mois d&rsquo;ao\u00fbt, \u00e7a n&rsquo;est QUE du bonheur ! (La prochaine fois que j&rsquo;ai l&rsquo;id\u00e9e saugrenue de poser mes cong\u00e9s fin juillet, vous \u00eates gentils, vous me me fouettez avec des orties, dac ?).<\/p>\n","protected":false},"excerpt":{"rendered":"<p>\u00a9Illustration\u00a0Ad\u00e9jie J&rsquo;adore Paris au mois d&rsquo;ao\u00fbt. Je d\u00e9teste Paris au mois d&rsquo;ao\u00fbt. Non mais attendez, je ne suis pas compl\u00e8tement folle, tu sais !<\/p>\n","protected":false},"author":2,"featured_media":26954,"comment_status":"open","ping_status":"open","sticky":false,"template":"","format":"standard","meta":{"_acf_changed":false,"footnotes":""},"categories":[6260],"tags":[289,1730,6803,3128,987,970,971,2234],"class_list":["post-26951","post","type-post","status-publish","format-standard","has-post-thumbnail","hentry","category-cliches-parisiens-2","tag-adejie","tag-cliches-paris","tag-cliches-parisien","tag-paris-au-mois-daout","tag-paris-lete","tag-paris-plage","tag-un-ete-a-paris","tag-vacances-a-paris"],"acf":[],"geo":null,"_links":{"self":[{"href":"https:\/\/www.deedeeparis.com\/blog\/wp-json\/wp\/v2\/posts\/26951","targetHints":{"allow":["GET"]}}],"collection":[{"href":"https:\/\/www.deedeeparis.com\/blog\/wp-json\/wp\/v2\/posts"}],"about":[{"href":"https:\/\/www.deedeeparis.com\/blog\/wp-json\/wp\/v2\/types\/post"}],"author":[{"embeddable":true,"href":"https:\/\/www.deedeeparis.com\/blog\/wp-json\/wp\/v2\/users\/2"}],"replies":[{"embeddable":true,"href":"https:\/\/www.deedeeparis.com\/blog\/wp-json\/wp\/v2\/comments?post=26951"}],"version-history":[{"count":5,"href":"https:\/\/www.deedeeparis.com\/blog\/wp-json\/wp\/v2\/posts\/26951\/revisions"}],"predecessor-version":[{"id":26956,"href":"https:\/\/www.deedeeparis.com\/blog\/wp-json\/wp\/v2\/posts\/26951\/revisions\/26956"}],"wp:featuredmedia":[{"embeddable":true,"href":"https:\/\/www.deedeeparis.com\/blog\/wp-json\/wp\/v2\/media\/26954"}],"wp:attachment":[{"href":"https:\/\/www.deedeeparis.com\/blog\/wp-json\/wp\/v2\/media?parent=26951"}],"wp:term":[{"taxonomy":"category","embeddable":true,"href":"https:\/\/www.deedeeparis.com\/blog\/wp-json\/wp\/v2\/categories?post=26951"},{"taxonomy":"post_tag","embeddable":true,"href":"https:\/\/www.deedeeparis.com\/blog\/wp-json\/wp\/v2\/tags?post=26951"}],"curies":[{"name":"wp","href":"https:\/\/api.w.org\/{rel}","templated":true}]}}