{"id":27119,"date":"2014-08-21T07:03:42","date_gmt":"2014-08-21T05:03:42","guid":{"rendered":"https:\/\/www.deedeeparis.com\/blog\/?p=27119"},"modified":"2014-08-21T09:31:52","modified_gmt":"2014-08-21T07:31:52","slug":"interview-guillaume-salmon-2","status":"publish","type":"post","link":"https:\/\/www.deedeeparis.com\/blog\/interview-guillaume-salmon-2","title":{"rendered":"Le Paris estival de Guillaume Salmon"},"content":{"rendered":"<p><a href=\"https:\/\/www.deedeeparis.com\/blog\/wp-content\/uploads\/2014\/08\/Guillaume-9.jpg\"><img loading=\"lazy\" decoding=\"async\" class=\"alignnone size-medium wp-image-27112\" alt=\"Guillaume Salmon\" src=\"https:\/\/www.deedeeparis.com\/blog\/wp-content\/uploads\/2014\/08\/Guillaume-9-600x900.jpg\" width=\"600\" height=\"900\" srcset=\"https:\/\/www.deedeeparis.com\/blog\/wp-content\/uploads\/2014\/08\/Guillaume-9-600x900.jpg 600w, https:\/\/www.deedeeparis.com\/blog\/wp-content\/uploads\/2014\/08\/Guillaume-9-682x1024.jpg 682w, https:\/\/www.deedeeparis.com\/blog\/wp-content\/uploads\/2014\/08\/Guillaume-9-500x750.jpg 500w, https:\/\/www.deedeeparis.com\/blog\/wp-content\/uploads\/2014\/08\/Guillaume-9.jpg 1181w\" sizes=\"auto, (max-width: 600px) 100vw, 600px\" \/><\/a><\/p>\n<p>Quand je lui ai demand\u00e9 de m\u2019envoyer une photo de lui pour illustrer son interview, Guillaume m\u2019a envoy\u00e9 ce portrait. De dos, donc.<\/p>\n<p>Je n&rsquo;ai pas \u00e9t\u00e9 surprise par son choix. Guillaume Salmon est le plus adorable des attach\u00e9s de presse que je connaisse. Et le plus simple, aussi. Une vraie p\u00e9pite, dans ce milieu.\u00a0Guillaume a une personnalit\u00e9 affirm\u00e9e, tranch\u00e9e, et une personnalit\u00e9 de l&rsquo;ombre, aussi. Il est, je crois, une sorte de bon g\u00e9nie bienveillant qui tire les bonnes ficelles quand il le faut. De vraies qualit\u00e9s pour celui qui n&rsquo;est rien de moins que le responsable des RP de l\u2019in\u00e9narrable Colette\u2026<\/p>\n<ul>\n<li><strong>Paris l&rsquo;\u00e9t\u00e9, tu l&rsquo;aimes ou tu la fuis ?<\/strong><\/li>\n<\/ul>\n<p>Je l\u2019aime en juillet et la fuis en \u00e9t\u00e9, comme beaucoup, car au regard de l\u2019actualit\u00e9 du magasin, il m\u2019est difficile de partir avant, ou apr\u00e8s.<\/p>\n<ul>\n<li><strong>Pour toi, un \u00e9t\u00e9 \u00e0 Paris rime avec\u2026<\/strong><\/li>\n<\/ul>\n<p>Chaleur \u00e9crasante, \u00e9touffante, humidit\u00e9..et donc pluie\u2026et \u00e7a recommence.. .En g\u00e9n\u00e9ral j\u2019attends la pluie ave impatience.<\/p>\n<ul>\n<li><strong>Le parfum estival de Paris ?<\/strong><\/li>\n<\/ul>\n<p>Une fragrance subtile et paradoxale entre le macadam et la nature.<\/p>\n<ul>\n<li><strong>Un d\u00e9tail qui tue \u00e0 Paris, l&rsquo;\u00e9t\u00e9 ? \u00a0<\/strong><\/li>\n<\/ul>\n<p>Les sourires, le chill qui s\u2019empare de la ville en fin de journ\u00e9e et les tenues qui raccourcissent.<\/p>\n<ul>\n<li><strong>Un d\u00e9tail qui pue ? \u00a0<\/strong><\/li>\n<\/ul>\n<p>Rien ne me d\u00e9range.<\/p>\n<ul>\n<li><strong>Ton rep\u00e8re secret pour bronzer ?&#8230;\u00a0<\/strong><\/li>\n<\/ul>\n<p>Pour prendre des couleurs, rien ne vaut la marche ou le v\u00e9lo !<\/p>\n<ul>\n<li><strong>\u00a0&#8230; pour shopper ?<\/strong><\/li>\n<\/ul>\n<p>Pour shopper ou d\u00e9jeuner, bien sur, une seule adresse, 213 rue Saint-honor\u00e9 !<\/p>\n<ul>\n<li><strong>Ton petit truc pour t&rsquo;\u00e9vader, l&rsquo;air de rien ?<\/strong><\/li>\n<\/ul>\n<p>un restaurant afro-antillais ( le <a title=\"Waly fay\" href=\"http:\/\/www.walyfay.com\/\" target=\"_blank\">Waly-Fay<\/a>), un bar \u00e0 rhum dance-hall et hip-hop ( le <a title=\"Bar Paris\" href=\"https:\/\/www.facebook.com\/twentyonesoundbar\" target=\"_blank\">Twenty One Sound Bar<\/a>), un restaurant de fondue ( <a title=\"La fruiti\u00e8re\" href=\"https:\/\/www.facebook.com\/pages\/La-Fruiti%C3%A8re\/705646389496109\" target=\"_blank\">La Fruiti\u00e8re<\/a>)<\/p>\n<ul>\n<li><strong>Ton tube de l&rsquo;\u00e9t\u00e9 \u00e0 Paris ?<\/strong><\/li>\n<\/ul>\n<p>Quand il est fait beau \u00e0 paris, j\u2019en ai deux qui me viennent automatiquement en t\u00eate : \u00ab\u00a0Bienvenue \u00e0 Paris\u00a0\u00bb de Bill Baxter ou \u00ab\u00a0je suis de bonne humeur ce matin\u00a0\u00bb de Tristan.<\/p>\n<p><iframe loading=\"lazy\" src=\"\/\/www.youtube.com\/embed\/eYpz8BiNEyE\" height=\"450\" width=\"600\" allowfullscreen=\"\" frameborder=\"0\"><\/iframe><\/p>\n<p><em>Un grand merci \u00e0 Guillaume de s\u2019\u00eatre pr\u00eat\u00e9 au jeu de l\u2019interview. Rendez-vous la semaine prochaine pour d\u00e9couvrir, si vous le voulez bien, la derni\u00e8re interview parisienne de la saison !\u00a0<\/em><\/p>\n","protected":false},"excerpt":{"rendered":"<p>Quand je lui ai demand\u00e9 de m\u2019envoyer une photo de lui pour illustrer son interview, Guillaume m\u2019a envoy\u00e9 ce portrait. De dos, donc. Je n&rsquo;ai pas \u00e9t\u00e9 surprise par son choix. Guillaume Salmon est le plus adorable des attach\u00e9s de presse que je connaisse. Et le plus simple, aussi. Une vraie p\u00e9pite, dans ce milieu.\u00a0Guillaume [&hellip;]<\/p>\n","protected":false},"author":2,"featured_media":27131,"comment_status":"open","ping_status":"open","sticky":false,"template":"","format":"standard","meta":{"_acf_changed":false,"footnotes":""},"categories":[24],"tags":[1641,1269,6794,6815,995,6817,6818],"class_list":["post-27119","post","type-post","status-publish","format-standard","has-post-thumbnail","hentry","category-les-interviews-parisiennes","tag-adresses-paris","tag-city-guide-paris","tag-fiona-schmidt","tag-guillaume-salmon","tag-interview-parisienne","tag-la-fruitiere","tag-waly-fay"],"acf":[],"geo":null,"_links":{"self":[{"href":"https:\/\/www.deedeeparis.com\/blog\/wp-json\/wp\/v2\/posts\/27119","targetHints":{"allow":["GET"]}}],"collection":[{"href":"https:\/\/www.deedeeparis.com\/blog\/wp-json\/wp\/v2\/posts"}],"about":[{"href":"https:\/\/www.deedeeparis.com\/blog\/wp-json\/wp\/v2\/types\/post"}],"author":[{"embeddable":true,"href":"https:\/\/www.deedeeparis.com\/blog\/wp-json\/wp\/v2\/users\/2"}],"replies":[{"embeddable":true,"href":"https:\/\/www.deedeeparis.com\/blog\/wp-json\/wp\/v2\/comments?post=27119"}],"version-history":[{"count":5,"href":"https:\/\/www.deedeeparis.com\/blog\/wp-json\/wp\/v2\/posts\/27119\/revisions"}],"predecessor-version":[{"id":27124,"href":"https:\/\/www.deedeeparis.com\/blog\/wp-json\/wp\/v2\/posts\/27119\/revisions\/27124"}],"wp:featuredmedia":[{"embeddable":true,"href":"https:\/\/www.deedeeparis.com\/blog\/wp-json\/wp\/v2\/media\/27131"}],"wp:attachment":[{"href":"https:\/\/www.deedeeparis.com\/blog\/wp-json\/wp\/v2\/media?parent=27119"}],"wp:term":[{"taxonomy":"category","embeddable":true,"href":"https:\/\/www.deedeeparis.com\/blog\/wp-json\/wp\/v2\/categories?post=27119"},{"taxonomy":"post_tag","embeddable":true,"href":"https:\/\/www.deedeeparis.com\/blog\/wp-json\/wp\/v2\/tags?post=27119"}],"curies":[{"name":"wp","href":"https:\/\/api.w.org\/{rel}","templated":true}]}}