{"id":28152,"date":"2014-10-13T07:03:02","date_gmt":"2014-10-13T05:03:02","guid":{"rendered":"https:\/\/www.deedeeparis.com\/blog\/?p=28152"},"modified":"2014-10-13T10:48:53","modified_gmt":"2014-10-13T08:48:53","slug":"ma-week-list-104","status":"publish","type":"post","link":"https:\/\/www.deedeeparis.com\/blog\/ma-week-list-104","title":{"rendered":"Ma Week List #104"},"content":{"rendered":"<p>Nouvelle semaine&#8230; Nouveaux coups de coeur ! Cette semaine, j&rsquo;aime :<\/p>\n<p><strong>\u2605\u00a0Les souliers Jour F\u00e9ri\u00e9<\/strong><\/p>\n<p><a href=\"https:\/\/www.deedeeparis.com\/blog\/wp-content\/uploads\/2014\/10\/Johane_Mod\u00e8le_Johane-.jpg\"><img loading=\"lazy\" decoding=\"async\" class=\"alignnone size-medium wp-image-28273\" alt=\"Johane_Mod\u00e8le_Johane\" src=\"https:\/\/www.deedeeparis.com\/blog\/wp-content\/uploads\/2014\/10\/Johane_Mod\u00e8le_Johane--600x754.jpg\" width=\"600\" height=\"754\" srcset=\"https:\/\/www.deedeeparis.com\/blog\/wp-content\/uploads\/2014\/10\/Johane_Mod\u00e8le_Johane--600x754.jpg 600w, https:\/\/www.deedeeparis.com\/blog\/wp-content\/uploads\/2014\/10\/Johane_Mod\u00e8le_Johane--768x966.jpg 768w, https:\/\/www.deedeeparis.com\/blog\/wp-content\/uploads\/2014\/10\/Johane_Mod\u00e8le_Johane--500x629.jpg 500w, https:\/\/www.deedeeparis.com\/blog\/wp-content\/uploads\/2014\/10\/Johane_Mod\u00e8le_Johane--814x1024.jpg 814w\" sizes=\"auto, (max-width: 600px) 100vw, 600px\" \/><\/a><\/p>\n<p>C\u2019est l\u2019histoire d\u2019une rencontre; celle de Nathalie Elharrar et Johane Collet. Nathalie a travaill\u00e9 pour Balmain, Anne Val\u00e9rie Hash, Camper, entre (beaucoup d\u2019) autres. Johane sort de Polimoda, l\u2019\u00e9cole de mode florentine qu\u2019on ne pr\u00e9sente plus. Ensemble, ils cr\u00e9ent Jour F\u00e9ri\u00e9, une marque de souliers dr\u00f4lement d\u00e9sirables.<\/p>\n<p>Souples, flexibles, jolies\u2026 ces chaussures l\u00e0 sont confectionn\u00e9es avec amour. Et \u00e7a se voit ! la collection compte sept mod\u00e8les issus du vestiaire masculin mais qui peuvent \u00eatre port\u00e9s indiff\u00e9remment par ces messieurs comme par ces dames. Tous les mod\u00e8les sont r\u00e9alis\u00e9s avec un montage artisanal \u00ab\u00a0Sachetto\u00a0\u00bb, utilis\u00e9 par un tr\u00e8s grand nom de cr\u00e9ateurs de Ballerines, notamment.<\/p>\n<p>Vous pouvez passer les voir en vrai et vous les offrir avec une une r\u00e9duction de 50% jusqu\u2019au 21 octobre, de 13h \u00e0 19h au 9 rue Martel dans le 10\u00e8me.<\/p>\n<p><a href=\"https:\/\/www.deedeeparis.com\/blog\/wp-content\/uploads\/2014\/10\/Raymond_Mod\u00e8le_Olivier_serpent-.jpg\"><img loading=\"lazy\" decoding=\"async\" class=\"alignnone size-medium wp-image-28272\" alt=\"Raymond_Mod\u00e8le_Olivier_serpent\" src=\"https:\/\/www.deedeeparis.com\/blog\/wp-content\/uploads\/2014\/10\/Raymond_Mod\u00e8le_Olivier_serpent--600x552.jpg\" width=\"600\" height=\"552\" \/><\/a><\/p>\n<p><a href=\"https:\/\/www.deedeeparis.com\/blog\/wp-content\/uploads\/2014\/10\/Nathalie_Emma_Mod\u00e8les_Mitch_Olivier.jpg\"><img loading=\"lazy\" decoding=\"async\" class=\"alignnone size-medium wp-image-28269\" alt=\"Nathalie_Emma_Mod\u00e8les_Mitch_Olivier\" src=\"https:\/\/www.deedeeparis.com\/blog\/wp-content\/uploads\/2014\/10\/Nathalie_Emma_Mod\u00e8les_Mitch_Olivier-600x466.jpg\" width=\"600\" height=\"466\" srcset=\"https:\/\/www.deedeeparis.com\/blog\/wp-content\/uploads\/2014\/10\/Nathalie_Emma_Mod\u00e8les_Mitch_Olivier-600x466.jpg 600w, https:\/\/www.deedeeparis.com\/blog\/wp-content\/uploads\/2014\/10\/Nathalie_Emma_Mod\u00e8les_Mitch_Olivier-768x597.jpg 768w, https:\/\/www.deedeeparis.com\/blog\/wp-content\/uploads\/2014\/10\/Nathalie_Emma_Mod\u00e8les_Mitch_Olivier-500x389.jpg 500w, https:\/\/www.deedeeparis.com\/blog\/wp-content\/uploads\/2014\/10\/Nathalie_Emma_Mod\u00e8les_Mitch_Olivier-1024x796.jpg 1024w\" sizes=\"auto, (max-width: 600px) 100vw, 600px\" \/><\/a><\/p>\n<p><a href=\"https:\/\/www.deedeeparis.com\/blog\/wp-content\/uploads\/2014\/10\/Louise_Mod\u00e8le_Olivier.jpg\"><img loading=\"lazy\" decoding=\"async\" class=\"alignnone size-medium wp-image-28271\" alt=\"Louise_Mod\u00e8le_Olivier\" src=\"https:\/\/www.deedeeparis.com\/blog\/wp-content\/uploads\/2014\/10\/Louise_Mod\u00e8le_Olivier-600x761.jpg\" width=\"600\" height=\"761\" \/><\/a><\/p>\n<p><a href=\"https:\/\/www.deedeeparis.com\/blog\/wp-content\/uploads\/2014\/10\/Djan_Mod\u00e8le_Benjamin-.jpg\"><img loading=\"lazy\" decoding=\"async\" class=\"alignnone size-medium wp-image-28270\" alt=\"Djan_Mod\u00e8le_Benjamin\" src=\"https:\/\/www.deedeeparis.com\/blog\/wp-content\/uploads\/2014\/10\/Djan_Mod\u00e8le_Benjamin--600x535.jpg\" width=\"600\" height=\"535\" srcset=\"https:\/\/www.deedeeparis.com\/blog\/wp-content\/uploads\/2014\/10\/Djan_Mod\u00e8le_Benjamin--600x535.jpg 600w, https:\/\/www.deedeeparis.com\/blog\/wp-content\/uploads\/2014\/10\/Djan_Mod\u00e8le_Benjamin--768x685.jpg 768w, https:\/\/www.deedeeparis.com\/blog\/wp-content\/uploads\/2014\/10\/Djan_Mod\u00e8le_Benjamin--500x446.jpg 500w, https:\/\/www.deedeeparis.com\/blog\/wp-content\/uploads\/2014\/10\/Djan_Mod\u00e8le_Benjamin--1024x914.jpg 1024w\" sizes=\"auto, (max-width: 600px) 100vw, 600px\" \/><\/a><\/p>\n<p><a href=\"https:\/\/www.deedeeparis.com\/blog\/wp-content\/uploads\/2014\/10\/Ladybird_Mod\u00e8le_Mitch-.jpg\"><img loading=\"lazy\" decoding=\"async\" class=\"alignnone size-medium wp-image-28268\" alt=\"Ladybird_Mod\u00e8le_Mitch\" src=\"https:\/\/www.deedeeparis.com\/blog\/wp-content\/uploads\/2014\/10\/Ladybird_Mod\u00e8le_Mitch--600x591.jpg\" width=\"600\" height=\"591\" srcset=\"https:\/\/www.deedeeparis.com\/blog\/wp-content\/uploads\/2014\/10\/Ladybird_Mod\u00e8le_Mitch--600x591.jpg 600w, https:\/\/www.deedeeparis.com\/blog\/wp-content\/uploads\/2014\/10\/Ladybird_Mod\u00e8le_Mitch--768x757.jpg 768w, https:\/\/www.deedeeparis.com\/blog\/wp-content\/uploads\/2014\/10\/Ladybird_Mod\u00e8le_Mitch--500x493.jpg 500w, https:\/\/www.deedeeparis.com\/blog\/wp-content\/uploads\/2014\/10\/Ladybird_Mod\u00e8le_Mitch--1024x1009.jpg 1024w\" sizes=\"auto, (max-width: 600px) 100vw, 600px\" \/><\/a><\/p>\n<p><strong>\u2605\u00a0The Nautilus Pen and Writing Essentials<\/strong><\/p>\n<p>Tr\u00e8s tr\u00e8s joli film r\u00e9alis\u00e9 par <a title=\"James Bort\" href=\"http:\/\/www.jamesbort.com\/\" target=\"_blank\">James Bort<\/a> autour du\u00a0stylo Nautilus con\u00e7u par le designer Marc Newson, ainsi que la gamme d\u2019\u00e9criture de Herm\u00e8s. Magique.<\/p>\n<p><iframe loading=\"lazy\" src=\"\/\/www.youtube.com\/embed\/IkGthhUHC_c\" height=\"338\" width=\"600\" allowfullscreen=\"\" frameborder=\"0\"><\/iframe><\/p>\n<p><strong>\u2605\u00a0Les petites culottes brod\u00e9es <a title=\"Petite culotte Balzac Paris x Henriette H\" href=\"http:\/\/www.balzac-paris.fr\/2014\/10\/10\/balzac-paris-x-henriette-h\/\" target=\"_blank\">Balzac Paris x Henriette H<\/a><\/strong><a title=\"Petite culotte Balzac Paris x Henriette H\" href=\"http:\/\/www.balzac-paris.fr\/2014\/10\/10\/balzac-paris-x-henriette-h\/\" target=\"_blank\">\u00a0<\/a><\/p>\n<p><a href=\"https:\/\/www.deedeeparis.com\/blog\/wp-content\/uploads\/2014\/10\/culotte-Balzac-Paris.jpg\"><img loading=\"lazy\" decoding=\"async\" class=\"alignnone size-medium wp-image-28278\" alt=\"culotte Balzac Paris\" src=\"https:\/\/www.deedeeparis.com\/blog\/wp-content\/uploads\/2014\/10\/culotte-Balzac-Paris-600x600.jpg\" width=\"600\" height=\"600\" srcset=\"https:\/\/www.deedeeparis.com\/blog\/wp-content\/uploads\/2014\/10\/culotte-Balzac-Paris-600x600.jpg 600w, https:\/\/www.deedeeparis.com\/blog\/wp-content\/uploads\/2014\/10\/culotte-Balzac-Paris-768x768.jpg 768w, https:\/\/www.deedeeparis.com\/blog\/wp-content\/uploads\/2014\/10\/culotte-Balzac-Paris-160x160.jpg 160w, https:\/\/www.deedeeparis.com\/blog\/wp-content\/uploads\/2014\/10\/culotte-Balzac-Paris-155x155.jpg 155w, https:\/\/www.deedeeparis.com\/blog\/wp-content\/uploads\/2014\/10\/culotte-Balzac-Paris-500x500.jpg 500w, https:\/\/www.deedeeparis.com\/blog\/wp-content\/uploads\/2014\/10\/culotte-Balzac-Paris-150x150.jpg 150w, https:\/\/www.deedeeparis.com\/blog\/wp-content\/uploads\/2014\/10\/culotte-Balzac-Paris.jpg 960w\" sizes=\"auto, (max-width: 600px) 100vw, 600px\" \/><\/a><\/p>\n<p>La premi\u00e8re confectionne des sweats litt\u00e9raires et d&rsquo;autres cr\u00e9ations \u00e9ph\u00e9m\u00e8res ultra d\u00e9sirables (comme vous le savez !), la seconde cr\u00e9e des petites culottes brod\u00e9es. C&rsquo;est \u00e0 dire que je n&rsquo;irai pas jusqu&rsquo;\u00e0 vous raconter ma vie, mais si a priori la petite culotte me laisse de marbre, l\u00e0, quand m\u00eame, WOW. Non ?<\/p>\n<p><strong>\u2605\u00a0H\u00ebll\u00f8 x Coussin Germain<\/strong><\/p>\n<p><a href=\"https:\/\/www.deedeeparis.com\/blog\/wp-content\/uploads\/2014\/10\/coussin-hellogermain-hello-coussin-germain-3.jpg\"><img loading=\"lazy\" decoding=\"async\" class=\"alignnone size-medium wp-image-28284\" alt=\"coussin-hellogermain-hello-coussin-germain-3\" src=\"https:\/\/www.deedeeparis.com\/blog\/wp-content\/uploads\/2014\/10\/coussin-hellogermain-hello-coussin-germain-3-600x900.jpg\" width=\"600\" height=\"900\" srcset=\"https:\/\/www.deedeeparis.com\/blog\/wp-content\/uploads\/2014\/10\/coussin-hellogermain-hello-coussin-germain-3-600x900.jpg 600w, https:\/\/www.deedeeparis.com\/blog\/wp-content\/uploads\/2014\/10\/coussin-hellogermain-hello-coussin-germain-3-768x1152.jpg 768w, https:\/\/www.deedeeparis.com\/blog\/wp-content\/uploads\/2014\/10\/coussin-hellogermain-hello-coussin-germain-3-500x750.jpg 500w, https:\/\/www.deedeeparis.com\/blog\/wp-content\/uploads\/2014\/10\/coussin-hellogermain-hello-coussin-germain-3-683x1024.jpg 683w, https:\/\/www.deedeeparis.com\/blog\/wp-content\/uploads\/2014\/10\/coussin-hellogermain-hello-coussin-germain-3.jpg 770w\" sizes=\"auto, (max-width: 600px) 100vw, 600px\" \/><\/a><\/p>\n<p>Les deux adorables fondatrices de <a title=\"Hello \" href=\"http:\/\/hello-hello.fr\/\" target=\"_blank\">H\u00ebll\u00f8<\/a> ont cr\u00e9e un coussin dr\u00f4lement chouette pour <a title=\"Coussin germain\" href=\"http:\/\/www.coussingermain.com\/home\/175-le-coussin-hello-germain.html\" target=\"_blank\">Coussin Germain<\/a>. Simple et inspirant \u00e0 la fois, il fait chanter les jours sans !<\/p>\n<p><strong>\u2605\u00a0L&rsquo;oeil du pigeon<\/strong><\/p>\n<p><a href=\"https:\/\/www.deedeeparis.com\/blog\/wp-content\/uploads\/2014\/10\/Capture-d\u2019\u00e9cran-2014-10-12-\u00e0-22.26.15.png\"><img loading=\"lazy\" decoding=\"async\" class=\"size-full wp-image-28291 aligncenter\" alt=\"Capture d\u2019\u00e9cran 2014-10-12 \u00e0 22.26.15\" src=\"https:\/\/www.deedeeparis.com\/blog\/wp-content\/uploads\/2014\/10\/Capture-d\u2019\u00e9cran-2014-10-12-\u00e0-22.26.15.png\" width=\"573\" height=\"408\" srcset=\"https:\/\/www.deedeeparis.com\/blog\/wp-content\/uploads\/2014\/10\/Capture-d\u2019\u00e9cran-2014-10-12-\u00e0-22.26.15.png 573w, https:\/\/www.deedeeparis.com\/blog\/wp-content\/uploads\/2014\/10\/Capture-d\u2019\u00e9cran-2014-10-12-\u00e0-22.26.15-500x356.png 500w\" sizes=\"auto, (max-width: 573px) 100vw, 573px\" \/><\/a><\/p>\n<p>Vous vous souvenez de <a title=\"L'oeil du pigeon\" href=\"https:\/\/www.deedeeparis.com\/blog\/tag\/loeil-du-pigeon\" target=\"_blank\">ces carnets de croquis<\/a>, arrondissement par arrondissement ? Patrice Rambaud\u00a0\u00e9toffe ses balades avec <a title=\"L'oeil du Pigeon\" href=\"http:\/\/www.loeildupigeon.com\/\" target=\"_blank\">6 nouveaux carnets<\/a>, d\u00e9di\u00e9s aux\u00a0<em>1er, <\/em>2e, 5e, 8e, 9e et 14e arrondissements. Bient\u00f4t le 15\u00e8me, ON Y CROIT ^^<\/p>\n<p style=\"text-align: center;\">\u00a0<a href=\"https:\/\/www.deedeeparis.com\/blog\/wp-content\/uploads\/2014\/10\/Capture-d\u2019\u00e9cran-2014-10-12-\u00e0-22.26.08.png\"><img loading=\"lazy\" decoding=\"async\" class=\"alignnone size-full wp-image-28292\" alt=\"Capture d\u2019\u00e9cran 2014-10-12 \u00e0 22.26.08\" src=\"https:\/\/www.deedeeparis.com\/blog\/wp-content\/uploads\/2014\/10\/Capture-d\u2019\u00e9cran-2014-10-12-\u00e0-22.26.08.png\" width=\"565\" height=\"395\" srcset=\"https:\/\/www.deedeeparis.com\/blog\/wp-content\/uploads\/2014\/10\/Capture-d\u2019\u00e9cran-2014-10-12-\u00e0-22.26.08.png 565w, https:\/\/www.deedeeparis.com\/blog\/wp-content\/uploads\/2014\/10\/Capture-d\u2019\u00e9cran-2014-10-12-\u00e0-22.26.08-500x350.png 500w\" sizes=\"auto, (max-width: 565px) 100vw, 565px\" \/><\/a> <a href=\"https:\/\/www.deedeeparis.com\/blog\/wp-content\/uploads\/2014\/10\/Capture-d\u2019\u00e9cran-2014-10-12-\u00e0-22.26.42.png\"><img loading=\"lazy\" decoding=\"async\" class=\"alignnone size-full wp-image-28290\" alt=\"Capture d\u2019\u00e9cran 2014-10-12 \u00e0 22.26.42\" src=\"https:\/\/www.deedeeparis.com\/blog\/wp-content\/uploads\/2014\/10\/Capture-d\u2019\u00e9cran-2014-10-12-\u00e0-22.26.42.png\" width=\"566\" height=\"395\" srcset=\"https:\/\/www.deedeeparis.com\/blog\/wp-content\/uploads\/2014\/10\/Capture-d\u2019\u00e9cran-2014-10-12-\u00e0-22.26.42.png 566w, https:\/\/www.deedeeparis.com\/blog\/wp-content\/uploads\/2014\/10\/Capture-d\u2019\u00e9cran-2014-10-12-\u00e0-22.26.42-500x349.png 500w\" sizes=\"auto, (max-width: 566px) 100vw, 566px\" \/><\/a> <a href=\"https:\/\/www.deedeeparis.com\/blog\/wp-content\/uploads\/2014\/10\/Capture-d\u2019\u00e9cran-2014-10-12-\u00e0-22.26.52.png\"><img loading=\"lazy\" decoding=\"async\" class=\"alignnone size-full wp-image-28289\" alt=\"Capture d\u2019\u00e9cran 2014-10-12 \u00e0 22.26.52\" src=\"https:\/\/www.deedeeparis.com\/blog\/wp-content\/uploads\/2014\/10\/Capture-d\u2019\u00e9cran-2014-10-12-\u00e0-22.26.52.png\" width=\"557\" height=\"399\" srcset=\"https:\/\/www.deedeeparis.com\/blog\/wp-content\/uploads\/2014\/10\/Capture-d\u2019\u00e9cran-2014-10-12-\u00e0-22.26.52.png 557w, https:\/\/www.deedeeparis.com\/blog\/wp-content\/uploads\/2014\/10\/Capture-d\u2019\u00e9cran-2014-10-12-\u00e0-22.26.52-500x358.png 500w\" sizes=\"auto, (max-width: 557px) 100vw, 557px\" \/><\/a><\/p>\n<p style=\"text-align: left;\"><strong>\u2605\u00a0Les cache-pots \u00e0 suspendre\u00a0<\/strong><\/p>\n<p>C&rsquo;est \u00e0 dire que j&rsquo;ai une esp\u00e8ce de poutre ton sur ton chez moi, un simple reste de cloison qui n&rsquo;est en r\u00e9alit\u00e9 pas bien solide et auquel je ne peux \u00e9videmment rien suspendre. Du coup, \u00e9videmment, j&rsquo;ai envie d&rsquo;y accrocher un tas de trucs. A commencer par ces pots de fleurs suspendus&#8230; Tellement d\u00e9sirables !<\/p>\n<p><a href=\"https:\/\/www.deedeeparis.com\/blog\/wp-content\/uploads\/2014\/10\/fleursdiy.jpg\"><img loading=\"lazy\" decoding=\"async\" class=\"alignnone size-medium wp-image-28286\" alt=\"fleursdiy\" src=\"https:\/\/www.deedeeparis.com\/blog\/wp-content\/uploads\/2014\/10\/fleursdiy-600x811.jpg\" width=\"600\" height=\"811\" \/><\/a><\/p>\n<p><em>Photo et DIY \u00a9<a title=\"Ohhhmhhh\" href=\"http:\/\/www.ohhhmhhh.de\/33170\/andrea-von-we-like-mondays-hat-sich-eine-simple-aber-superschone-pflanzenampel-fur-sukkulenten-ausgedacht\/\" target=\"_blank\">Ohhh Mhhh<\/a><\/em><\/p>\n<p><strong>\u2605\u00a0Paradis &#8211; Garde le pour toi<\/strong><\/p>\n<p>Le duo cocorico signe ce titre qui, s&rsquo;il n&rsquo;est pas nouveau (il est sorti cet \u00e9t\u00e9, je crois), est toujours aussi bon. Presqu&rsquo;autant que cette fabuleuse version de la balade de Jim que je joins \u00e9galement \u00e0 cette week-list, du coup : deux bons sons pour commencer la semaine, rien que \u00e7a !<\/p>\n<p><iframe loading=\"lazy\" src=\"\/\/www.youtube.com\/embed\/kWhR0RMcdfw\" height=\"338\" width=\"600\" allowfullscreen=\"\" frameborder=\"0\"><\/iframe><\/p>\n<p><iframe loading=\"lazy\" src=\"\/\/www.youtube.com\/embed\/V65-n6qNMaY\" height=\"338\" width=\"600\" allowfullscreen=\"\" frameborder=\"0\"><\/iframe><\/p>\n<p>Joyeux lundi !<\/p>\n","protected":false},"excerpt":{"rendered":"<p>Nouvelle semaine&#8230; Nouveaux coups de coeur ! Cette semaine, j&rsquo;aime : \u2605\u00a0Les souliers Jour F\u00e9ri\u00e9 C\u2019est l\u2019histoire d\u2019une rencontre; celle de Nathalie Elharrar et Johane Collet. Nathalie a travaill\u00e9 pour Balmain, Anne Val\u00e9rie Hash, Camper, entre (beaucoup d\u2019) autres. Johane sort de Polimoda, l\u2019\u00e9cole de mode florentine qu\u2019on ne pr\u00e9sente plus. Ensemble, ils cr\u00e9ent Jour [&hellip;]<\/p>\n","protected":false},"author":2,"featured_media":28269,"comment_status":"open","ping_status":"open","sticky":false,"template":"","format":"standard","meta":{"_acf_changed":false,"footnotes":""},"categories":[8],"tags":[6116,4884,6928,5941,6929,6927],"class_list":["post-28152","post","type-post","status-publish","format-standard","has-post-thumbnail","hentry","category-chroniques-de-paris","tag-coussin-germain","tag-diy","tag-hello-x-coussin-germain","tag-loeil-du-pigeon","tag-ohhhmhhh","tag-petite-culotte-balzac-paris-x-henriette-h"],"acf":[],"geo":null,"_links":{"self":[{"href":"https:\/\/www.deedeeparis.com\/blog\/wp-json\/wp\/v2\/posts\/28152","targetHints":{"allow":["GET"]}}],"collection":[{"href":"https:\/\/www.deedeeparis.com\/blog\/wp-json\/wp\/v2\/posts"}],"about":[{"href":"https:\/\/www.deedeeparis.com\/blog\/wp-json\/wp\/v2\/types\/post"}],"author":[{"embeddable":true,"href":"https:\/\/www.deedeeparis.com\/blog\/wp-json\/wp\/v2\/users\/2"}],"replies":[{"embeddable":true,"href":"https:\/\/www.deedeeparis.com\/blog\/wp-json\/wp\/v2\/comments?post=28152"}],"version-history":[{"count":5,"href":"https:\/\/www.deedeeparis.com\/blog\/wp-json\/wp\/v2\/posts\/28152\/revisions"}],"predecessor-version":[{"id":28280,"href":"https:\/\/www.deedeeparis.com\/blog\/wp-json\/wp\/v2\/posts\/28152\/revisions\/28280"}],"wp:featuredmedia":[{"embeddable":true,"href":"https:\/\/www.deedeeparis.com\/blog\/wp-json\/wp\/v2\/media\/28269"}],"wp:attachment":[{"href":"https:\/\/www.deedeeparis.com\/blog\/wp-json\/wp\/v2\/media?parent=28152"}],"wp:term":[{"taxonomy":"category","embeddable":true,"href":"https:\/\/www.deedeeparis.com\/blog\/wp-json\/wp\/v2\/categories?post=28152"},{"taxonomy":"post_tag","embeddable":true,"href":"https:\/\/www.deedeeparis.com\/blog\/wp-json\/wp\/v2\/tags?post=28152"}],"curies":[{"name":"wp","href":"https:\/\/api.w.org\/{rel}","templated":true}]}}