{"id":298,"date":"2007-06-02T08:02:34","date_gmt":"2007-06-02T08:02:34","guid":{"rendered":"https:\/\/www.deedeeparis.com\/wordpress\/2490-fraich-attitude"},"modified":"2007-06-02T08:02:34","modified_gmt":"2007-06-02T08:02:34","slug":"fraich-attitude","status":"publish","type":"post","link":"https:\/\/www.deedeeparis.com\/blog\/fraich-attitude","title":{"rendered":"She&rsquo;s fresh she&rsquo;s so fresh !"},"content":{"rendered":"<p><img decoding=\"async\" src=\"\/blog\/images\/Sortir a Paris\/rallye fraich attitude.jpg\" alt=\"\" style=\"float:left; margin: 0 1em 1em 0;\" \/><\/p>\n<p>Une fois n&rsquo;est pas coutume&nbsp;: je vous pr\u00e9sente une piste d&rsquo;id\u00e9e pour le week-end prochain. Ben oui, mais comme il faut s&rsquo;inscrire, vous allez m&rsquo;en vouloir si je vous le dis au dernier moment \ud83d\ude42 J&rsquo;arrive au pourquoi du comment&nbsp;:<\/p>\n<p>Consommer au moins 5 fruits et l\u00e9gumes par jour, tout le monde conna\u00eet le blabla. Mais que diriez vous de participer ?  un v\u00e9ritable rallye dans les rues de Paris pour vivre le frais sous un angle plus glamour&nbsp;?<\/p>\n<pre><\/pre>\n<p>A l&rsquo;occasion de la semaine de la Fraich&rsquo;Attitude qui notons-le, commence le 9 juin, l&rsquo;Interprofession des Fruits et L\u00e9gumes Frais organise un grand rallye. Con\u00e7u comme un jeu de piste, vos papilles et vos talents culinaires seront mis ?  contribution pour vous faire d\u00e9couvrir, de rue en rue, de place en jardin, l&rsquo;univers des fruits et l\u00e9gumes ?  travers les ressources souvent m\u00e9connues de la capitale.<\/p>\n<p>Le but&nbsp;? Gagner, \u00e9videmment (personnellement, je ne joue que pour gagner, manquerait plus que \u00e7a), en r\u00e9pondant ?  un certain nombre de questions et d&rsquo;\u00e9nigmes concernant les lieux que vous serez amen\u00e9s ?  visiter. Pour ce faire, vous devrez vous munir de votre astuce, d&rsquo;un soup\u00e7on de d\u00e9duction et d&rsquo;une bonne dose d&rsquo;observation et de sens pratique. Comme dans tout rallye qui se respecte en somme&nbsp;!<\/p>\n<p>Evidemment, les meilleures \u00e9quipes \u00e9quipes gagneront des lots.<\/p>\n<p><strong>Infos pratiques<\/strong>&nbsp;:<\/p>\n<ul>\n<li>Le d\u00e9part du Rallye se fera au 60 rue du Faubourg Poissonni\u00e8re 75010 PARIS (M\u00e9tro Poissonni\u00e8re) de 9h00 ?  11h00.<\/li>\n<li>Le retour est pr\u00e9vu ?  la m\u00eame adresse vers 18h00.<\/li>\n<li>Les r\u00e9sultats seront proclam\u00e9s ?  19h00 apr\u00e8s un go\u00fbter fra\u00eech&rsquo;attitude.<\/li>\n<\/ul>\n<p>Pour participer, c&rsquo;est gratuit&nbsp;! Il suffit simplement de constituer une \u00e9quipe de 1 ?  4 personnes et de vous inscrire en compl\u00e9tant le formulaire sur le <a href=\"http:\/\/www.semainefraichattitude.com\/rallye_parisien.php\">site internet<\/a>.<\/p>\n<p><strong>Post scriptum<\/strong>&nbsp;: et au passage, j&rsquo;ai r\u00e9ussi ?  vous coller la chanson dans la t\u00eate pour tout le week-end, non ?! h\u00e9h\u00e9<\/p>\n","protected":false},"excerpt":{"rendered":"<p><img decoding=\"async\" src=\"\/blog\/images\/Sortir a Paris\/rallye fraich attitude.jpg\" alt=\"\" style=\"float:left; margin: 0 1em 1em 0;\" \/><\/p>\n<p>Une fois n&rsquo;est pas coutume&nbsp;: je vous pr\u00e9sente une piste d&rsquo;id\u00e9e pour le week-end prochain. Ben oui, mais comme il faut s&rsquo;inscrire, vous allez m&rsquo;en vouloir si je vous le dis au dernier moment \ud83d\ude42 J&rsquo;arrive au pourquoi du comment&nbsp;:<\/p>\n<p>Consommer au moins 5 fruits et l\u00e9gumes par jour, tout le monde conna\u00eet le blabla. Mais que diriez vous de participer ?  un v\u00e9ritable rallye dans les rues de Paris pour vivre le frais sous un angle plus glamour&nbsp;?<\/p>\n<p>A l&rsquo;occasion de la semaine de la Fraich&rsquo;Attitude qui notons-le, commence le 9 juin, l&rsquo;Interprofession des Fruits et L\u00e9gumes Frais organise un grand rallye. Con\u00e7u comme un jeu de piste, vos papilles et vos talents culinaires seront mis ?  contribution pour vous faire d\u00e9couvrir, de rue en rue, de place en jardin, l&rsquo;univers des fruits et l\u00e9gumes ?  travers les ressources souvent m\u00e9connues de la capitale.<\/p>\n","protected":false},"author":2,"featured_media":0,"comment_status":"open","ping_status":"open","sticky":false,"template":"","format":"standard","meta":{"_acf_changed":false,"footnotes":""},"categories":[1],"tags":[],"class_list":["post-298","post","type-post","status-publish","format-standard","hentry","category-non-classe"],"acf":[],"geo":null,"_links":{"self":[{"href":"https:\/\/www.deedeeparis.com\/blog\/wp-json\/wp\/v2\/posts\/298","targetHints":{"allow":["GET"]}}],"collection":[{"href":"https:\/\/www.deedeeparis.com\/blog\/wp-json\/wp\/v2\/posts"}],"about":[{"href":"https:\/\/www.deedeeparis.com\/blog\/wp-json\/wp\/v2\/types\/post"}],"author":[{"embeddable":true,"href":"https:\/\/www.deedeeparis.com\/blog\/wp-json\/wp\/v2\/users\/2"}],"replies":[{"embeddable":true,"href":"https:\/\/www.deedeeparis.com\/blog\/wp-json\/wp\/v2\/comments?post=298"}],"version-history":[{"count":0,"href":"https:\/\/www.deedeeparis.com\/blog\/wp-json\/wp\/v2\/posts\/298\/revisions"}],"wp:attachment":[{"href":"https:\/\/www.deedeeparis.com\/blog\/wp-json\/wp\/v2\/media?parent=298"}],"wp:term":[{"taxonomy":"category","embeddable":true,"href":"https:\/\/www.deedeeparis.com\/blog\/wp-json\/wp\/v2\/categories?post=298"},{"taxonomy":"post_tag","embeddable":true,"href":"https:\/\/www.deedeeparis.com\/blog\/wp-json\/wp\/v2\/tags?post=298"}],"curies":[{"name":"wp","href":"https:\/\/api.w.org\/{rel}","templated":true}]}}