{"id":30385,"date":"2015-01-26T07:03:03","date_gmt":"2015-01-26T06:03:03","guid":{"rendered":"https:\/\/www.deedeeparis.com\/blog\/?p=30385"},"modified":"2015-01-26T09:44:58","modified_gmt":"2015-01-26T08:44:58","slug":"ma-week-list-118","status":"publish","type":"post","link":"https:\/\/www.deedeeparis.com\/blog\/ma-week-list-118","title":{"rendered":"Ma Week List #118"},"content":{"rendered":"<p>Nouvelle semaine, nouveaux coups de coeur ! Cette semaine, j&rsquo;aime :<\/p>\n<h4>Les nouveaux carreaux de ciment sign\u00e9s Petit Pan<\/h4>\n<p><a href=\"https:\/\/www.deedeeparis.com\/blog\/wp-content\/uploads\/2015\/01\/carreaux-de-ciment-petit-pan.jpg\"><img loading=\"lazy\" decoding=\"async\" class=\"alignnone size-medium wp-image-30569\" src=\"https:\/\/www.deedeeparis.com\/blog\/wp-content\/uploads\/2015\/01\/carreaux-de-ciment-petit-pan-600x600.jpg\" alt=\"carreaux de ciment petit pan\" width=\"600\" height=\"600\" srcset=\"https:\/\/www.deedeeparis.com\/blog\/wp-content\/uploads\/2015\/01\/carreaux-de-ciment-petit-pan-600x600.jpg 600w, https:\/\/www.deedeeparis.com\/blog\/wp-content\/uploads\/2015\/01\/carreaux-de-ciment-petit-pan-768x768.jpg 768w, https:\/\/www.deedeeparis.com\/blog\/wp-content\/uploads\/2015\/01\/carreaux-de-ciment-petit-pan-160x160.jpg 160w, https:\/\/www.deedeeparis.com\/blog\/wp-content\/uploads\/2015\/01\/carreaux-de-ciment-petit-pan-155x155.jpg 155w, https:\/\/www.deedeeparis.com\/blog\/wp-content\/uploads\/2015\/01\/carreaux-de-ciment-petit-pan-500x500.jpg 500w, https:\/\/www.deedeeparis.com\/blog\/wp-content\/uploads\/2015\/01\/carreaux-de-ciment-petit-pan-150x150.jpg 150w, https:\/\/www.deedeeparis.com\/blog\/wp-content\/uploads\/2015\/01\/carreaux-de-ciment-petit-pan.jpg 843w\" sizes=\"auto, (max-width: 600px) 100vw, 600px\" \/><\/a><\/p>\n<p>Et voil\u00e0, si, oui, encore : FAT CRUSH pour les nouveaux <a title=\"Petit Pan\" href=\"http:\/\/www.petitpan.com\/89-carreaux\" target=\"_blank\">carreaux de ciment de Petit Pan<\/a> ! Il y en a 24 nouveaux, qui viennent s&rsquo;agr\u00e9ger \u00e0 la tr\u00e8s jolie collection d\u00e9j\u00e0 disponible. Un jour, je serai chez moi et je pourrai mettre des jolis carreaux de ciment o\u00f9 je veux (avoir des r\u00eaves dans la vie&#8230;!)<\/p>\n<p><a href=\"https:\/\/www.deedeeparis.com\/blog\/wp-content\/uploads\/2015\/01\/Capture-d\u2019\u00e9cran-2015-01-25-\u00e0-21.03.43.png\"><img loading=\"lazy\" decoding=\"async\" class=\"alignnone size-full wp-image-30570\" src=\"https:\/\/www.deedeeparis.com\/blog\/wp-content\/uploads\/2015\/01\/Capture-d\u2019\u00e9cran-2015-01-25-\u00e0-21.03.43.png\" alt=\"Capture d\u2019\u00e9cran 2015-01-25 \u00e0 21.03.43\" width=\"595\" height=\"596\" srcset=\"https:\/\/www.deedeeparis.com\/blog\/wp-content\/uploads\/2015\/01\/Capture-d\u2019\u00e9cran-2015-01-25-\u00e0-21.03.43.png 595w, https:\/\/www.deedeeparis.com\/blog\/wp-content\/uploads\/2015\/01\/Capture-d\u2019\u00e9cran-2015-01-25-\u00e0-21.03.43-160x160.png 160w, https:\/\/www.deedeeparis.com\/blog\/wp-content\/uploads\/2015\/01\/Capture-d\u2019\u00e9cran-2015-01-25-\u00e0-21.03.43-155x155.png 155w, https:\/\/www.deedeeparis.com\/blog\/wp-content\/uploads\/2015\/01\/Capture-d\u2019\u00e9cran-2015-01-25-\u00e0-21.03.43-500x501.png 500w, https:\/\/www.deedeeparis.com\/blog\/wp-content\/uploads\/2015\/01\/Capture-d\u2019\u00e9cran-2015-01-25-\u00e0-21.03.43-150x150.png 150w\" sizes=\"auto, (max-width: 595px) 100vw, 595px\" \/><\/a><\/p>\n<p><a href=\"https:\/\/www.deedeeparis.com\/blog\/wp-content\/uploads\/2015\/01\/Capture-d\u2019\u00e9cran-2015-01-25-\u00e0-21.03.14.png\"><img loading=\"lazy\" decoding=\"async\" class=\"alignnone size-medium wp-image-30571\" src=\"https:\/\/www.deedeeparis.com\/blog\/wp-content\/uploads\/2015\/01\/Capture-d\u2019\u00e9cran-2015-01-25-\u00e0-21.03.14.png\" alt=\"Capture d\u2019\u00e9cran 2015-01-25 \u00e0 21.03.14\" width=\"595\" height=\"596\" srcset=\"https:\/\/www.deedeeparis.com\/blog\/wp-content\/uploads\/2015\/01\/Capture-d\u2019\u00e9cran-2015-01-25-\u00e0-21.03.14.png 595w, https:\/\/www.deedeeparis.com\/blog\/wp-content\/uploads\/2015\/01\/Capture-d\u2019\u00e9cran-2015-01-25-\u00e0-21.03.14-160x160.png 160w, https:\/\/www.deedeeparis.com\/blog\/wp-content\/uploads\/2015\/01\/Capture-d\u2019\u00e9cran-2015-01-25-\u00e0-21.03.14-155x155.png 155w, https:\/\/www.deedeeparis.com\/blog\/wp-content\/uploads\/2015\/01\/Capture-d\u2019\u00e9cran-2015-01-25-\u00e0-21.03.14-500x501.png 500w, https:\/\/www.deedeeparis.com\/blog\/wp-content\/uploads\/2015\/01\/Capture-d\u2019\u00e9cran-2015-01-25-\u00e0-21.03.14-150x150.png 150w\" sizes=\"auto, (max-width: 595px) 100vw, 595px\" \/><\/a><\/p>\n<p><a href=\"https:\/\/www.deedeeparis.com\/blog\/wp-content\/uploads\/2015\/01\/Capture-d\u2019\u00e9cran-2015-01-25-\u00e0-21.02.56.png\"><img loading=\"lazy\" decoding=\"async\" class=\"alignnone size-medium wp-image-30572\" src=\"https:\/\/www.deedeeparis.com\/blog\/wp-content\/uploads\/2015\/01\/Capture-d\u2019\u00e9cran-2015-01-25-\u00e0-21.02.56.png\" alt=\"Capture d\u2019\u00e9cran 2015-01-25 \u00e0 21.02.56\" width=\"595\" height=\"595\" srcset=\"https:\/\/www.deedeeparis.com\/blog\/wp-content\/uploads\/2015\/01\/Capture-d\u2019\u00e9cran-2015-01-25-\u00e0-21.02.56.png 595w, https:\/\/www.deedeeparis.com\/blog\/wp-content\/uploads\/2015\/01\/Capture-d\u2019\u00e9cran-2015-01-25-\u00e0-21.02.56-160x160.png 160w, https:\/\/www.deedeeparis.com\/blog\/wp-content\/uploads\/2015\/01\/Capture-d\u2019\u00e9cran-2015-01-25-\u00e0-21.02.56-155x155.png 155w, https:\/\/www.deedeeparis.com\/blog\/wp-content\/uploads\/2015\/01\/Capture-d\u2019\u00e9cran-2015-01-25-\u00e0-21.02.56-500x500.png 500w, https:\/\/www.deedeeparis.com\/blog\/wp-content\/uploads\/2015\/01\/Capture-d\u2019\u00e9cran-2015-01-25-\u00e0-21.02.56-150x150.png 150w\" sizes=\"auto, (max-width: 595px) 100vw, 595px\" \/><\/a><\/p>\n<p><a href=\"https:\/\/www.deedeeparis.com\/blog\/wp-content\/uploads\/2015\/01\/Capture-d\u2019\u00e9cran-2015-01-25-\u00e0-21.02.38.png\"><img loading=\"lazy\" decoding=\"async\" class=\"alignnone size-medium wp-image-30573\" src=\"https:\/\/www.deedeeparis.com\/blog\/wp-content\/uploads\/2015\/01\/Capture-d\u2019\u00e9cran-2015-01-25-\u00e0-21.02.38.png\" alt=\"Capture d\u2019\u00e9cran 2015-01-25 \u00e0 21.02.38\" width=\"595\" height=\"594\" srcset=\"https:\/\/www.deedeeparis.com\/blog\/wp-content\/uploads\/2015\/01\/Capture-d\u2019\u00e9cran-2015-01-25-\u00e0-21.02.38.png 595w, https:\/\/www.deedeeparis.com\/blog\/wp-content\/uploads\/2015\/01\/Capture-d\u2019\u00e9cran-2015-01-25-\u00e0-21.02.38-160x160.png 160w, https:\/\/www.deedeeparis.com\/blog\/wp-content\/uploads\/2015\/01\/Capture-d\u2019\u00e9cran-2015-01-25-\u00e0-21.02.38-155x155.png 155w, https:\/\/www.deedeeparis.com\/blog\/wp-content\/uploads\/2015\/01\/Capture-d\u2019\u00e9cran-2015-01-25-\u00e0-21.02.38-500x499.png 500w, https:\/\/www.deedeeparis.com\/blog\/wp-content\/uploads\/2015\/01\/Capture-d\u2019\u00e9cran-2015-01-25-\u00e0-21.02.38-150x150.png 150w\" sizes=\"auto, (max-width: 595px) 100vw, 595px\" \/><\/a><\/p>\n<p><a href=\"https:\/\/www.deedeeparis.com\/blog\/wp-content\/uploads\/2015\/01\/Capture-d\u2019\u00e9cran-2015-01-25-\u00e0-21.02.22.png\"><img loading=\"lazy\" decoding=\"async\" class=\"alignnone size-medium wp-image-30574\" src=\"https:\/\/www.deedeeparis.com\/blog\/wp-content\/uploads\/2015\/01\/Capture-d\u2019\u00e9cran-2015-01-25-\u00e0-21.02.22.png\" alt=\"Capture d\u2019\u00e9cran 2015-01-25 \u00e0 21.02.22\" width=\"593\" height=\"595\" srcset=\"https:\/\/www.deedeeparis.com\/blog\/wp-content\/uploads\/2015\/01\/Capture-d\u2019\u00e9cran-2015-01-25-\u00e0-21.02.22.png 593w, https:\/\/www.deedeeparis.com\/blog\/wp-content\/uploads\/2015\/01\/Capture-d\u2019\u00e9cran-2015-01-25-\u00e0-21.02.22-160x160.png 160w, https:\/\/www.deedeeparis.com\/blog\/wp-content\/uploads\/2015\/01\/Capture-d\u2019\u00e9cran-2015-01-25-\u00e0-21.02.22-155x155.png 155w, https:\/\/www.deedeeparis.com\/blog\/wp-content\/uploads\/2015\/01\/Capture-d\u2019\u00e9cran-2015-01-25-\u00e0-21.02.22-500x502.png 500w, https:\/\/www.deedeeparis.com\/blog\/wp-content\/uploads\/2015\/01\/Capture-d\u2019\u00e9cran-2015-01-25-\u00e0-21.02.22-150x150.png 150w\" sizes=\"auto, (max-width: 593px) 100vw, 593px\" \/><\/a><\/p>\n<p><a href=\"https:\/\/www.deedeeparis.com\/blog\/wp-content\/uploads\/2015\/01\/Capture-d\u2019\u00e9cran-2015-01-25-\u00e0-21.01.51.png\"><img loading=\"lazy\" decoding=\"async\" class=\"alignnone size-medium wp-image-30575\" src=\"https:\/\/www.deedeeparis.com\/blog\/wp-content\/uploads\/2015\/01\/Capture-d\u2019\u00e9cran-2015-01-25-\u00e0-21.01.51.png\" alt=\"Capture d\u2019\u00e9cran 2015-01-25 \u00e0 21.01.51\" width=\"598\" height=\"597\" srcset=\"https:\/\/www.deedeeparis.com\/blog\/wp-content\/uploads\/2015\/01\/Capture-d\u2019\u00e9cran-2015-01-25-\u00e0-21.01.51.png 598w, https:\/\/www.deedeeparis.com\/blog\/wp-content\/uploads\/2015\/01\/Capture-d\u2019\u00e9cran-2015-01-25-\u00e0-21.01.51-160x160.png 160w, https:\/\/www.deedeeparis.com\/blog\/wp-content\/uploads\/2015\/01\/Capture-d\u2019\u00e9cran-2015-01-25-\u00e0-21.01.51-155x155.png 155w, https:\/\/www.deedeeparis.com\/blog\/wp-content\/uploads\/2015\/01\/Capture-d\u2019\u00e9cran-2015-01-25-\u00e0-21.01.51-500x499.png 500w, https:\/\/www.deedeeparis.com\/blog\/wp-content\/uploads\/2015\/01\/Capture-d\u2019\u00e9cran-2015-01-25-\u00e0-21.01.51-150x150.png 150w\" sizes=\"auto, (max-width: 598px) 100vw, 598px\" \/><\/a><\/p>\n<h4>Le\u00a0Tee David Bowie des\u00a0Prairies de Paris<\/h4>\n<p><a href=\"https:\/\/www.deedeeparis.com\/blog\/wp-content\/uploads\/2015\/01\/Teeshirt-Bowie-port\u00e9-1.jpg\"><img loading=\"lazy\" decoding=\"async\" class=\"alignnone size-medium wp-image-30576\" src=\"https:\/\/www.deedeeparis.com\/blog\/wp-content\/uploads\/2015\/01\/Teeshirt-Bowie-port\u00e9-1-600x1007.jpg\" alt=\"Teeshirt Bowie port\u00e9 (1)\" width=\"600\" height=\"1007\" srcset=\"https:\/\/www.deedeeparis.com\/blog\/wp-content\/uploads\/2015\/01\/Teeshirt-Bowie-port\u00e9-1-600x1007.jpg 600w, https:\/\/www.deedeeparis.com\/blog\/wp-content\/uploads\/2015\/01\/Teeshirt-Bowie-port\u00e9-1-768x1289.jpg 768w, https:\/\/www.deedeeparis.com\/blog\/wp-content\/uploads\/2015\/01\/Teeshirt-Bowie-port\u00e9-1-500x839.jpg 500w, https:\/\/www.deedeeparis.com\/blog\/wp-content\/uploads\/2015\/01\/Teeshirt-Bowie-port\u00e9-1-610x1024.jpg 610w, https:\/\/www.deedeeparis.com\/blog\/wp-content\/uploads\/2015\/01\/Teeshirt-Bowie-port\u00e9-1.jpg 834w\" sizes=\"auto, (max-width: 600px) 100vw, 600px\" \/><\/a><\/p>\n<p>Oui, vous allez dire que je fais une fixette sur Bowie. A vrai dire, \u00e7a n&rsquo;est pas totalement faux. Et pas totalement de ma faute, non plus : jusqu&rsquo;au 31 mai, La Philharmonie de Paris consacre sa toute premi\u00e8re exposition \u00e0 David Bowie (j&rsquo;y vais le 6 mars. H\u00e2te). Et pour la peine, Les Prairies de Paris r\u00e9\u00e9dite son tee-shirt f\u00e9tiche \u00ab\u00a0Le Bowie\u00a0\u00bb. Il est dispo en jaune, ciel, fuchsia, gris, menthe et blanc. Et je l&rsquo;aime d&rsquo;amour.<\/p>\n<h4>Les jardins de verre de la Green Factory<\/h4>\n<p><a href=\"https:\/\/www.deedeeparis.com\/blog\/wp-content\/uploads\/2015\/01\/Capture-d\u2019\u00e9cran-2015-01-25-\u00e0-20.29.30.png\"><img loading=\"lazy\" decoding=\"async\" class=\"alignnone size-medium wp-image-30557\" src=\"https:\/\/www.deedeeparis.com\/blog\/wp-content\/uploads\/2015\/01\/Capture-d\u2019\u00e9cran-2015-01-25-\u00e0-20.29.30-600x399.png\" alt=\"Capture d\u2019\u00e9cran 2015-01-25 \u00e0 20.29.30\" width=\"600\" height=\"399\" \/><\/a><\/p>\n<p>Pas excessivement chers (\u00e0 partir de 30 euros) et excessivement jolis, pour le coup, ces jardins de verre de la <a title=\"The Green Factory\" href=\"http:\/\/www.greenfactory.fr\/\" target=\"_blank\">Green Factory<\/a>. Comble du bon go\u00fbt, il n&rsquo;est pas n\u00e9cessaire d&rsquo;avoir la main verte pour les entretenir. Magique. J&rsquo;en veux hein ! Mieux, je veux participer \u00e0 un atelier organis\u00e9 par Noam. Il para\u00eet que c&rsquo;est pour bient\u00f4t&#8230; Je vous tiens \u00e9videmment au courant !<\/p>\n<p><a href=\"https:\/\/www.deedeeparis.com\/blog\/wp-content\/uploads\/2015\/01\/Capture-d\u2019\u00e9cran-2015-01-25-\u00e0-20.29.19.png\"><img loading=\"lazy\" decoding=\"async\" class=\"size-full wp-image-30558 aligncenter\" src=\"https:\/\/www.deedeeparis.com\/blog\/wp-content\/uploads\/2015\/01\/Capture-d\u2019\u00e9cran-2015-01-25-\u00e0-20.29.19.png\" alt=\"Capture d\u2019\u00e9cran 2015-01-25 \u00e0 20.29.19\" width=\"395\" height=\"591\" \/><\/a><\/p>\n<p><a href=\"https:\/\/www.deedeeparis.com\/blog\/wp-content\/uploads\/2015\/01\/Capture-d\u2019\u00e9cran-2015-01-25-\u00e0-20.29.41.png\"><img loading=\"lazy\" decoding=\"async\" class=\"alignnone size-medium wp-image-30556\" src=\"https:\/\/www.deedeeparis.com\/blog\/wp-content\/uploads\/2015\/01\/Capture-d\u2019\u00e9cran-2015-01-25-\u00e0-20.29.41-600x400.png\" alt=\"Capture d\u2019\u00e9cran 2015-01-25 \u00e0 20.29.41\" width=\"600\" height=\"400\" \/><\/a><\/p>\n<p><a href=\"https:\/\/www.deedeeparis.com\/blog\/wp-content\/uploads\/2015\/01\/Capture-d\u2019\u00e9cran-2015-01-25-\u00e0-20.29.12.png\"><img loading=\"lazy\" decoding=\"async\" class=\"size-full wp-image-30559 aligncenter\" src=\"https:\/\/www.deedeeparis.com\/blog\/wp-content\/uploads\/2015\/01\/Capture-d\u2019\u00e9cran-2015-01-25-\u00e0-20.29.12.png\" alt=\"Capture d\u2019\u00e9cran 2015-01-25 \u00e0 20.29.12\" width=\"396\" height=\"591\" \/><\/a><\/p>\n<p>&nbsp;<\/p>\n<h4>La collection\u00a0Olympia Le-Tan pour LeSportSac<\/h4>\n<p><a href=\"https:\/\/www.deedeeparis.com\/blog\/wp-content\/uploads\/2015\/01\/Capture-d\u2019\u00e9cran-2015-01-25-\u00e0-20.40.15.png\"><img loading=\"lazy\" decoding=\"async\" class=\"alignnone size-medium wp-image-30564\" src=\"https:\/\/www.deedeeparis.com\/blog\/wp-content\/uploads\/2015\/01\/Capture-d\u2019\u00e9cran-2015-01-25-\u00e0-20.40.15-600x433.png\" alt=\"Capture d\u2019\u00e9cran 2015-01-25 \u00e0 20.40.15\" width=\"600\" height=\"433\" srcset=\"https:\/\/www.deedeeparis.com\/blog\/wp-content\/uploads\/2015\/01\/Capture-d\u2019\u00e9cran-2015-01-25-\u00e0-20.40.15-600x433.png 600w, https:\/\/www.deedeeparis.com\/blog\/wp-content\/uploads\/2015\/01\/Capture-d\u2019\u00e9cran-2015-01-25-\u00e0-20.40.15-500x361.png 500w, https:\/\/www.deedeeparis.com\/blog\/wp-content\/uploads\/2015\/01\/Capture-d\u2019\u00e9cran-2015-01-25-\u00e0-20.40.15.png 681w\" sizes=\"auto, (max-width: 600px) 100vw, 600px\" \/><\/a><\/p>\n<p>C&rsquo;est \u00e0 dire que je suis une grande, tr\u00e8s grande fan des minaudi\u00e8res litt\u00e9raires confectionn\u00e9es par Olympia Le-Tan. Mais que (curieusement), je n&rsquo;ai pas le budget pour m&rsquo;en offrir ne serait-ce que le quart. Je ne dis pas que le prix n&rsquo;est pas justifi\u00e9, hein : ces minaudi\u00e8res sont enti\u00e8rement brod\u00e9es \u00e0 la main et r\u00e9alis\u00e9es dans quelques exemplaires \u00e0 peine. Mais enfin, quand j&rsquo;apprends qu&rsquo;Olympia Le-Tan signe une collection pour LeSportSac, je bondis de joie ! Dispos chez Colette d\u00e8s\u00a0f\u00e9vrier. Et \u00e0 partir de 29,90 euros. SI.<\/p>\n<p><a href=\"https:\/\/www.deedeeparis.com\/blog\/wp-content\/uploads\/2015\/01\/Olympia-Le-Tan-pour-LeSportSac-1.jpg\"><img loading=\"lazy\" decoding=\"async\" class=\"size-full wp-image-30561 aligncenter\" src=\"https:\/\/www.deedeeparis.com\/blog\/wp-content\/uploads\/2015\/01\/Olympia-Le-Tan-pour-LeSportSac-1.jpg\" alt=\"Olympia Le-Tan pour LeSportSac 1\" width=\"500\" height=\"469\" \/><\/a> <a href=\"https:\/\/www.deedeeparis.com\/blog\/wp-content\/uploads\/2015\/01\/olympia-le-tan-paris-store-01.jpg\"><img loading=\"lazy\" decoding=\"async\" class=\"alignnone size-medium wp-image-30565\" src=\"https:\/\/www.deedeeparis.com\/blog\/wp-content\/uploads\/2015\/01\/olympia-le-tan-paris-store-01-600x900.jpg\" alt=\"olympia-le-tan-paris-store-01\" width=\"600\" height=\"900\" srcset=\"https:\/\/www.deedeeparis.com\/blog\/wp-content\/uploads\/2015\/01\/olympia-le-tan-paris-store-01-600x900.jpg 600w, https:\/\/www.deedeeparis.com\/blog\/wp-content\/uploads\/2015\/01\/olympia-le-tan-paris-store-01-768x1152.jpg 768w, https:\/\/www.deedeeparis.com\/blog\/wp-content\/uploads\/2015\/01\/olympia-le-tan-paris-store-01-500x750.jpg 500w, https:\/\/www.deedeeparis.com\/blog\/wp-content\/uploads\/2015\/01\/olympia-le-tan-paris-store-01-682x1024.jpg 682w, https:\/\/www.deedeeparis.com\/blog\/wp-content\/uploads\/2015\/01\/olympia-le-tan-paris-store-01.jpg 933w\" sizes=\"auto, (max-width: 600px) 100vw, 600px\" \/><\/a> <a href=\"https:\/\/www.deedeeparis.com\/blog\/wp-content\/uploads\/2015\/01\/Olympia-Le-Tan-pour-LeSportSac-2.jpg\"><img loading=\"lazy\" decoding=\"async\" class=\"size-full wp-image-30560 aligncenter\" src=\"https:\/\/www.deedeeparis.com\/blog\/wp-content\/uploads\/2015\/01\/Olympia-Le-Tan-pour-LeSportSac-2.jpg\" alt=\"Olympia Le-Tan pour LeSportSac 2\" width=\"500\" height=\"333\" \/><\/a><\/p>\n<p>&nbsp;<\/p>\n<h4>Les photos de Parisiens vus par Rodolphe Sebbah<\/h4>\n<p><a href=\"https:\/\/www.deedeeparis.com\/blog\/wp-content\/uploads\/2015\/01\/Le-vent-dans-la-jupe-810x536.jpg\"><img loading=\"lazy\" decoding=\"async\" class=\"alignnone size-medium wp-image-30592\" src=\"https:\/\/www.deedeeparis.com\/blog\/wp-content\/uploads\/2015\/01\/Le-vent-dans-la-jupe-810x536-600x397.jpg\" alt=\"Le-vent-dans-la-jupe-810x536\" width=\"600\" height=\"397\" srcset=\"https:\/\/www.deedeeparis.com\/blog\/wp-content\/uploads\/2015\/01\/Le-vent-dans-la-jupe-810x536-600x397.jpg 600w, https:\/\/www.deedeeparis.com\/blog\/wp-content\/uploads\/2015\/01\/Le-vent-dans-la-jupe-810x536-768x508.jpg 768w, https:\/\/www.deedeeparis.com\/blog\/wp-content\/uploads\/2015\/01\/Le-vent-dans-la-jupe-810x536-500x331.jpg 500w, https:\/\/www.deedeeparis.com\/blog\/wp-content\/uploads\/2015\/01\/Le-vent-dans-la-jupe-810x536.jpg 810w\" sizes=\"auto, (max-width: 600px) 100vw, 600px\" \/><\/a><br \/>\n<em>\u00a9Rodolphe Sebbah<\/em><\/p>\n<p>A l\u2019origine, Rodolphe Sebbah est\u2026 diamantaire. C\u2019est peut-\u00eatre ce qui lui a donn\u00e9 la facult\u00e9 de voir ces d\u00e9tails qui essaiment dans le quotidien des parisiens ? J\u2019aime beaucoup sa vision de Paris, vraie, spontan\u00e9e et pas forc\u00e9ment enjoliv\u00e9e. Vous pouvez retrouver d\u2019autres photos sur <a title=\"Rodolphe Sebbah\" href=\"http:\/\/www.rodolphesebbah.com\/\" target=\"_blank\">son site<\/a>.<\/p>\n<p><a href=\"https:\/\/www.deedeeparis.com\/blog\/wp-content\/uploads\/2015\/01\/Femme-\u00e0-la-fourure-ray\u00e9e-720x1080.jpg\"><img loading=\"lazy\" decoding=\"async\" class=\"alignnone size-medium wp-image-30591\" src=\"https:\/\/www.deedeeparis.com\/blog\/wp-content\/uploads\/2015\/01\/Femme-\u00e0-la-fourure-ray\u00e9e-720x1080-600x900.jpg\" alt=\"Femme-\u00e0-la-fourure-ray\u00e9e-720x1080\" width=\"600\" height=\"900\" srcset=\"https:\/\/www.deedeeparis.com\/blog\/wp-content\/uploads\/2015\/01\/Femme-\u00e0-la-fourure-ray\u00e9e-720x1080-600x900.jpg 600w, https:\/\/www.deedeeparis.com\/blog\/wp-content\/uploads\/2015\/01\/Femme-\u00e0-la-fourure-ray\u00e9e-720x1080-500x750.jpg 500w, https:\/\/www.deedeeparis.com\/blog\/wp-content\/uploads\/2015\/01\/Femme-\u00e0-la-fourure-ray\u00e9e-720x1080-683x1024.jpg 683w, https:\/\/www.deedeeparis.com\/blog\/wp-content\/uploads\/2015\/01\/Femme-\u00e0-la-fourure-ray\u00e9e-720x1080.jpg 720w\" sizes=\"auto, (max-width: 600px) 100vw, 600px\" \/><\/a><br \/>\n<em>\u00a9Rodolphe Sebbah<\/em><\/p>\n<p><a href=\"https:\/\/www.deedeeparis.com\/blog\/wp-content\/uploads\/2015\/01\/Sentir-810x810.jpg\"><img loading=\"lazy\" decoding=\"async\" class=\"alignnone size-medium wp-image-30587\" src=\"https:\/\/www.deedeeparis.com\/blog\/wp-content\/uploads\/2015\/01\/Sentir-810x810-600x600.jpg\" alt=\"Sentir-810x810\" width=\"600\" height=\"600\" srcset=\"https:\/\/www.deedeeparis.com\/blog\/wp-content\/uploads\/2015\/01\/Sentir-810x810-600x600.jpg 600w, https:\/\/www.deedeeparis.com\/blog\/wp-content\/uploads\/2015\/01\/Sentir-810x810-768x768.jpg 768w, https:\/\/www.deedeeparis.com\/blog\/wp-content\/uploads\/2015\/01\/Sentir-810x810-160x160.jpg 160w, https:\/\/www.deedeeparis.com\/blog\/wp-content\/uploads\/2015\/01\/Sentir-810x810-155x155.jpg 155w, https:\/\/www.deedeeparis.com\/blog\/wp-content\/uploads\/2015\/01\/Sentir-810x810-500x500.jpg 500w, https:\/\/www.deedeeparis.com\/blog\/wp-content\/uploads\/2015\/01\/Sentir-810x810-150x150.jpg 150w, https:\/\/www.deedeeparis.com\/blog\/wp-content\/uploads\/2015\/01\/Sentir-810x810.jpg 810w\" sizes=\"auto, (max-width: 600px) 100vw, 600px\" \/><\/a><br \/>\n<em>\u00a9Rodolphe Sebbah<\/em><\/p>\n<p><a href=\"https:\/\/www.deedeeparis.com\/blog\/wp-content\/uploads\/2015\/01\/Baiser-derri\u00e8re-la-vitre-810x529.jpg\"><img loading=\"lazy\" decoding=\"async\" class=\"alignnone size-medium wp-image-30590\" src=\"https:\/\/www.deedeeparis.com\/blog\/wp-content\/uploads\/2015\/01\/Baiser-derri\u00e8re-la-vitre-810x529-600x391.jpg\" alt=\"Baiser-derri\u00e8re-la-vitre-810x529\" width=\"600\" height=\"391\" \/><\/a><br \/>\n<em>\u00a9Rodolphe Sebbah<\/em><\/p>\n<p><a href=\"https:\/\/www.deedeeparis.com\/blog\/wp-content\/uploads\/2015\/01\/Celioscopie-715x1080.jpg\"><img loading=\"lazy\" decoding=\"async\" class=\"alignnone size-medium wp-image-30589\" src=\"https:\/\/www.deedeeparis.com\/blog\/wp-content\/uploads\/2015\/01\/Celioscopie-715x1080-600x906.jpg\" alt=\"Celioscopie-715x1080\" width=\"600\" height=\"906\" srcset=\"https:\/\/www.deedeeparis.com\/blog\/wp-content\/uploads\/2015\/01\/Celioscopie-715x1080-600x906.jpg 600w, https:\/\/www.deedeeparis.com\/blog\/wp-content\/uploads\/2015\/01\/Celioscopie-715x1080-500x755.jpg 500w, https:\/\/www.deedeeparis.com\/blog\/wp-content\/uploads\/2015\/01\/Celioscopie-715x1080-678x1024.jpg 678w, https:\/\/www.deedeeparis.com\/blog\/wp-content\/uploads\/2015\/01\/Celioscopie-715x1080.jpg 715w\" sizes=\"auto, (max-width: 600px) 100vw, 600px\" \/><\/a><br \/>\n<em>\u00a9Rodolphe Sebbah<\/em><\/p>\n<p><a href=\"https:\/\/www.deedeeparis.com\/blog\/wp-content\/uploads\/2015\/01\/Enfant-black-au-pain-720x1080.jpg\"><img loading=\"lazy\" decoding=\"async\" class=\"alignnone size-medium wp-image-30588\" src=\"https:\/\/www.deedeeparis.com\/blog\/wp-content\/uploads\/2015\/01\/Enfant-black-au-pain-720x1080-600x900.jpg\" alt=\"Enfant-black-au-pain-720x1080\" width=\"600\" height=\"900\" srcset=\"https:\/\/www.deedeeparis.com\/blog\/wp-content\/uploads\/2015\/01\/Enfant-black-au-pain-720x1080-600x900.jpg 600w, https:\/\/www.deedeeparis.com\/blog\/wp-content\/uploads\/2015\/01\/Enfant-black-au-pain-720x1080-500x750.jpg 500w, https:\/\/www.deedeeparis.com\/blog\/wp-content\/uploads\/2015\/01\/Enfant-black-au-pain-720x1080-683x1024.jpg 683w, https:\/\/www.deedeeparis.com\/blog\/wp-content\/uploads\/2015\/01\/Enfant-black-au-pain-720x1080.jpg 720w\" sizes=\"auto, (max-width: 600px) 100vw, 600px\" \/><\/a><br \/>\n<em>\u00a9Rodolphe Sebbah<\/em><\/p>\n<h4>La nouvelle collection capsule de Monoprix<\/h4>\n<p><a href=\"https:\/\/www.deedeeparis.com\/blog\/wp-content\/uploads\/2015\/01\/thomsen-x-monoprix-sweatshirt-imprimes-jungle-coton-50.jpg\"><img loading=\"lazy\" decoding=\"async\" class=\"alignnone size-medium wp-image-30580\" src=\"https:\/\/www.deedeeparis.com\/blog\/wp-content\/uploads\/2015\/01\/thomsen-x-monoprix-sweatshirt-imprimes-jungle-coton-50-600x415.jpg\" alt=\"thomsen-x-monoprix-sweatshirt-imprimes-jungle-coton-50\" width=\"600\" height=\"415\" \/><\/a><\/p>\n<p>Tadaaaaa !\u00a0Apr\u00e8s Heimstone, Roseanna ou encore Gat Rimon, Monop propose\u00a0une collection capsule avec Thomsen. Bon, je dois dire que les derni\u00e8res m&rsquo;ont laiss\u00e9es un peu dubitatives : pi\u00e8tres mati\u00e8res, pi\u00e8tres coupes qui, \u00e0 mon humble avis, ne sont pas tr\u00e8s vendeur pour les marques&#8230; Mais enfin, tout espoir reste permis (je suis Verseau ascendant Sagittaire, j&rsquo;ai l&rsquo;optimisme chevill\u00e9 au corps). Rendez-vous le 18 mars prochain pour juger sur pi\u00e8ce !<\/p>\n<p><a href=\"https:\/\/www.deedeeparis.com\/blog\/wp-content\/uploads\/2015\/01\/thomsen-x-monoprix-top-rose-imprimes-roseaux-coton-45.jpg\"><img loading=\"lazy\" decoding=\"async\" class=\"alignnone size-medium wp-image-30581\" src=\"https:\/\/www.deedeeparis.com\/blog\/wp-content\/uploads\/2015\/01\/thomsen-x-monoprix-top-rose-imprimes-roseaux-coton-45-600x415.jpg\" alt=\"thomsen-x-monoprix-top-rose-imprimes-roseaux-coton-45\" width=\"600\" height=\"415\" \/><\/a> <a href=\"https:\/\/www.deedeeparis.com\/blog\/wp-content\/uploads\/2015\/01\/thomsen-x-monoprix-baskets-imprimes-jungle-coton-50.jpg\"><img loading=\"lazy\" decoding=\"async\" class=\"alignnone size-medium wp-image-30582\" src=\"https:\/\/www.deedeeparis.com\/blog\/wp-content\/uploads\/2015\/01\/thomsen-x-monoprix-baskets-imprimes-jungle-coton-50-600x415.jpg\" alt=\"thomsen-x-monoprix-baskets-imprimes-jungle-coton-50\" width=\"600\" height=\"415\" \/><\/a> <a href=\"https:\/\/www.deedeeparis.com\/blog\/wp-content\/uploads\/2015\/01\/thomsen-x-monoprix-robe-imprimes-feuillage-100-polyester-60.jpg\"><img loading=\"lazy\" decoding=\"async\" class=\"alignnone size-medium wp-image-30579\" src=\"https:\/\/www.deedeeparis.com\/blog\/wp-content\/uploads\/2015\/01\/thomsen-x-monoprix-robe-imprimes-feuillage-100-polyester-60-600x415.jpg\" alt=\"thomsen-x-monoprix-robe-imprimes-feuillage-100-polyester-60\" width=\"600\" height=\"415\" \/><\/a> <a href=\"https:\/\/www.deedeeparis.com\/blog\/wp-content\/uploads\/2015\/01\/thomsen-x-monoprix-chaussettes-imprimes-palmiers.jpg\"><img loading=\"lazy\" decoding=\"async\" class=\"alignnone size-medium wp-image-30578\" src=\"https:\/\/www.deedeeparis.com\/blog\/wp-content\/uploads\/2015\/01\/thomsen-x-monoprix-chaussettes-imprimes-palmiers-600x415.jpg\" alt=\"thomsen-x-monoprix-chaussettes-imprimes-palmiers\" width=\"600\" height=\"415\" \/><\/a><\/p>\n<h4>Roseaux &#8211; Walking on the moon (feat. Aloe Blacc)<\/h4>\n<p><iframe loading=\"lazy\" src=\"\/\/www.youtube.com\/embed\/e5Z56ZXvAy4\" width=\"600\" height=\"338\" frameborder=\"0\" allowfullscreen=\"allowfullscreen\"><\/iframe><\/p>\n<p>Le bon son de la semaine, c&rsquo;est cette reprise de Walking on the Moon par Aloe Blacc. P\u00e9tillant juste ce qu&rsquo;il faut pour aborder la semaine le coeur le plus l\u00e9ger possible.<\/p>\n<p>Joyeux lundi !<\/p>\n","protected":false},"excerpt":{"rendered":"<p>Nouvelle semaine, nouveaux coups de coeur ! Cette semaine, j&rsquo;aime : Les nouveaux carreaux de ciment sign\u00e9s Petit Pan Et voil\u00e0, si, oui, encore : FAT CRUSH pour les nouveaux carreaux de ciment de Petit Pan ! Il y en a 24 nouveaux, qui viennent s&rsquo;agr\u00e9ger \u00e0 la tr\u00e8s jolie collection d\u00e9j\u00e0 disponible. Un jour, [&hellip;]<\/p>\n","protected":false},"author":2,"featured_media":30592,"comment_status":"open","ping_status":"open","sticky":false,"template":"","format":"standard","meta":{"_acf_changed":false,"footnotes":""},"categories":[8],"tags":[1096,7089,5630,7088,7090],"class_list":["post-30385","post","type-post","status-publish","format-standard","has-post-thumbnail","hentry","category-chroniques-de-paris","tag-monoprix","tag-olympia-le-tan-pour-lesportsac","tag-petit-pan","tag-the-green-factory","tag-thomsen-x-monoprix"],"acf":[],"geo":null,"_links":{"self":[{"href":"https:\/\/www.deedeeparis.com\/blog\/wp-json\/wp\/v2\/posts\/30385","targetHints":{"allow":["GET"]}}],"collection":[{"href":"https:\/\/www.deedeeparis.com\/blog\/wp-json\/wp\/v2\/posts"}],"about":[{"href":"https:\/\/www.deedeeparis.com\/blog\/wp-json\/wp\/v2\/types\/post"}],"author":[{"embeddable":true,"href":"https:\/\/www.deedeeparis.com\/blog\/wp-json\/wp\/v2\/users\/2"}],"replies":[{"embeddable":true,"href":"https:\/\/www.deedeeparis.com\/blog\/wp-json\/wp\/v2\/comments?post=30385"}],"version-history":[{"count":5,"href":"https:\/\/www.deedeeparis.com\/blog\/wp-json\/wp\/v2\/posts\/30385\/revisions"}],"predecessor-version":[{"id":30596,"href":"https:\/\/www.deedeeparis.com\/blog\/wp-json\/wp\/v2\/posts\/30385\/revisions\/30596"}],"wp:featuredmedia":[{"embeddable":true,"href":"https:\/\/www.deedeeparis.com\/blog\/wp-json\/wp\/v2\/media\/30592"}],"wp:attachment":[{"href":"https:\/\/www.deedeeparis.com\/blog\/wp-json\/wp\/v2\/media?parent=30385"}],"wp:term":[{"taxonomy":"category","embeddable":true,"href":"https:\/\/www.deedeeparis.com\/blog\/wp-json\/wp\/v2\/categories?post=30385"},{"taxonomy":"post_tag","embeddable":true,"href":"https:\/\/www.deedeeparis.com\/blog\/wp-json\/wp\/v2\/tags?post=30385"}],"curies":[{"name":"wp","href":"https:\/\/api.w.org\/{rel}","templated":true}]}}