{"id":31563,"date":"2015-03-23T07:03:41","date_gmt":"2015-03-23T06:03:41","guid":{"rendered":"https:\/\/www.deedeeparis.com\/blog\/?p=31563"},"modified":"2015-03-23T09:16:44","modified_gmt":"2015-03-23T08:16:44","slug":"ma-week-list-126","status":"publish","type":"post","link":"https:\/\/www.deedeeparis.com\/blog\/ma-week-list-126","title":{"rendered":"Ma Week List #126"},"content":{"rendered":"<p>Nouvelle semaine&#8230; nouveaux coups de coeur ! Cette semaine, j&rsquo;aime :<\/p>\n<h4>La nouvelle collection Albertine<\/h4>\n<p><a href=\"https:\/\/www.deedeeparis.com\/blog\/wp-content\/uploads\/2015\/03\/madrague-une-piece-bustier-blue-stripes.jpg\"><img loading=\"lazy\" decoding=\"async\" class=\"alignnone size-medium wp-image-31538\" src=\"https:\/\/www.deedeeparis.com\/blog\/wp-content\/uploads\/2015\/03\/madrague-une-piece-bustier-blue-stripes-600x900.jpg\" alt=\"madrague-une-piece-bustier-blue-stripes\" width=\"600\" height=\"900\" srcset=\"https:\/\/www.deedeeparis.com\/blog\/wp-content\/uploads\/2015\/03\/madrague-une-piece-bustier-blue-stripes-600x900.jpg 600w, https:\/\/www.deedeeparis.com\/blog\/wp-content\/uploads\/2015\/03\/madrague-une-piece-bustier-blue-stripes-768x1152.jpg 768w, https:\/\/www.deedeeparis.com\/blog\/wp-content\/uploads\/2015\/03\/madrague-une-piece-bustier-blue-stripes-500x750.jpg 500w, https:\/\/www.deedeeparis.com\/blog\/wp-content\/uploads\/2015\/03\/madrague-une-piece-bustier-blue-stripes-682x1024.jpg 682w, https:\/\/www.deedeeparis.com\/blog\/wp-content\/uploads\/2015\/03\/madrague-une-piece-bustier-blue-stripes.jpg 933w\" sizes=\"auto, (max-width: 600px) 100vw, 600px\" \/><\/a><\/p>\n<p>Tadaaa ! La nouvelle collection des maillots sign\u00e9s <a title=\"Albertine\" href=\"http:\/\/bit.ly\/1GI3A5b\" target=\"_blank\">Albertine<\/a> est arriv\u00e9e. Imprim\u00e9s color\u00e9s et r\u00e9jouissants, coupes parfaites&#8230; comme d&rsquo;habitude,\u00a0je les veux tous&#8230; C&rsquo;est quand l&rsquo;\u00e9t\u00e9, d\u00e9j\u00e0 ?!<\/p>\n<p><a href=\"https:\/\/www.deedeeparis.com\/blog\/wp-content\/uploads\/2015\/03\/margaret-bikini-triangle-yellow.jpg\"><img loading=\"lazy\" decoding=\"async\" class=\"alignnone size-medium wp-image-31541\" src=\"https:\/\/www.deedeeparis.com\/blog\/wp-content\/uploads\/2015\/03\/margaret-bikini-triangle-yellow-600x900.jpg\" alt=\"margaret-bikini-triangle-yellow\" width=\"600\" height=\"900\" srcset=\"https:\/\/www.deedeeparis.com\/blog\/wp-content\/uploads\/2015\/03\/margaret-bikini-triangle-yellow-600x900.jpg 600w, https:\/\/www.deedeeparis.com\/blog\/wp-content\/uploads\/2015\/03\/margaret-bikini-triangle-yellow-768x1152.jpg 768w, https:\/\/www.deedeeparis.com\/blog\/wp-content\/uploads\/2015\/03\/margaret-bikini-triangle-yellow-500x750.jpg 500w, https:\/\/www.deedeeparis.com\/blog\/wp-content\/uploads\/2015\/03\/margaret-bikini-triangle-yellow-682x1024.jpg 682w, https:\/\/www.deedeeparis.com\/blog\/wp-content\/uploads\/2015\/03\/margaret-bikini-triangle-yellow.jpg 933w\" sizes=\"auto, (max-width: 600px) 100vw, 600px\" \/><\/a><\/p>\n<p><a href=\"https:\/\/www.deedeeparis.com\/blog\/wp-content\/uploads\/2015\/03\/arizona-une-piece-flower-yellow.jpg\"><img loading=\"lazy\" decoding=\"async\" class=\"alignnone size-medium wp-image-31537\" src=\"https:\/\/www.deedeeparis.com\/blog\/wp-content\/uploads\/2015\/03\/arizona-une-piece-flower-yellow-600x900.jpg\" alt=\"arizona-une-piece-flower-yellow\" width=\"600\" height=\"900\" srcset=\"https:\/\/www.deedeeparis.com\/blog\/wp-content\/uploads\/2015\/03\/arizona-une-piece-flower-yellow-600x900.jpg 600w, https:\/\/www.deedeeparis.com\/blog\/wp-content\/uploads\/2015\/03\/arizona-une-piece-flower-yellow-768x1152.jpg 768w, https:\/\/www.deedeeparis.com\/blog\/wp-content\/uploads\/2015\/03\/arizona-une-piece-flower-yellow-500x750.jpg 500w, https:\/\/www.deedeeparis.com\/blog\/wp-content\/uploads\/2015\/03\/arizona-une-piece-flower-yellow-682x1024.jpg 682w, https:\/\/www.deedeeparis.com\/blog\/wp-content\/uploads\/2015\/03\/arizona-une-piece-flower-yellow.jpg 933w\" sizes=\"auto, (max-width: 600px) 100vw, 600px\" \/><\/a><\/p>\n<p><a href=\"https:\/\/www.deedeeparis.com\/blog\/wp-content\/uploads\/2015\/03\/camarat-une-piece-white.jpg\"><img loading=\"lazy\" decoding=\"async\" class=\"alignnone size-medium wp-image-31539\" src=\"https:\/\/www.deedeeparis.com\/blog\/wp-content\/uploads\/2015\/03\/camarat-une-piece-white-600x900.jpg\" alt=\"camarat-une-piece-white\" width=\"600\" height=\"900\" srcset=\"https:\/\/www.deedeeparis.com\/blog\/wp-content\/uploads\/2015\/03\/camarat-une-piece-white-600x900.jpg 600w, https:\/\/www.deedeeparis.com\/blog\/wp-content\/uploads\/2015\/03\/camarat-une-piece-white-768x1152.jpg 768w, https:\/\/www.deedeeparis.com\/blog\/wp-content\/uploads\/2015\/03\/camarat-une-piece-white-500x750.jpg 500w, https:\/\/www.deedeeparis.com\/blog\/wp-content\/uploads\/2015\/03\/camarat-une-piece-white-682x1024.jpg 682w, https:\/\/www.deedeeparis.com\/blog\/wp-content\/uploads\/2015\/03\/camarat-une-piece-white.jpg 933w\" sizes=\"auto, (max-width: 600px) 100vw, 600px\" \/><\/a><\/p>\n<p><a href=\"https:\/\/www.deedeeparis.com\/blog\/wp-content\/uploads\/2015\/03\/marie-bikini-bandeau-flower.jpg\"><img loading=\"lazy\" decoding=\"async\" class=\"alignnone size-medium wp-image-31542\" src=\"https:\/\/www.deedeeparis.com\/blog\/wp-content\/uploads\/2015\/03\/marie-bikini-bandeau-flower-600x900.jpg\" alt=\"marie-bikini-bandeau-flower\" width=\"600\" height=\"900\" srcset=\"https:\/\/www.deedeeparis.com\/blog\/wp-content\/uploads\/2015\/03\/marie-bikini-bandeau-flower-600x900.jpg 600w, https:\/\/www.deedeeparis.com\/blog\/wp-content\/uploads\/2015\/03\/marie-bikini-bandeau-flower-768x1152.jpg 768w, https:\/\/www.deedeeparis.com\/blog\/wp-content\/uploads\/2015\/03\/marie-bikini-bandeau-flower-500x750.jpg 500w, https:\/\/www.deedeeparis.com\/blog\/wp-content\/uploads\/2015\/03\/marie-bikini-bandeau-flower-682x1024.jpg 682w, https:\/\/www.deedeeparis.com\/blog\/wp-content\/uploads\/2015\/03\/marie-bikini-bandeau-flower.jpg 933w\" sizes=\"auto, (max-width: 600px) 100vw, 600px\" \/><\/a><\/p>\n<p><a href=\"https:\/\/www.deedeeparis.com\/blog\/wp-content\/uploads\/2015\/03\/galla-une-piece-black.jpg\"><img loading=\"lazy\" decoding=\"async\" class=\"alignnone size-medium wp-image-31540\" src=\"https:\/\/www.deedeeparis.com\/blog\/wp-content\/uploads\/2015\/03\/galla-une-piece-black-600x900.jpg\" alt=\"galla-une-piece-black\" width=\"600\" height=\"900\" srcset=\"https:\/\/www.deedeeparis.com\/blog\/wp-content\/uploads\/2015\/03\/galla-une-piece-black-600x900.jpg 600w, https:\/\/www.deedeeparis.com\/blog\/wp-content\/uploads\/2015\/03\/galla-une-piece-black-768x1152.jpg 768w, https:\/\/www.deedeeparis.com\/blog\/wp-content\/uploads\/2015\/03\/galla-une-piece-black-500x750.jpg 500w, https:\/\/www.deedeeparis.com\/blog\/wp-content\/uploads\/2015\/03\/galla-une-piece-black-682x1024.jpg 682w, https:\/\/www.deedeeparis.com\/blog\/wp-content\/uploads\/2015\/03\/galla-une-piece-black.jpg 933w\" sizes=\"auto, (max-width: 600px) 100vw, 600px\" \/><\/a><\/p>\n<h4>Valtags x Le Bon March\u00e9<\/h4>\n<p><a href=\"https:\/\/www.deedeeparis.com\/blog\/wp-content\/uploads\/2015\/03\/valtags.jpg\"><img loading=\"lazy\" decoding=\"async\" class=\"alignnone size-medium wp-image-31636\" src=\"https:\/\/www.deedeeparis.com\/blog\/wp-content\/uploads\/2015\/03\/valtags-600x630.jpg\" alt=\"valtags\" width=\"600\" height=\"630\" srcset=\"https:\/\/www.deedeeparis.com\/blog\/wp-content\/uploads\/2015\/03\/valtags-600x630.jpg 600w, https:\/\/www.deedeeparis.com\/blog\/wp-content\/uploads\/2015\/03\/valtags-500x525.jpg 500w, https:\/\/www.deedeeparis.com\/blog\/wp-content\/uploads\/2015\/03\/valtags.jpg 650w\" sizes=\"auto, (max-width: 600px) 100vw, 600px\" \/><\/a><\/p>\n<p>Puisqu&rsquo;on en est \u00e0 parler plage, je vous le dis tout net, ce bracelet l\u00e0 est pour moi ! Il est sign\u00e9 en exclusivit\u00e9 par l&rsquo;une de mes cr\u00e9atrice chouchou, <a title=\"Valtags\" href=\"http:\/\/www.valtags.com\/fr\/\" target=\"_blank\">Valtags<\/a>, pour Le Bon March\u00e9. #need<\/p>\n<p>&nbsp;<\/p>\n<h4>La carte de Paris de Jenni Sparks<\/h4>\n<p><a href=\"https:\/\/www.deedeeparis.com\/blog\/wp-content\/uploads\/2015\/03\/carte-paris-dessin-main-01.jpg\"><img loading=\"lazy\" decoding=\"async\" class=\"alignnone size-medium wp-image-31635\" src=\"https:\/\/www.deedeeparis.com\/blog\/wp-content\/uploads\/2015\/03\/carte-paris-dessin-main-01-600x579.jpg\" alt=\"carte-paris-dessin-main-01\" width=\"600\" height=\"579\" srcset=\"https:\/\/www.deedeeparis.com\/blog\/wp-content\/uploads\/2015\/03\/carte-paris-dessin-main-01-600x579.jpg 600w, https:\/\/www.deedeeparis.com\/blog\/wp-content\/uploads\/2015\/03\/carte-paris-dessin-main-01-768x741.jpg 768w, https:\/\/www.deedeeparis.com\/blog\/wp-content\/uploads\/2015\/03\/carte-paris-dessin-main-01-500x482.jpg 500w, https:\/\/www.deedeeparis.com\/blog\/wp-content\/uploads\/2015\/03\/carte-paris-dessin-main-01-1024x988.jpg 1024w, https:\/\/www.deedeeparis.com\/blog\/wp-content\/uploads\/2015\/03\/carte-paris-dessin-main-01.jpg 1100w\" sizes=\"auto, (max-width: 600px) 100vw, 600px\" \/><\/a><\/p>\n<p>La particularit\u00e9 de cette carte ? Elle a \u00e9t\u00e9 dessin\u00e9e \u00e0 la main par l&rsquo;illustratrice <a title=\"Jenni Sparks\" href=\"http:\/\/www.evermade.com\/product-category\/all-art-prints\/hand-drawn-maps\/\" target=\"_blank\">Jenni Sparks<\/a>, mais pas que : l&rsquo;illustratrice a choisi d&rsquo;y faire figurer les lieux de vies quotidiens et b\u00e2timents ch\u00e9ris par les parisiens, en plus des monuments. \u00a0Existe aussi version Londres, Berlin ou New York !<\/p>\n<p><a href=\"https:\/\/www.deedeeparis.com\/blog\/wp-content\/uploads\/2015\/03\/carte-paris-dessin-main-02-1024x682.jpg\"><img loading=\"lazy\" decoding=\"async\" class=\"alignnone size-medium wp-image-31634\" src=\"https:\/\/www.deedeeparis.com\/blog\/wp-content\/uploads\/2015\/03\/carte-paris-dessin-main-02-1024x682-600x400.jpg\" alt=\"carte-paris-dessin-main-02-1024x682\" width=\"600\" height=\"400\" srcset=\"https:\/\/www.deedeeparis.com\/blog\/wp-content\/uploads\/2015\/03\/carte-paris-dessin-main-02-1024x682-600x400.jpg 600w, https:\/\/www.deedeeparis.com\/blog\/wp-content\/uploads\/2015\/03\/carte-paris-dessin-main-02-1024x682-768x512.jpg 768w, https:\/\/www.deedeeparis.com\/blog\/wp-content\/uploads\/2015\/03\/carte-paris-dessin-main-02-1024x682-500x333.jpg 500w, https:\/\/www.deedeeparis.com\/blog\/wp-content\/uploads\/2015\/03\/carte-paris-dessin-main-02-1024x682.jpg 1024w\" sizes=\"auto, (max-width: 600px) 100vw, 600px\" \/><\/a><\/p>\n<p><a href=\"https:\/\/www.deedeeparis.com\/blog\/wp-content\/uploads\/2015\/03\/carte-paris-dessin-main-06-1024x682.jpg\"><img loading=\"lazy\" decoding=\"async\" class=\"alignnone size-medium wp-image-31632\" src=\"https:\/\/www.deedeeparis.com\/blog\/wp-content\/uploads\/2015\/03\/carte-paris-dessin-main-06-1024x682-600x400.jpg\" alt=\"carte-paris-dessin-main-06-1024x682\" width=\"600\" height=\"400\" srcset=\"https:\/\/www.deedeeparis.com\/blog\/wp-content\/uploads\/2015\/03\/carte-paris-dessin-main-06-1024x682-600x400.jpg 600w, https:\/\/www.deedeeparis.com\/blog\/wp-content\/uploads\/2015\/03\/carte-paris-dessin-main-06-1024x682-768x512.jpg 768w, https:\/\/www.deedeeparis.com\/blog\/wp-content\/uploads\/2015\/03\/carte-paris-dessin-main-06-1024x682-500x333.jpg 500w, https:\/\/www.deedeeparis.com\/blog\/wp-content\/uploads\/2015\/03\/carte-paris-dessin-main-06-1024x682.jpg 1024w\" sizes=\"auto, (max-width: 600px) 100vw, 600px\" \/><\/a><\/p>\n<p><a href=\"https:\/\/www.deedeeparis.com\/blog\/wp-content\/uploads\/2015\/03\/carte-paris-dessin-main-04-1024x682.jpg\"><img loading=\"lazy\" decoding=\"async\" class=\"alignnone size-medium wp-image-31633\" src=\"https:\/\/www.deedeeparis.com\/blog\/wp-content\/uploads\/2015\/03\/carte-paris-dessin-main-04-1024x682-600x400.jpg\" alt=\"carte-paris-dessin-main-04-1024x682\" width=\"600\" height=\"400\" srcset=\"https:\/\/www.deedeeparis.com\/blog\/wp-content\/uploads\/2015\/03\/carte-paris-dessin-main-04-1024x682-600x400.jpg 600w, https:\/\/www.deedeeparis.com\/blog\/wp-content\/uploads\/2015\/03\/carte-paris-dessin-main-04-1024x682-768x512.jpg 768w, https:\/\/www.deedeeparis.com\/blog\/wp-content\/uploads\/2015\/03\/carte-paris-dessin-main-04-1024x682-500x333.jpg 500w, https:\/\/www.deedeeparis.com\/blog\/wp-content\/uploads\/2015\/03\/carte-paris-dessin-main-04-1024x682.jpg 1024w\" sizes=\"auto, (max-width: 600px) 100vw, 600px\" \/><\/a><\/p>\n<p><a href=\"https:\/\/www.deedeeparis.com\/blog\/wp-content\/uploads\/2015\/03\/carte-paris-dessin-main-08-1024x682.jpg\"><img loading=\"lazy\" decoding=\"async\" class=\"alignnone size-medium wp-image-31631\" src=\"https:\/\/www.deedeeparis.com\/blog\/wp-content\/uploads\/2015\/03\/carte-paris-dessin-main-08-1024x682-600x400.jpg\" alt=\"carte-paris-dessin-main-08-1024x682\" width=\"600\" height=\"400\" srcset=\"https:\/\/www.deedeeparis.com\/blog\/wp-content\/uploads\/2015\/03\/carte-paris-dessin-main-08-1024x682-600x400.jpg 600w, https:\/\/www.deedeeparis.com\/blog\/wp-content\/uploads\/2015\/03\/carte-paris-dessin-main-08-1024x682-768x512.jpg 768w, https:\/\/www.deedeeparis.com\/blog\/wp-content\/uploads\/2015\/03\/carte-paris-dessin-main-08-1024x682-500x333.jpg 500w, https:\/\/www.deedeeparis.com\/blog\/wp-content\/uploads\/2015\/03\/carte-paris-dessin-main-08-1024x682.jpg 1024w\" sizes=\"auto, (max-width: 600px) 100vw, 600px\" \/><\/a><\/p>\n<p><strong>La collec\u2019 Thomsen pour Monoprix<\/strong><\/p>\n<p><a href=\"https:\/\/www.deedeeparis.com\/blog\/wp-content\/uploads\/2015\/03\/thomsen-x-Monoprix.jpg\"><img loading=\"lazy\" decoding=\"async\" class=\" size-full wp-image-31641 aligncenter\" src=\"https:\/\/www.deedeeparis.com\/blog\/wp-content\/uploads\/2015\/03\/thomsen-x-Monoprix.jpg\" alt=\"thomsen x Monoprix\" width=\"500\" height=\"649\" \/><\/a><\/p>\n<p>Depuis quelques jours, on peut trouver chez Monoprix les pi\u00e8ces de la collec cr\u00e9\u00e9e en exclusivit\u00e9 par Thomsen. Je n&rsquo;ai pas encore eu l&rsquo;occasion d&rsquo;aller voir \u00e7a de plus pr\u00e8s, mais avouez que les images qui suivent sont sacr\u00e9ment app\u00e9tissantes&#8230;<\/p>\n<p><a href=\"https:\/\/www.deedeeparis.com\/blog\/wp-content\/uploads\/2015\/03\/thomsen-x-Monoprix-3.jpg\"><img loading=\"lazy\" decoding=\"async\" class=\" size-full wp-image-31638 aligncenter\" src=\"https:\/\/www.deedeeparis.com\/blog\/wp-content\/uploads\/2015\/03\/thomsen-x-Monoprix-3.jpg\" alt=\"thomsen x Monoprix 3\" width=\"500\" height=\"649\" \/><\/a> <a href=\"https:\/\/www.deedeeparis.com\/blog\/wp-content\/uploads\/2015\/03\/thomsen-x-Monoprix-2.jpg\"><img loading=\"lazy\" decoding=\"async\" class=\" size-full wp-image-31639 aligncenter\" src=\"https:\/\/www.deedeeparis.com\/blog\/wp-content\/uploads\/2015\/03\/thomsen-x-Monoprix-2.jpg\" alt=\"thomsen x Monoprix 2\" width=\"500\" height=\"649\" \/><\/a> <a href=\"https:\/\/www.deedeeparis.com\/blog\/wp-content\/uploads\/2015\/03\/thomsen-x-Monoprix-4.jpg\"><img loading=\"lazy\" decoding=\"async\" class=\" size-full wp-image-31637 aligncenter\" src=\"https:\/\/www.deedeeparis.com\/blog\/wp-content\/uploads\/2015\/03\/thomsen-x-Monoprix-4.jpg\" alt=\"thomsen x Monoprix 4\" width=\"500\" height=\"649\" \/><\/a><\/p>\n<p>&nbsp;<\/p>\n<h4>La campagne Skin Checker de La Roche-Posay<\/h4>\n<p><iframe loading=\"lazy\" src=\"https:\/\/www.youtube.com\/embed\/k-G1ygh6bwE\" width=\"600\" height=\"338\" frameborder=\"0\" allowfullscreen=\"allowfullscreen\"><\/iframe><\/p>\n<p>La marque lance <a title=\"Skin Checker\" href=\"http:\/\/www.laroche-posay.fr\/article\/skinchecker-home\/a17029.aspx\" target=\"_blank\">une campagne<\/a> plut\u00f4t bien ficel\u00e9e pour la pr\u00e9vention du cancer de la peau : partant du constat que 90% des cancers de la peau sont soign\u00e9s lorsqu&rsquo;ils sont pris \u00e0 temps,\u00a0elle nous incite \u00e0 surveiller nos grains de beaut\u00e9 mais aussi ceux de nos proches. Le tout est trait\u00e9 de mani\u00e8re l\u00e9g\u00e8re sans \u00eatre incons\u00e9quente.. J&rsquo;aime !<\/p>\n<h4>DIY : les pots suspendus<\/h4>\n<p style=\"text-align: center;\"><a href=\"https:\/\/www.deedeeparis.com\/blog\/wp-content\/uploads\/2015\/03\/DIY-pots-suspendus.png\"><img loading=\"lazy\" decoding=\"async\" class=\" size-full wp-image-31649 aligncenter\" src=\"https:\/\/www.deedeeparis.com\/blog\/wp-content\/uploads\/2015\/03\/DIY-pots-suspendus.png\" alt=\"DIY pots suspendus\" width=\"550\" height=\"841\" srcset=\"https:\/\/www.deedeeparis.com\/blog\/wp-content\/uploads\/2015\/03\/DIY-pots-suspendus.png 550w, https:\/\/www.deedeeparis.com\/blog\/wp-content\/uploads\/2015\/03\/DIY-pots-suspendus-500x765.png 500w\" sizes=\"auto, (max-width: 550px) 100vw, 550px\" \/><\/a><em>\u00a0\u00a9<a title=\"Oh JOy\" href=\"http:\/\/ohjoy.blogs.com\/my_weblog\/2014\/10\/marbled-hanging-planter-diy.html\" target=\"_blank\">OhJoy<\/a><\/em><\/p>\n<p>Des pots suspendus ? Oui, mais pas n&rsquo;importe lesquels ! Ceux-ci sont teintes fa\u00e7ons tie and dye gr\u00e2ce \u00e0&#8230; du vernis \u00e0 ongles. Joli !<\/p>\n<p><a href=\"https:\/\/www.deedeeparis.com\/blog\/wp-content\/uploads\/2015\/03\/DIY.jpg\"><img loading=\"lazy\" decoding=\"async\" class=\" size-full wp-image-31648 aligncenter\" src=\"https:\/\/www.deedeeparis.com\/blog\/wp-content\/uploads\/2015\/03\/DIY.jpg\" alt=\"DIY\" width=\"550\" height=\"1159\" srcset=\"https:\/\/www.deedeeparis.com\/blog\/wp-content\/uploads\/2015\/03\/DIY.jpg 550w, https:\/\/www.deedeeparis.com\/blog\/wp-content\/uploads\/2015\/03\/DIY-500x1054.jpg 500w, https:\/\/www.deedeeparis.com\/blog\/wp-content\/uploads\/2015\/03\/DIY-486x1024.jpg 486w\" sizes=\"auto, (max-width: 550px) 100vw, 550px\" \/><\/a><\/p>\n<p style=\"text-align: center;\"><em>\u00a0\u00a9<a title=\"Oh JOy\" href=\"http:\/\/ohjoy.blogs.com\/my_weblog\/2014\/10\/marbled-hanging-planter-diy.html\" target=\"_blank\">OhJoy<\/a><\/em><\/p>\n<p>&nbsp;<\/p>\n<h4>H-Burns Night Moves<\/h4>\n<p>Parfait pour bien commencer la semaine, ce Night Moves, extrait de l&rsquo;album \u00e9ponyme de H-Burns sorti fin janvier. Merci G. pour la d\u00e9couverte !<\/p>\n<p><iframe loading=\"lazy\" src=\"https:\/\/www.youtube.com\/embed\/qIc0aQRE6nI\" width=\"600\" height=\"338\" frameborder=\"0\" allowfullscreen=\"allowfullscreen\"><\/iframe><\/p>\n<p>Joyeux lundi !<\/p>\n","protected":false},"excerpt":{"rendered":"<p>Nouvelle semaine&#8230; nouveaux coups de coeur ! Cette semaine, j&rsquo;aime : La nouvelle collection Albertine Tadaaa ! La nouvelle collection des maillots sign\u00e9s Albertine est arriv\u00e9e. Imprim\u00e9s color\u00e9s et r\u00e9jouissants, coupes parfaites&#8230; comme d&rsquo;habitude,\u00a0je les veux tous&#8230; C&rsquo;est quand l&rsquo;\u00e9t\u00e9, d\u00e9j\u00e0 ?! Valtags x Le Bon March\u00e9 Puisqu&rsquo;on en est \u00e0 parler plage, je vous [&hellip;]<\/p>\n","protected":false},"author":2,"featured_media":31636,"comment_status":"open","ping_status":"open","sticky":false,"template":"","format":"standard","meta":{"_acf_changed":false,"footnotes":""},"categories":[8],"tags":[880,4777,7205,7204,5460],"class_list":["post-31563","post","type-post","status-publish","format-standard","has-post-thumbnail","hentry","category-chroniques-de-paris","tag-albertine","tag-maillots-albertine","tag-skin-checker-la-roche-posay","tag-thomsen-pour-monoprix","tag-valtags"],"acf":[],"geo":null,"_links":{"self":[{"href":"https:\/\/www.deedeeparis.com\/blog\/wp-json\/wp\/v2\/posts\/31563","targetHints":{"allow":["GET"]}}],"collection":[{"href":"https:\/\/www.deedeeparis.com\/blog\/wp-json\/wp\/v2\/posts"}],"about":[{"href":"https:\/\/www.deedeeparis.com\/blog\/wp-json\/wp\/v2\/types\/post"}],"author":[{"embeddable":true,"href":"https:\/\/www.deedeeparis.com\/blog\/wp-json\/wp\/v2\/users\/2"}],"replies":[{"embeddable":true,"href":"https:\/\/www.deedeeparis.com\/blog\/wp-json\/wp\/v2\/comments?post=31563"}],"version-history":[{"count":5,"href":"https:\/\/www.deedeeparis.com\/blog\/wp-json\/wp\/v2\/posts\/31563\/revisions"}],"predecessor-version":[{"id":31650,"href":"https:\/\/www.deedeeparis.com\/blog\/wp-json\/wp\/v2\/posts\/31563\/revisions\/31650"}],"wp:featuredmedia":[{"embeddable":true,"href":"https:\/\/www.deedeeparis.com\/blog\/wp-json\/wp\/v2\/media\/31636"}],"wp:attachment":[{"href":"https:\/\/www.deedeeparis.com\/blog\/wp-json\/wp\/v2\/media?parent=31563"}],"wp:term":[{"taxonomy":"category","embeddable":true,"href":"https:\/\/www.deedeeparis.com\/blog\/wp-json\/wp\/v2\/categories?post=31563"},{"taxonomy":"post_tag","embeddable":true,"href":"https:\/\/www.deedeeparis.com\/blog\/wp-json\/wp\/v2\/tags?post=31563"}],"curies":[{"name":"wp","href":"https:\/\/api.w.org\/{rel}","templated":true}]}}